{"id":12651,"date":"2025-03-20T07:57:34","date_gmt":"2025-03-20T06:57:34","guid":{"rendered":"https:\/\/etival.fr\/?p=12651"},"modified":"2025-03-21T07:58:05","modified_gmt":"2025-03-21T06:58:05","slug":"une-premiere-a-etival-clairefontaine-le-championnat-des-vosges-de-tir-vitesse-olympique","status":"publish","type":"post","link":"https:\/\/etival.fr\/?p=12651","title":{"rendered":"Une premi\u00e8re \u00e0 Etival-Clairefontaine : le championnat des Vosges de Tir vitesse Olympique."},"content":{"rendered":"\n<figure class=\"wp-block-image size-large\"><a href=\"https:\/\/etival.fr\/wp-content\/uploads\/2025\/03\/AFFICHE-A3-scaled.jpg\"><img loading=\"lazy\" decoding=\"async\" width=\"724\" height=\"1024\" src=\"https:\/\/etival.fr\/wp-content\/uploads\/2025\/03\/AFFICHE-A3-724x1024.jpg\" alt=\"\" class=\"wp-image-12652\" srcset=\"https:\/\/etival.fr\/wp-content\/uploads\/2025\/03\/AFFICHE-A3-724x1024.jpg 724w, https:\/\/etival.fr\/wp-content\/uploads\/2025\/03\/AFFICHE-A3-212x300.jpg 212w, https:\/\/etival.fr\/wp-content\/uploads\/2025\/03\/AFFICHE-A3-768x1086.jpg 768w, https:\/\/etival.fr\/wp-content\/uploads\/2025\/03\/AFFICHE-A3-1086x1536.jpg 1086w, https:\/\/etival.fr\/wp-content\/uploads\/2025\/03\/AFFICHE-A3-1448x2048.jpg 1448w, https:\/\/etival.fr\/wp-content\/uploads\/2025\/03\/AFFICHE-A3-624x882.jpg 624w, https:\/\/etival.fr\/wp-content\/uploads\/2025\/03\/AFFICHE-A3-scaled.jpg 1810w\" sizes=\"auto, (max-width: 724px) 100vw, 724px\" \/><\/a><\/figure>\n","protected":false},"excerpt":{"rendered":"","protected":false},"author":2,"featured_media":0,"comment_status":"closed","ping_status":"open","sticky":false,"template":"","format":"standard","meta":{"footnotes":""},"categories":[5],"tags":[],"class_list":["post-12651","post","type-post","status-publish","format-standard","hentry","category-informations-associations"],"yoast_head":"<!-- This site is optimized with the Yoast SEO plugin v26.8 - https:\/\/yoast.com\/product\/yoast-seo-wordpress\/ -->\n<title>Une premi\u00e8re \u00e0 Etival-Clairefontaine : le championnat des Vosges de Tir vitesse Olympique. - Etival-Clairefontaine<\/title>\n<meta name=\"robots\" content=\"index, follow, max-snippet:-1, max-image-preview:large, max-video-preview:-1\" \/>\n<link rel=\"canonical\" href=\"https:\/\/etival.fr\/?p=12651\" \/>\n<meta property=\"og:locale\" content=\"fr_FR\" \/>\n<meta property=\"og:type\" content=\"article\" \/>\n<meta property=\"og:title\" content=\"Une premi\u00e8re \u00e0 Etival-Clairefontaine : le championnat des Vosges de Tir vitesse Olympique. - Etival-Clairefontaine\" \/>\n<meta property=\"og:url\" content=\"https:\/\/etival.fr\/?p=12651\" \/>\n<meta property=\"og:site_name\" content=\"Etival-Clairefontaine\" \/>\n<meta property=\"article:published_time\" content=\"2025-03-20T06:57:34+00:00\" \/>\n<meta property=\"article:modified_time\" content=\"2025-03-21T06:58:05+00:00\" \/>\n<meta property=\"og:image\" content=\"https:\/\/etival.fr\/wp-content\/uploads\/2025\/03\/AFFICHE-A3-scaled.jpg\" \/>\n\t<meta property=\"og:image:width\" content=\"1810\" \/>\n\t<meta property=\"og:image:height\" content=\"2560\" \/>\n\t<meta property=\"og:image:type\" content=\"image\/jpeg\" \/>\n<meta name=\"author\" content=\"Catherine\" \/>\n<meta name=\"twitter:card\" content=\"summary_large_image\" \/>\n<meta name=\"twitter:label1\" content=\"\u00c9crit par\" \/>\n\t<meta name=\"twitter:data1\" content=\"Catherine\" \/>\n\t<meta name=\"twitter:label2\" content=\"Dur\u00e9e de lecture estim\u00e9e\" \/>\n\t<meta name=\"twitter:data2\" content=\"1 minute\" \/>\n<script type=\"application\/ld+json\" class=\"yoast-schema-graph\">{\"@context\":\"https:\/\/schema.org\",\"@graph\":[{\"@type\":\"Article\",\"@id\":\"https:\/\/etival.fr\/?p=12651#article\",\"isPartOf\":{\"@id\":\"https:\/\/etival.fr\/?p=12651\"},\"author\":{\"name\":\"Catherine\",\"@id\":\"https:\/\/etival.fr\/#\/schema\/person\/966767531f422984430588510b8d4c3f\"},\"headline\":\"Une premi\u00e8re \u00e0 Etival-Clairefontaine : le championnat des Vosges de Tir vitesse Olympique.\",\"datePublished\":\"2025-03-20T06:57:34+00:00\",\"dateModified\":\"2025-03-21T06:58:05+00:00\",\"mainEntityOfPage\":{\"@id\":\"https:\/\/etival.fr\/?p=12651\"},\"wordCount\":12,\"image\":{\"@id\":\"https:\/\/etival.fr\/?p=12651#primaryimage\"},\"thumbnailUrl\":\"https:\/\/etival.fr\/wp-content\/uploads\/2025\/03\/AFFICHE-A3-724x1024.jpg\",\"articleSection\":[\"Informations Associations\"],\"inLanguage\":\"fr-FR\"},{\"@type\":\"WebPage\",\"@id\":\"https:\/\/etival.fr\/?p=12651\",\"url\":\"https:\/\/etival.fr\/?p=12651\",\"name\":\"Une premi\u00e8re \u00e0 Etival-Clairefontaine : le championnat des Vosges de Tir vitesse Olympique. - Etival-Clairefontaine\",\"isPartOf\":{\"@id\":\"https:\/\/etival.fr\/#website\"},\"primaryImageOfPage\":{\"@id\":\"https:\/\/etival.fr\/?p=12651#primaryimage\"},\"image\":{\"@id\":\"https:\/\/etival.fr\/?p=12651#primaryimage\"},\"thumbnailUrl\":\"https:\/\/etival.fr\/wp-content\/uploads\/2025\/03\/AFFICHE-A3-724x1024.jpg\",\"datePublished\":\"2025-03-20T06:57:34+00:00\",\"dateModified\":\"2025-03-21T06:58:05+00:00\",\"author\":{\"@id\":\"https:\/\/etival.fr\/#\/schema\/person\/966767531f422984430588510b8d4c3f\"},\"breadcrumb\":{\"@id\":\"https:\/\/etival.fr\/?p=12651#breadcrumb\"},\"inLanguage\":\"fr-FR\",\"potentialAction\":[{\"@type\":\"ReadAction\",\"target\":[\"https:\/\/etival.fr\/?p=12651\"]}]},{\"@type\":\"ImageObject\",\"inLanguage\":\"fr-FR\",\"@id\":\"https:\/\/etival.fr\/?p=12651#primaryimage\",\"url\":\"https:\/\/etival.fr\/wp-content\/uploads\/2025\/03\/AFFICHE-A3-scaled.jpg\",\"contentUrl\":\"https:\/\/etival.fr\/wp-content\/uploads\/2025\/03\/AFFICHE-A3-scaled.jpg\",\"width\":1810,\"height\":2560},{\"@type\":\"BreadcrumbList\",\"@id\":\"https:\/\/etival.fr\/?p=12651#breadcrumb\",\"itemListElement\":[{\"@type\":\"ListItem\",\"position\":1,\"name\":\"Accueil\",\"item\":\"https:\/\/etival.fr\/\"},{\"@type\":\"ListItem\",\"position\":2,\"name\":\"Une premi\u00e8re \u00e0 Etival-Clairefontaine : le championnat des Vosges de Tir vitesse Olympique.\"}]},{\"@type\":\"WebSite\",\"@id\":\"https:\/\/etival.fr\/#website\",\"url\":\"https:\/\/etival.fr\/\",\"name\":\"Etival-Clairefontaine\",\"description\":\"Informations et actualit\u00e9s de la commune\",\"potentialAction\":[{\"@type\":\"SearchAction\",\"target\":{\"@type\":\"EntryPoint\",\"urlTemplate\":\"https:\/\/etival.fr\/?s={search_term_string}\"},\"query-input\":{\"@type\":\"PropertyValueSpecification\",\"valueRequired\":true,\"valueName\":\"search_term_string\"}}],\"inLanguage\":\"fr-FR\"},{\"@type\":\"Person\",\"@id\":\"https:\/\/etival.fr\/#\/schema\/person\/966767531f422984430588510b8d4c3f\",\"name\":\"Catherine\",\"image\":{\"@type\":\"ImageObject\",\"inLanguage\":\"fr-FR\",\"@id\":\"https:\/\/etival.fr\/#\/schema\/person\/image\/\",\"url\":\"https:\/\/secure.gravatar.com\/avatar\/b99eff3bf59bd614e6c532df451dc649?s=96&d=mm&r=g\",\"contentUrl\":\"https:\/\/secure.gravatar.com\/avatar\/b99eff3bf59bd614e6c532df451dc649?s=96&d=mm&r=g\",\"caption\":\"Catherine\"},\"url\":\"https:\/\/etival.fr\/?author=2\"}]}<\/script>\n<!-- \/ Yoast SEO plugin. -->","yoast_head_json":{"title":"Une premi\u00e8re \u00e0 Etival-Clairefontaine : le championnat des Vosges de Tir vitesse Olympique. - Etival-Clairefontaine","robots":{"index":"index","follow":"follow","max-snippet":"max-snippet:-1","max-image-preview":"max-image-preview:large","max-video-preview":"max-video-preview:-1"},"canonical":"https:\/\/etival.fr\/?p=12651","og_locale":"fr_FR","og_type":"article","og_title":"Une premi\u00e8re \u00e0 Etival-Clairefontaine : le championnat des Vosges de Tir vitesse Olympique. - Etival-Clairefontaine","og_url":"https:\/\/etival.fr\/?p=12651","og_site_name":"Etival-Clairefontaine","article_published_time":"2025-03-20T06:57:34+00:00","article_modified_time":"2025-03-21T06:58:05+00:00","og_image":[{"width":1810,"height":2560,"url":"https:\/\/etival.fr\/wp-content\/uploads\/2025\/03\/AFFICHE-A3-scaled.jpg","type":"image\/jpeg"}],"author":"Catherine","twitter_card":"summary_large_image","twitter_misc":{"\u00c9crit par":"Catherine","Dur\u00e9e de lecture estim\u00e9e":"1 minute"},"schema":{"@context":"https:\/\/schema.org","@graph":[{"@type":"Article","@id":"https:\/\/etival.fr\/?p=12651#article","isPartOf":{"@id":"https:\/\/etival.fr\/?p=12651"},"author":{"name":"Catherine","@id":"https:\/\/etival.fr\/#\/schema\/person\/966767531f422984430588510b8d4c3f"},"headline":"Une premi\u00e8re \u00e0 Etival-Clairefontaine : le championnat des Vosges de Tir vitesse Olympique.","datePublished":"2025-03-20T06:57:34+00:00","dateModified":"2025-03-21T06:58:05+00:00","mainEntityOfPage":{"@id":"https:\/\/etival.fr\/?p=12651"},"wordCount":12,"image":{"@id":"https:\/\/etival.fr\/?p=12651#primaryimage"},"thumbnailUrl":"https:\/\/etival.fr\/wp-content\/uploads\/2025\/03\/AFFICHE-A3-724x1024.jpg","articleSection":["Informations Associations"],"inLanguage":"fr-FR"},{"@type":"WebPage","@id":"https:\/\/etival.fr\/?p=12651","url":"https:\/\/etival.fr\/?p=12651","name":"Une premi\u00e8re \u00e0 Etival-Clairefontaine : le championnat des Vosges de Tir vitesse Olympique. - Etival-Clairefontaine","isPartOf":{"@id":"https:\/\/etival.fr\/#website"},"primaryImageOfPage":{"@id":"https:\/\/etival.fr\/?p=12651#primaryimage"},"image":{"@id":"https:\/\/etival.fr\/?p=12651#primaryimage"},"thumbnailUrl":"https:\/\/etival.fr\/wp-content\/uploads\/2025\/03\/AFFICHE-A3-724x1024.jpg","datePublished":"2025-03-20T06:57:34+00:00","dateModified":"2025-03-21T06:58:05+00:00","author":{"@id":"https:\/\/etival.fr\/#\/schema\/person\/966767531f422984430588510b8d4c3f"},"breadcrumb":{"@id":"https:\/\/etival.fr\/?p=12651#breadcrumb"},"inLanguage":"fr-FR","potentialAction":[{"@type":"ReadAction","target":["https:\/\/etival.fr\/?p=12651"]}]},{"@type":"ImageObject","inLanguage":"fr-FR","@id":"https:\/\/etival.fr\/?p=12651#primaryimage","url":"https:\/\/etival.fr\/wp-content\/uploads\/2025\/03\/AFFICHE-A3-scaled.jpg","contentUrl":"https:\/\/etival.fr\/wp-content\/uploads\/2025\/03\/AFFICHE-A3-scaled.jpg","width":1810,"height":2560},{"@type":"BreadcrumbList","@id":"https:\/\/etival.fr\/?p=12651#breadcrumb","itemListElement":[{"@type":"ListItem","position":1,"name":"Accueil","item":"https:\/\/etival.fr\/"},{"@type":"ListItem","position":2,"name":"Une premi\u00e8re \u00e0 Etival-Clairefontaine : le championnat des Vosges de Tir vitesse Olympique."}]},{"@type":"WebSite","@id":"https:\/\/etival.fr\/#website","url":"https:\/\/etival.fr\/","name":"Etival-Clairefontaine","description":"Informations et actualit\u00e9s de la commune","potentialAction":[{"@type":"SearchAction","target":{"@type":"EntryPoint","urlTemplate":"https:\/\/etival.fr\/?s={search_term_string}"},"query-input":{"@type":"PropertyValueSpecification","valueRequired":true,"valueName":"search_term_string"}}],"inLanguage":"fr-FR"},{"@type":"Person","@id":"https:\/\/etival.fr\/#\/schema\/person\/966767531f422984430588510b8d4c3f","name":"Catherine","image":{"@type":"ImageObject","inLanguage":"fr-FR","@id":"https:\/\/etival.fr\/#\/schema\/person\/image\/","url":"https:\/\/secure.gravatar.com\/avatar\/b99eff3bf59bd614e6c532df451dc649?s=96&d=mm&r=g","contentUrl":"https:\/\/secure.gravatar.com\/avatar\/b99eff3bf59bd614e6c532df451dc649?s=96&d=mm&r=g","caption":"Catherine"},"url":"https:\/\/etival.fr\/?author=2"}]}},"_links":{"self":[{"href":"https:\/\/etival.fr\/index.php?rest_route=\/wp\/v2\/posts\/12651","targetHints":{"allow":["GET"]}}],"collection":[{"href":"https:\/\/etival.fr\/index.php?rest_route=\/wp\/v2\/posts"}],"about":[{"href":"https:\/\/etival.fr\/index.php?rest_route=\/wp\/v2\/types\/post"}],"author":[{"embeddable":true,"href":"https:\/\/etival.fr\/index.php?rest_route=\/wp\/v2\/users\/2"}],"replies":[{"embeddable":true,"href":"https:\/\/etival.fr\/index.php?rest_route=%2Fwp%2Fv2%2Fcomments&post=12651"}],"version-history":[{"count":1,"href":"https:\/\/etival.fr\/index.php?rest_route=\/wp\/v2\/posts\/12651\/revisions"}],"predecessor-version":[{"id":12653,"href":"https:\/\/etival.fr\/index.php?rest_route=\/wp\/v2\/posts\/12651\/revisions\/12653"}],"wp:attachment":[{"href":"https:\/\/etival.fr\/index.php?rest_route=%2Fwp%2Fv2%2Fmedia&parent=12651"}],"wp:term":[{"taxonomy":"category","embeddable":true,"href":"https:\/\/etival.fr\/index.php?rest_route=%2Fwp%2Fv2%2Fcategories&post=12651"},{"taxonomy":"post_tag","embeddable":true,"href":"https:\/\/etival.fr\/index.php?rest_route=%2Fwp%2Fv2%2Ftags&post=12651"}],"curies":[{"name":"wp","href":"https:\/\/api.w.org\/{rel}","templated":true}]}}