{"id":12676,"date":"2025-04-07T07:32:04","date_gmt":"2025-04-07T06:32:04","guid":{"rendered":"https:\/\/etival.fr\/?p=12676"},"modified":"2025-04-07T10:19:31","modified_gmt":"2025-04-07T09:19:31","slug":"recrutement-de-policier-adjoint","status":"publish","type":"post","link":"https:\/\/etival.fr\/?p=12676","title":{"rendered":"Recrutement de policier adjoint"},"content":{"rendered":"\n<figure class=\"wp-block-gallery has-nested-images columns-default is-cropped wp-block-gallery-1 is-layout-flex wp-block-gallery-is-layout-flex\">\n<figure class=\"wp-block-image size-large\"><a href=\"https:\/\/etival.fr\/wp-content\/uploads\/2025\/04\/Affiche-A3-PA-avec-num-scaled.jpg\"><img loading=\"lazy\" decoding=\"async\" width=\"724\" height=\"1024\" data-id=\"12679\" src=\"https:\/\/etival.fr\/wp-content\/uploads\/2025\/04\/Affiche-A3-PA-avec-num-724x1024.jpg\" alt=\"\" class=\"wp-image-12679\" srcset=\"https:\/\/etival.fr\/wp-content\/uploads\/2025\/04\/Affiche-A3-PA-avec-num-724x1024.jpg 724w, https:\/\/etival.fr\/wp-content\/uploads\/2025\/04\/Affiche-A3-PA-avec-num-212x300.jpg 212w, https:\/\/etival.fr\/wp-content\/uploads\/2025\/04\/Affiche-A3-PA-avec-num-768x1086.jpg 768w, https:\/\/etival.fr\/wp-content\/uploads\/2025\/04\/Affiche-A3-PA-avec-num-1086x1536.jpg 1086w, https:\/\/etival.fr\/wp-content\/uploads\/2025\/04\/Affiche-A3-PA-avec-num-1448x2048.jpg 1448w, https:\/\/etival.fr\/wp-content\/uploads\/2025\/04\/Affiche-A3-PA-avec-num-624x882.jpg 624w, https:\/\/etival.fr\/wp-content\/uploads\/2025\/04\/Affiche-A3-PA-avec-num-scaled.jpg 1810w\" sizes=\"auto, (max-width: 724px) 100vw, 724px\" \/><\/a><\/figure>\n\n\n\n<figure class=\"wp-block-image size-large\"><a href=\"https:\/\/etival.fr\/wp-content\/uploads\/2025\/04\/flyer-PA-v2-1-scaled.jpg\"><img loading=\"lazy\" decoding=\"async\" width=\"1024\" height=\"724\" data-id=\"12678\" src=\"https:\/\/etival.fr\/wp-content\/uploads\/2025\/04\/flyer-PA-v2-1-1024x724.jpg\" alt=\"\" class=\"wp-image-12678\" srcset=\"https:\/\/etival.fr\/wp-content\/uploads\/2025\/04\/flyer-PA-v2-1-1024x724.jpg 1024w, https:\/\/etival.fr\/wp-content\/uploads\/2025\/04\/flyer-PA-v2-1-300x212.jpg 300w, https:\/\/etival.fr\/wp-content\/uploads\/2025\/04\/flyer-PA-v2-1-768x543.jpg 768w, https:\/\/etival.fr\/wp-content\/uploads\/2025\/04\/flyer-PA-v2-1-1536x1086.jpg 1536w, https:\/\/etival.fr\/wp-content\/uploads\/2025\/04\/flyer-PA-v2-1-2048x1448.jpg 2048w, https:\/\/etival.fr\/wp-content\/uploads\/2025\/04\/flyer-PA-v2-1-624x441.jpg 624w\" sizes=\"auto, (max-width: 1024px) 100vw, 1024px\" \/><\/a><\/figure>\n\n\n\n<figure class=\"wp-block-image size-large\"><a href=\"https:\/\/etival.fr\/wp-content\/uploads\/2025\/04\/flyer-PA-v2-2-scaled.jpg\"><img loading=\"lazy\" decoding=\"async\" width=\"1024\" height=\"724\" data-id=\"12677\" src=\"https:\/\/etival.fr\/wp-content\/uploads\/2025\/04\/flyer-PA-v2-2-1024x724.jpg\" alt=\"\" class=\"wp-image-12677\" srcset=\"https:\/\/etival.fr\/wp-content\/uploads\/2025\/04\/flyer-PA-v2-2-1024x724.jpg 1024w, https:\/\/etival.fr\/wp-content\/uploads\/2025\/04\/flyer-PA-v2-2-300x212.jpg 300w, https:\/\/etival.fr\/wp-content\/uploads\/2025\/04\/flyer-PA-v2-2-768x543.jpg 768w, https:\/\/etival.fr\/wp-content\/uploads\/2025\/04\/flyer-PA-v2-2-1536x1086.jpg 1536w, https:\/\/etival.fr\/wp-content\/uploads\/2025\/04\/flyer-PA-v2-2-2048x1448.jpg 2048w, https:\/\/etival.fr\/wp-content\/uploads\/2025\/04\/flyer-PA-v2-2-624x441.jpg 624w\" sizes=\"auto, (max-width: 1024px) 100vw, 1024px\" \/><\/a><\/figure>\n<\/figure>\n\n\n\n<p>Renseignements : Brigadier Chef &#8211; O.P.J. R\u00e9f\u00e9rent S\u00fbret\u00e9 &#8211; Officier de Pr\u00e9vention &#8211; PFAD<br>Charg\u00e9 de communication &#8211; ETAT MAJOR DDPN88<br>H\u00f4tel de Police &#8211; 2, place Cl\u00e9menceau &#8211; 88000 Epinal<br>T\u00e9l : 03.29.69.17.53 &#8211; 07.72.13.45.43<\/p>\n\n\n\n<p><\/p>\n","protected":false},"excerpt":{"rendered":"<p>Renseignements : Brigadier Chef &#8211; O.P.J. R\u00e9f\u00e9rent S\u00fbret\u00e9 &#8211; Officier de Pr\u00e9vention &#8211; PFADCharg\u00e9 de communication &#8211; ETAT MAJOR DDPN88H\u00f4tel de Police &#8211; 2, place Cl\u00e9menceau &#8211; 88000 EpinalT\u00e9l : 03.29.69.17.53 &#8211; 07.72.13.45.43<\/p>\n","protected":false},"author":2,"featured_media":0,"comment_status":"closed","ping_status":"open","sticky":false,"template":"","format":"standard","meta":{"footnotes":""},"categories":[6],"tags":[],"class_list":["post-12676","post","type-post","status-publish","format-standard","hentry","category-informations-municipales"],"yoast_head":"<!-- This site is optimized with the Yoast SEO plugin v26.8 - https:\/\/yoast.com\/product\/yoast-seo-wordpress\/ -->\n<title>Recrutement de policier adjoint - Etival-Clairefontaine<\/title>\n<meta name=\"robots\" content=\"index, follow, max-snippet:-1, max-image-preview:large, max-video-preview:-1\" \/>\n<link rel=\"canonical\" href=\"https:\/\/etival.fr\/?p=12676\" \/>\n<meta property=\"og:locale\" content=\"fr_FR\" \/>\n<meta property=\"og:type\" content=\"article\" \/>\n<meta property=\"og:title\" content=\"Recrutement de policier adjoint - Etival-Clairefontaine\" \/>\n<meta property=\"og:description\" content=\"Renseignements : Brigadier Chef &#8211; O.P.J. R\u00e9f\u00e9rent S\u00fbret\u00e9 &#8211; Officier de Pr\u00e9vention &#8211; PFADCharg\u00e9 de communication &#8211; ETAT MAJOR DDPN88H\u00f4tel de Police &#8211; 2, place Cl\u00e9menceau &#8211; 88000 EpinalT\u00e9l : 03.29.69.17.53 &#8211; 07.72.13.45.43\" \/>\n<meta property=\"og:url\" content=\"https:\/\/etival.fr\/?p=12676\" \/>\n<meta property=\"og:site_name\" content=\"Etival-Clairefontaine\" \/>\n<meta property=\"article:published_time\" content=\"2025-04-07T06:32:04+00:00\" \/>\n<meta property=\"article:modified_time\" content=\"2025-04-07T09:19:31+00:00\" \/>\n<meta property=\"og:image\" content=\"https:\/\/etival.fr\/wp-content\/uploads\/2025\/04\/Affiche-A3-PA-avec-num-scaled.jpg\" \/>\n\t<meta property=\"og:image:width\" content=\"1810\" \/>\n\t<meta property=\"og:image:height\" content=\"2560\" \/>\n\t<meta property=\"og:image:type\" content=\"image\/jpeg\" \/>\n<meta name=\"author\" content=\"Catherine\" \/>\n<meta name=\"twitter:card\" content=\"summary_large_image\" \/>\n<meta name=\"twitter:label1\" content=\"\u00c9crit par\" \/>\n\t<meta name=\"twitter:data1\" content=\"Catherine\" \/>\n\t<meta name=\"twitter:label2\" content=\"Dur\u00e9e de lecture estim\u00e9e\" \/>\n\t<meta name=\"twitter:data2\" content=\"1 minute\" \/>\n<script type=\"application\/ld+json\" class=\"yoast-schema-graph\">{\"@context\":\"https:\/\/schema.org\",\"@graph\":[{\"@type\":\"Article\",\"@id\":\"https:\/\/etival.fr\/?p=12676#article\",\"isPartOf\":{\"@id\":\"https:\/\/etival.fr\/?p=12676\"},\"author\":{\"name\":\"Catherine\",\"@id\":\"https:\/\/etival.fr\/#\/schema\/person\/966767531f422984430588510b8d4c3f\"},\"headline\":\"Recrutement de policier adjoint\",\"datePublished\":\"2025-04-07T06:32:04+00:00\",\"dateModified\":\"2025-04-07T09:19:31+00:00\",\"mainEntityOfPage\":{\"@id\":\"https:\/\/etival.fr\/?p=12676\"},\"wordCount\":41,\"image\":{\"@id\":\"https:\/\/etival.fr\/?p=12676#primaryimage\"},\"thumbnailUrl\":\"https:\/\/etival.fr\/wp-content\/uploads\/2025\/04\/Affiche-A3-PA-avec-num-724x1024.jpg\",\"articleSection\":[\"Informations Municipales\"],\"inLanguage\":\"fr-FR\"},{\"@type\":\"WebPage\",\"@id\":\"https:\/\/etival.fr\/?p=12676\",\"url\":\"https:\/\/etival.fr\/?p=12676\",\"name\":\"Recrutement de policier adjoint - Etival-Clairefontaine\",\"isPartOf\":{\"@id\":\"https:\/\/etival.fr\/#website\"},\"primaryImageOfPage\":{\"@id\":\"https:\/\/etival.fr\/?p=12676#primaryimage\"},\"image\":{\"@id\":\"https:\/\/etival.fr\/?p=12676#primaryimage\"},\"thumbnailUrl\":\"https:\/\/etival.fr\/wp-content\/uploads\/2025\/04\/Affiche-A3-PA-avec-num-724x1024.jpg\",\"datePublished\":\"2025-04-07T06:32:04+00:00\",\"dateModified\":\"2025-04-07T09:19:31+00:00\",\"author\":{\"@id\":\"https:\/\/etival.fr\/#\/schema\/person\/966767531f422984430588510b8d4c3f\"},\"breadcrumb\":{\"@id\":\"https:\/\/etival.fr\/?p=12676#breadcrumb\"},\"inLanguage\":\"fr-FR\",\"potentialAction\":[{\"@type\":\"ReadAction\",\"target\":[\"https:\/\/etival.fr\/?p=12676\"]}]},{\"@type\":\"ImageObject\",\"inLanguage\":\"fr-FR\",\"@id\":\"https:\/\/etival.fr\/?p=12676#primaryimage\",\"url\":\"https:\/\/etival.fr\/wp-content\/uploads\/2025\/04\/Affiche-A3-PA-avec-num-scaled.jpg\",\"contentUrl\":\"https:\/\/etival.fr\/wp-content\/uploads\/2025\/04\/Affiche-A3-PA-avec-num-scaled.jpg\",\"width\":1810,\"height\":2560},{\"@type\":\"BreadcrumbList\",\"@id\":\"https:\/\/etival.fr\/?p=12676#breadcrumb\",\"itemListElement\":[{\"@type\":\"ListItem\",\"position\":1,\"name\":\"Accueil\",\"item\":\"https:\/\/etival.fr\/\"},{\"@type\":\"ListItem\",\"position\":2,\"name\":\"Recrutement de policier adjoint\"}]},{\"@type\":\"WebSite\",\"@id\":\"https:\/\/etival.fr\/#website\",\"url\":\"https:\/\/etival.fr\/\",\"name\":\"Etival-Clairefontaine\",\"description\":\"Informations et actualit\u00e9s de la commune\",\"potentialAction\":[{\"@type\":\"SearchAction\",\"target\":{\"@type\":\"EntryPoint\",\"urlTemplate\":\"https:\/\/etival.fr\/?s={search_term_string}\"},\"query-input\":{\"@type\":\"PropertyValueSpecification\",\"valueRequired\":true,\"valueName\":\"search_term_string\"}}],\"inLanguage\":\"fr-FR\"},{\"@type\":\"Person\",\"@id\":\"https:\/\/etival.fr\/#\/schema\/person\/966767531f422984430588510b8d4c3f\",\"name\":\"Catherine\",\"image\":{\"@type\":\"ImageObject\",\"inLanguage\":\"fr-FR\",\"@id\":\"https:\/\/etival.fr\/#\/schema\/person\/image\/\",\"url\":\"https:\/\/secure.gravatar.com\/avatar\/b99eff3bf59bd614e6c532df451dc649?s=96&d=mm&r=g\",\"contentUrl\":\"https:\/\/secure.gravatar.com\/avatar\/b99eff3bf59bd614e6c532df451dc649?s=96&d=mm&r=g\",\"caption\":\"Catherine\"},\"url\":\"https:\/\/etival.fr\/?author=2\"}]}<\/script>\n<!-- \/ Yoast SEO plugin. -->","yoast_head_json":{"title":"Recrutement de policier adjoint - Etival-Clairefontaine","robots":{"index":"index","follow":"follow","max-snippet":"max-snippet:-1","max-image-preview":"max-image-preview:large","max-video-preview":"max-video-preview:-1"},"canonical":"https:\/\/etival.fr\/?p=12676","og_locale":"fr_FR","og_type":"article","og_title":"Recrutement de policier adjoint - Etival-Clairefontaine","og_description":"Renseignements : Brigadier Chef &#8211; O.P.J. R\u00e9f\u00e9rent S\u00fbret\u00e9 &#8211; Officier de Pr\u00e9vention &#8211; PFADCharg\u00e9 de communication &#8211; ETAT MAJOR DDPN88H\u00f4tel de Police &#8211; 2, place Cl\u00e9menceau &#8211; 88000 EpinalT\u00e9l : 03.29.69.17.53 &#8211; 07.72.13.45.43","og_url":"https:\/\/etival.fr\/?p=12676","og_site_name":"Etival-Clairefontaine","article_published_time":"2025-04-07T06:32:04+00:00","article_modified_time":"2025-04-07T09:19:31+00:00","og_image":[{"width":1810,"height":2560,"url":"https:\/\/etival.fr\/wp-content\/uploads\/2025\/04\/Affiche-A3-PA-avec-num-scaled.jpg","type":"image\/jpeg"}],"author":"Catherine","twitter_card":"summary_large_image","twitter_misc":{"\u00c9crit par":"Catherine","Dur\u00e9e de lecture estim\u00e9e":"1 minute"},"schema":{"@context":"https:\/\/schema.org","@graph":[{"@type":"Article","@id":"https:\/\/etival.fr\/?p=12676#article","isPartOf":{"@id":"https:\/\/etival.fr\/?p=12676"},"author":{"name":"Catherine","@id":"https:\/\/etival.fr\/#\/schema\/person\/966767531f422984430588510b8d4c3f"},"headline":"Recrutement de policier adjoint","datePublished":"2025-04-07T06:32:04+00:00","dateModified":"2025-04-07T09:19:31+00:00","mainEntityOfPage":{"@id":"https:\/\/etival.fr\/?p=12676"},"wordCount":41,"image":{"@id":"https:\/\/etival.fr\/?p=12676#primaryimage"},"thumbnailUrl":"https:\/\/etival.fr\/wp-content\/uploads\/2025\/04\/Affiche-A3-PA-avec-num-724x1024.jpg","articleSection":["Informations Municipales"],"inLanguage":"fr-FR"},{"@type":"WebPage","@id":"https:\/\/etival.fr\/?p=12676","url":"https:\/\/etival.fr\/?p=12676","name":"Recrutement de policier adjoint - Etival-Clairefontaine","isPartOf":{"@id":"https:\/\/etival.fr\/#website"},"primaryImageOfPage":{"@id":"https:\/\/etival.fr\/?p=12676#primaryimage"},"image":{"@id":"https:\/\/etival.fr\/?p=12676#primaryimage"},"thumbnailUrl":"https:\/\/etival.fr\/wp-content\/uploads\/2025\/04\/Affiche-A3-PA-avec-num-724x1024.jpg","datePublished":"2025-04-07T06:32:04+00:00","dateModified":"2025-04-07T09:19:31+00:00","author":{"@id":"https:\/\/etival.fr\/#\/schema\/person\/966767531f422984430588510b8d4c3f"},"breadcrumb":{"@id":"https:\/\/etival.fr\/?p=12676#breadcrumb"},"inLanguage":"fr-FR","potentialAction":[{"@type":"ReadAction","target":["https:\/\/etival.fr\/?p=12676"]}]},{"@type":"ImageObject","inLanguage":"fr-FR","@id":"https:\/\/etival.fr\/?p=12676#primaryimage","url":"https:\/\/etival.fr\/wp-content\/uploads\/2025\/04\/Affiche-A3-PA-avec-num-scaled.jpg","contentUrl":"https:\/\/etival.fr\/wp-content\/uploads\/2025\/04\/Affiche-A3-PA-avec-num-scaled.jpg","width":1810,"height":2560},{"@type":"BreadcrumbList","@id":"https:\/\/etival.fr\/?p=12676#breadcrumb","itemListElement":[{"@type":"ListItem","position":1,"name":"Accueil","item":"https:\/\/etival.fr\/"},{"@type":"ListItem","position":2,"name":"Recrutement de policier adjoint"}]},{"@type":"WebSite","@id":"https:\/\/etival.fr\/#website","url":"https:\/\/etival.fr\/","name":"Etival-Clairefontaine","description":"Informations et actualit\u00e9s de la commune","potentialAction":[{"@type":"SearchAction","target":{"@type":"EntryPoint","urlTemplate":"https:\/\/etival.fr\/?s={search_term_string}"},"query-input":{"@type":"PropertyValueSpecification","valueRequired":true,"valueName":"search_term_string"}}],"inLanguage":"fr-FR"},{"@type":"Person","@id":"https:\/\/etival.fr\/#\/schema\/person\/966767531f422984430588510b8d4c3f","name":"Catherine","image":{"@type":"ImageObject","inLanguage":"fr-FR","@id":"https:\/\/etival.fr\/#\/schema\/person\/image\/","url":"https:\/\/secure.gravatar.com\/avatar\/b99eff3bf59bd614e6c532df451dc649?s=96&d=mm&r=g","contentUrl":"https:\/\/secure.gravatar.com\/avatar\/b99eff3bf59bd614e6c532df451dc649?s=96&d=mm&r=g","caption":"Catherine"},"url":"https:\/\/etival.fr\/?author=2"}]}},"_links":{"self":[{"href":"https:\/\/etival.fr\/index.php?rest_route=\/wp\/v2\/posts\/12676","targetHints":{"allow":["GET"]}}],"collection":[{"href":"https:\/\/etival.fr\/index.php?rest_route=\/wp\/v2\/posts"}],"about":[{"href":"https:\/\/etival.fr\/index.php?rest_route=\/wp\/v2\/types\/post"}],"author":[{"embeddable":true,"href":"https:\/\/etival.fr\/index.php?rest_route=\/wp\/v2\/users\/2"}],"replies":[{"embeddable":true,"href":"https:\/\/etival.fr\/index.php?rest_route=%2Fwp%2Fv2%2Fcomments&post=12676"}],"version-history":[{"count":3,"href":"https:\/\/etival.fr\/index.php?rest_route=\/wp\/v2\/posts\/12676\/revisions"}],"predecessor-version":[{"id":12683,"href":"https:\/\/etival.fr\/index.php?rest_route=\/wp\/v2\/posts\/12676\/revisions\/12683"}],"wp:attachment":[{"href":"https:\/\/etival.fr\/index.php?rest_route=%2Fwp%2Fv2%2Fmedia&parent=12676"}],"wp:term":[{"taxonomy":"category","embeddable":true,"href":"https:\/\/etival.fr\/index.php?rest_route=%2Fwp%2Fv2%2Fcategories&post=12676"},{"taxonomy":"post_tag","embeddable":true,"href":"https:\/\/etival.fr\/index.php?rest_route=%2Fwp%2Fv2%2Ftags&post=12676"}],"curies":[{"name":"wp","href":"https:\/\/api.w.org\/{rel}","templated":true}]}}