{"id":12687,"date":"2025-04-08T06:47:29","date_gmt":"2025-04-08T05:47:29","guid":{"rendered":"https:\/\/etival.fr\/?p=12687"},"modified":"2025-04-08T06:48:15","modified_gmt":"2025-04-08T05:48:15","slug":"concours-des-pratiques-agro-ecolgiques","status":"publish","type":"post","link":"https:\/\/etival.fr\/?p=12687","title":{"rendered":"Concours des pratiques Agro-\u00e9colgiques"},"content":{"rendered":"\n<p>Le Pays de la D\u00e9odatie et l&rsquo;agglom\u00e9ration de Saint-Di\u00e9-des-Vosges organisent un concours des prairies fleuries conjointement \u00e0 nos homologues alsaciens. <br>Les agriculteurs qui exploitent des prairies sont \u00e9ligibles \u00e0 ce concours.<br>Le gagnant d\u00e9fendra ensuite nos couleurs au prochain salon de l&rsquo;agriculture.<br><\/p>\n\n\n\n<figure class=\"wp-block-gallery has-nested-images columns-default is-cropped wp-block-gallery-1 is-layout-flex wp-block-gallery-is-layout-flex\">\n<figure class=\"wp-block-image size-large\"><a href=\"https:\/\/etival.fr\/wp-content\/uploads\/2025\/04\/Affche-public-pour-Vallee-de-la-Fave-de-la-Meurthe-et-de-la-Plaine-1-1.jpg\"><img loading=\"lazy\" decoding=\"async\" width=\"724\" height=\"1024\" data-id=\"12695\" src=\"https:\/\/etival.fr\/wp-content\/uploads\/2025\/04\/Affche-public-pour-Vallee-de-la-Fave-de-la-Meurthe-et-de-la-Plaine-1-1-724x1024.jpg\" alt=\"\" class=\"wp-image-12695\" srcset=\"https:\/\/etival.fr\/wp-content\/uploads\/2025\/04\/Affche-public-pour-Vallee-de-la-Fave-de-la-Meurthe-et-de-la-Plaine-1-1-724x1024.jpg 724w, https:\/\/etival.fr\/wp-content\/uploads\/2025\/04\/Affche-public-pour-Vallee-de-la-Fave-de-la-Meurthe-et-de-la-Plaine-1-1-212x300.jpg 212w, https:\/\/etival.fr\/wp-content\/uploads\/2025\/04\/Affche-public-pour-Vallee-de-la-Fave-de-la-Meurthe-et-de-la-Plaine-1-1-768x1086.jpg 768w, https:\/\/etival.fr\/wp-content\/uploads\/2025\/04\/Affche-public-pour-Vallee-de-la-Fave-de-la-Meurthe-et-de-la-Plaine-1-1-1086x1536.jpg 1086w, https:\/\/etival.fr\/wp-content\/uploads\/2025\/04\/Affche-public-pour-Vallee-de-la-Fave-de-la-Meurthe-et-de-la-Plaine-1-1-1448x2048.jpg 1448w, https:\/\/etival.fr\/wp-content\/uploads\/2025\/04\/Affche-public-pour-Vallee-de-la-Fave-de-la-Meurthe-et-de-la-Plaine-1-1-624x883.jpg 624w, https:\/\/etival.fr\/wp-content\/uploads\/2025\/04\/Affche-public-pour-Vallee-de-la-Fave-de-la-Meurthe-et-de-la-Plaine-1-1.jpg 1587w\" sizes=\"auto, (max-width: 724px) 100vw, 724px\" \/><\/a><\/figure>\n\n\n\n<figure class=\"wp-block-image size-large\"><a href=\"https:\/\/etival.fr\/wp-content\/uploads\/2025\/04\/Flyer-public-impression-pour-Vallee-de-la-Fave-Meurthe-et-Plaine-1-2-scaled.jpg\"><img loading=\"lazy\" decoding=\"async\" width=\"1024\" height=\"576\" data-id=\"12705\" src=\"https:\/\/etival.fr\/wp-content\/uploads\/2025\/04\/Flyer-public-impression-pour-Vallee-de-la-Fave-Meurthe-et-Plaine-1-2-1024x576.jpg\" alt=\"\" class=\"wp-image-12705\" srcset=\"https:\/\/etival.fr\/wp-content\/uploads\/2025\/04\/Flyer-public-impression-pour-Vallee-de-la-Fave-Meurthe-et-Plaine-1-2-1024x576.jpg 1024w, https:\/\/etival.fr\/wp-content\/uploads\/2025\/04\/Flyer-public-impression-pour-Vallee-de-la-Fave-Meurthe-et-Plaine-1-2-300x169.jpg 300w, https:\/\/etival.fr\/wp-content\/uploads\/2025\/04\/Flyer-public-impression-pour-Vallee-de-la-Fave-Meurthe-et-Plaine-1-2-768x432.jpg 768w, https:\/\/etival.fr\/wp-content\/uploads\/2025\/04\/Flyer-public-impression-pour-Vallee-de-la-Fave-Meurthe-et-Plaine-1-2-1536x864.jpg 1536w, https:\/\/etival.fr\/wp-content\/uploads\/2025\/04\/Flyer-public-impression-pour-Vallee-de-la-Fave-Meurthe-et-Plaine-1-2-2048x1152.jpg 2048w, https:\/\/etival.fr\/wp-content\/uploads\/2025\/04\/Flyer-public-impression-pour-Vallee-de-la-Fave-Meurthe-et-Plaine-1-2-624x351.jpg 624w\" sizes=\"auto, (max-width: 1024px) 100vw, 1024px\" \/><\/a><\/figure>\n\n\n\n<figure class=\"wp-block-image size-large\"><a href=\"https:\/\/etival.fr\/wp-content\/uploads\/2025\/04\/Flyer-public-impression-pour-Vallee-de-la-Fave-Meurthe-et-Plaine-2-2-scaled.jpg\"><img loading=\"lazy\" decoding=\"async\" width=\"1024\" height=\"576\" data-id=\"12706\" src=\"https:\/\/etival.fr\/wp-content\/uploads\/2025\/04\/Flyer-public-impression-pour-Vallee-de-la-Fave-Meurthe-et-Plaine-2-2-1024x576.jpg\" alt=\"\" class=\"wp-image-12706\" srcset=\"https:\/\/etival.fr\/wp-content\/uploads\/2025\/04\/Flyer-public-impression-pour-Vallee-de-la-Fave-Meurthe-et-Plaine-2-2-1024x576.jpg 1024w, https:\/\/etival.fr\/wp-content\/uploads\/2025\/04\/Flyer-public-impression-pour-Vallee-de-la-Fave-Meurthe-et-Plaine-2-2-300x169.jpg 300w, https:\/\/etival.fr\/wp-content\/uploads\/2025\/04\/Flyer-public-impression-pour-Vallee-de-la-Fave-Meurthe-et-Plaine-2-2-768x432.jpg 768w, https:\/\/etival.fr\/wp-content\/uploads\/2025\/04\/Flyer-public-impression-pour-Vallee-de-la-Fave-Meurthe-et-Plaine-2-2-1536x864.jpg 1536w, https:\/\/etival.fr\/wp-content\/uploads\/2025\/04\/Flyer-public-impression-pour-Vallee-de-la-Fave-Meurthe-et-Plaine-2-2-2048x1152.jpg 2048w, https:\/\/etival.fr\/wp-content\/uploads\/2025\/04\/Flyer-public-impression-pour-Vallee-de-la-Fave-Meurthe-et-Plaine-2-2-624x351.jpg 624w\" sizes=\"auto, (max-width: 1024px) 100vw, 1024px\" \/><\/a><\/figure>\n<\/figure>\n","protected":false},"excerpt":{"rendered":"<p>Le Pays de la D\u00e9odatie et l&rsquo;agglom\u00e9ration de Saint-Di\u00e9-des-Vosges organisent un concours des prairies fleuries conjointement \u00e0 nos homologues alsaciens. Les agriculteurs qui exploitent des prairies sont \u00e9ligibles \u00e0 ce concours.Le gagnant d\u00e9fendra ensuite nos couleurs au prochain salon de l&rsquo;agriculture.<\/p>\n","protected":false},"author":2,"featured_media":0,"comment_status":"closed","ping_status":"open","sticky":false,"template":"","format":"standard","meta":{"footnotes":""},"categories":[9],"tags":[],"class_list":["post-12687","post","type-post","status-publish","format-standard","hentry","category-communaute-dagglomeration-de-saint-die-des-vosges"],"yoast_head":"<!-- This site is optimized with the Yoast SEO plugin v26.8 - https:\/\/yoast.com\/product\/yoast-seo-wordpress\/ -->\n<title>Concours des pratiques Agro-\u00e9colgiques - Etival-Clairefontaine<\/title>\n<meta name=\"robots\" content=\"index, follow, max-snippet:-1, max-image-preview:large, max-video-preview:-1\" \/>\n<link rel=\"canonical\" href=\"https:\/\/etival.fr\/?p=12687\" \/>\n<meta property=\"og:locale\" content=\"fr_FR\" \/>\n<meta property=\"og:type\" content=\"article\" \/>\n<meta property=\"og:title\" content=\"Concours des pratiques Agro-\u00e9colgiques - Etival-Clairefontaine\" \/>\n<meta property=\"og:description\" content=\"Le Pays de la D\u00e9odatie et l&rsquo;agglom\u00e9ration de Saint-Di\u00e9-des-Vosges organisent un concours des prairies fleuries conjointement \u00e0 nos homologues alsaciens. Les agriculteurs qui exploitent des prairies sont \u00e9ligibles \u00e0 ce concours.Le gagnant d\u00e9fendra ensuite nos couleurs au prochain salon de l&rsquo;agriculture.\" \/>\n<meta property=\"og:url\" content=\"https:\/\/etival.fr\/?p=12687\" \/>\n<meta property=\"og:site_name\" content=\"Etival-Clairefontaine\" \/>\n<meta property=\"article:published_time\" content=\"2025-04-08T05:47:29+00:00\" \/>\n<meta property=\"article:modified_time\" content=\"2025-04-08T05:48:15+00:00\" \/>\n<meta property=\"og:image\" content=\"https:\/\/etival.fr\/wp-content\/uploads\/2025\/04\/Affche-public-pour-Vallee-de-la-Fave-de-la-Meurthe-et-de-la-Plaine-1-1.jpg\" \/>\n\t<meta property=\"og:image:width\" content=\"1587\" \/>\n\t<meta property=\"og:image:height\" content=\"2245\" \/>\n\t<meta property=\"og:image:type\" content=\"image\/jpeg\" \/>\n<meta name=\"author\" content=\"Catherine\" \/>\n<meta name=\"twitter:card\" content=\"summary_large_image\" \/>\n<meta name=\"twitter:label1\" content=\"\u00c9crit par\" \/>\n\t<meta name=\"twitter:data1\" content=\"Catherine\" \/>\n\t<meta name=\"twitter:label2\" content=\"Dur\u00e9e de lecture estim\u00e9e\" \/>\n\t<meta name=\"twitter:data2\" content=\"1 minute\" \/>\n<script type=\"application\/ld+json\" class=\"yoast-schema-graph\">{\"@context\":\"https:\/\/schema.org\",\"@graph\":[{\"@type\":\"Article\",\"@id\":\"https:\/\/etival.fr\/?p=12687#article\",\"isPartOf\":{\"@id\":\"https:\/\/etival.fr\/?p=12687\"},\"author\":{\"name\":\"Catherine\",\"@id\":\"https:\/\/etival.fr\/#\/schema\/person\/966767531f422984430588510b8d4c3f\"},\"headline\":\"Concours des pratiques Agro-\u00e9colgiques\",\"datePublished\":\"2025-04-08T05:47:29+00:00\",\"dateModified\":\"2025-04-08T05:48:15+00:00\",\"mainEntityOfPage\":{\"@id\":\"https:\/\/etival.fr\/?p=12687\"},\"wordCount\":51,\"image\":{\"@id\":\"https:\/\/etival.fr\/?p=12687#primaryimage\"},\"thumbnailUrl\":\"https:\/\/etival.fr\/wp-content\/uploads\/2025\/04\/Affche-public-pour-Vallee-de-la-Fave-de-la-Meurthe-et-de-la-Plaine-1-1-724x1024.jpg\",\"articleSection\":[\"Communaut\u00e9 d'Agglom\u00e9ration de Saint-Di\u00e9-Des-Vosges\"],\"inLanguage\":\"fr-FR\"},{\"@type\":\"WebPage\",\"@id\":\"https:\/\/etival.fr\/?p=12687\",\"url\":\"https:\/\/etival.fr\/?p=12687\",\"name\":\"Concours des pratiques Agro-\u00e9colgiques - Etival-Clairefontaine\",\"isPartOf\":{\"@id\":\"https:\/\/etival.fr\/#website\"},\"primaryImageOfPage\":{\"@id\":\"https:\/\/etival.fr\/?p=12687#primaryimage\"},\"image\":{\"@id\":\"https:\/\/etival.fr\/?p=12687#primaryimage\"},\"thumbnailUrl\":\"https:\/\/etival.fr\/wp-content\/uploads\/2025\/04\/Affche-public-pour-Vallee-de-la-Fave-de-la-Meurthe-et-de-la-Plaine-1-1-724x1024.jpg\",\"datePublished\":\"2025-04-08T05:47:29+00:00\",\"dateModified\":\"2025-04-08T05:48:15+00:00\",\"author\":{\"@id\":\"https:\/\/etival.fr\/#\/schema\/person\/966767531f422984430588510b8d4c3f\"},\"breadcrumb\":{\"@id\":\"https:\/\/etival.fr\/?p=12687#breadcrumb\"},\"inLanguage\":\"fr-FR\",\"potentialAction\":[{\"@type\":\"ReadAction\",\"target\":[\"https:\/\/etival.fr\/?p=12687\"]}]},{\"@type\":\"ImageObject\",\"inLanguage\":\"fr-FR\",\"@id\":\"https:\/\/etival.fr\/?p=12687#primaryimage\",\"url\":\"https:\/\/etival.fr\/wp-content\/uploads\/2025\/04\/Affche-public-pour-Vallee-de-la-Fave-de-la-Meurthe-et-de-la-Plaine-1-1.jpg\",\"contentUrl\":\"https:\/\/etival.fr\/wp-content\/uploads\/2025\/04\/Affche-public-pour-Vallee-de-la-Fave-de-la-Meurthe-et-de-la-Plaine-1-1.jpg\",\"width\":1587,\"height\":2245},{\"@type\":\"BreadcrumbList\",\"@id\":\"https:\/\/etival.fr\/?p=12687#breadcrumb\",\"itemListElement\":[{\"@type\":\"ListItem\",\"position\":1,\"name\":\"Accueil\",\"item\":\"https:\/\/etival.fr\/\"},{\"@type\":\"ListItem\",\"position\":2,\"name\":\"Concours des pratiques Agro-\u00e9colgiques\"}]},{\"@type\":\"WebSite\",\"@id\":\"https:\/\/etival.fr\/#website\",\"url\":\"https:\/\/etival.fr\/\",\"name\":\"Etival-Clairefontaine\",\"description\":\"Informations et actualit\u00e9s de la commune\",\"potentialAction\":[{\"@type\":\"SearchAction\",\"target\":{\"@type\":\"EntryPoint\",\"urlTemplate\":\"https:\/\/etival.fr\/?s={search_term_string}\"},\"query-input\":{\"@type\":\"PropertyValueSpecification\",\"valueRequired\":true,\"valueName\":\"search_term_string\"}}],\"inLanguage\":\"fr-FR\"},{\"@type\":\"Person\",\"@id\":\"https:\/\/etival.fr\/#\/schema\/person\/966767531f422984430588510b8d4c3f\",\"name\":\"Catherine\",\"image\":{\"@type\":\"ImageObject\",\"inLanguage\":\"fr-FR\",\"@id\":\"https:\/\/etival.fr\/#\/schema\/person\/image\/\",\"url\":\"https:\/\/secure.gravatar.com\/avatar\/b99eff3bf59bd614e6c532df451dc649?s=96&d=mm&r=g\",\"contentUrl\":\"https:\/\/secure.gravatar.com\/avatar\/b99eff3bf59bd614e6c532df451dc649?s=96&d=mm&r=g\",\"caption\":\"Catherine\"},\"url\":\"https:\/\/etival.fr\/?author=2\"}]}<\/script>\n<!-- \/ Yoast SEO plugin. -->","yoast_head_json":{"title":"Concours des pratiques Agro-\u00e9colgiques - Etival-Clairefontaine","robots":{"index":"index","follow":"follow","max-snippet":"max-snippet:-1","max-image-preview":"max-image-preview:large","max-video-preview":"max-video-preview:-1"},"canonical":"https:\/\/etival.fr\/?p=12687","og_locale":"fr_FR","og_type":"article","og_title":"Concours des pratiques Agro-\u00e9colgiques - Etival-Clairefontaine","og_description":"Le Pays de la D\u00e9odatie et l&rsquo;agglom\u00e9ration de Saint-Di\u00e9-des-Vosges organisent un concours des prairies fleuries conjointement \u00e0 nos homologues alsaciens. Les agriculteurs qui exploitent des prairies sont \u00e9ligibles \u00e0 ce concours.Le gagnant d\u00e9fendra ensuite nos couleurs au prochain salon de l&rsquo;agriculture.","og_url":"https:\/\/etival.fr\/?p=12687","og_site_name":"Etival-Clairefontaine","article_published_time":"2025-04-08T05:47:29+00:00","article_modified_time":"2025-04-08T05:48:15+00:00","og_image":[{"width":1587,"height":2245,"url":"https:\/\/etival.fr\/wp-content\/uploads\/2025\/04\/Affche-public-pour-Vallee-de-la-Fave-de-la-Meurthe-et-de-la-Plaine-1-1.jpg","type":"image\/jpeg"}],"author":"Catherine","twitter_card":"summary_large_image","twitter_misc":{"\u00c9crit par":"Catherine","Dur\u00e9e de lecture estim\u00e9e":"1 minute"},"schema":{"@context":"https:\/\/schema.org","@graph":[{"@type":"Article","@id":"https:\/\/etival.fr\/?p=12687#article","isPartOf":{"@id":"https:\/\/etival.fr\/?p=12687"},"author":{"name":"Catherine","@id":"https:\/\/etival.fr\/#\/schema\/person\/966767531f422984430588510b8d4c3f"},"headline":"Concours des pratiques Agro-\u00e9colgiques","datePublished":"2025-04-08T05:47:29+00:00","dateModified":"2025-04-08T05:48:15+00:00","mainEntityOfPage":{"@id":"https:\/\/etival.fr\/?p=12687"},"wordCount":51,"image":{"@id":"https:\/\/etival.fr\/?p=12687#primaryimage"},"thumbnailUrl":"https:\/\/etival.fr\/wp-content\/uploads\/2025\/04\/Affche-public-pour-Vallee-de-la-Fave-de-la-Meurthe-et-de-la-Plaine-1-1-724x1024.jpg","articleSection":["Communaut\u00e9 d'Agglom\u00e9ration de Saint-Di\u00e9-Des-Vosges"],"inLanguage":"fr-FR"},{"@type":"WebPage","@id":"https:\/\/etival.fr\/?p=12687","url":"https:\/\/etival.fr\/?p=12687","name":"Concours des pratiques Agro-\u00e9colgiques - Etival-Clairefontaine","isPartOf":{"@id":"https:\/\/etival.fr\/#website"},"primaryImageOfPage":{"@id":"https:\/\/etival.fr\/?p=12687#primaryimage"},"image":{"@id":"https:\/\/etival.fr\/?p=12687#primaryimage"},"thumbnailUrl":"https:\/\/etival.fr\/wp-content\/uploads\/2025\/04\/Affche-public-pour-Vallee-de-la-Fave-de-la-Meurthe-et-de-la-Plaine-1-1-724x1024.jpg","datePublished":"2025-04-08T05:47:29+00:00","dateModified":"2025-04-08T05:48:15+00:00","author":{"@id":"https:\/\/etival.fr\/#\/schema\/person\/966767531f422984430588510b8d4c3f"},"breadcrumb":{"@id":"https:\/\/etival.fr\/?p=12687#breadcrumb"},"inLanguage":"fr-FR","potentialAction":[{"@type":"ReadAction","target":["https:\/\/etival.fr\/?p=12687"]}]},{"@type":"ImageObject","inLanguage":"fr-FR","@id":"https:\/\/etival.fr\/?p=12687#primaryimage","url":"https:\/\/etival.fr\/wp-content\/uploads\/2025\/04\/Affche-public-pour-Vallee-de-la-Fave-de-la-Meurthe-et-de-la-Plaine-1-1.jpg","contentUrl":"https:\/\/etival.fr\/wp-content\/uploads\/2025\/04\/Affche-public-pour-Vallee-de-la-Fave-de-la-Meurthe-et-de-la-Plaine-1-1.jpg","width":1587,"height":2245},{"@type":"BreadcrumbList","@id":"https:\/\/etival.fr\/?p=12687#breadcrumb","itemListElement":[{"@type":"ListItem","position":1,"name":"Accueil","item":"https:\/\/etival.fr\/"},{"@type":"ListItem","position":2,"name":"Concours des pratiques Agro-\u00e9colgiques"}]},{"@type":"WebSite","@id":"https:\/\/etival.fr\/#website","url":"https:\/\/etival.fr\/","name":"Etival-Clairefontaine","description":"Informations et actualit\u00e9s de la commune","potentialAction":[{"@type":"SearchAction","target":{"@type":"EntryPoint","urlTemplate":"https:\/\/etival.fr\/?s={search_term_string}"},"query-input":{"@type":"PropertyValueSpecification","valueRequired":true,"valueName":"search_term_string"}}],"inLanguage":"fr-FR"},{"@type":"Person","@id":"https:\/\/etival.fr\/#\/schema\/person\/966767531f422984430588510b8d4c3f","name":"Catherine","image":{"@type":"ImageObject","inLanguage":"fr-FR","@id":"https:\/\/etival.fr\/#\/schema\/person\/image\/","url":"https:\/\/secure.gravatar.com\/avatar\/b99eff3bf59bd614e6c532df451dc649?s=96&d=mm&r=g","contentUrl":"https:\/\/secure.gravatar.com\/avatar\/b99eff3bf59bd614e6c532df451dc649?s=96&d=mm&r=g","caption":"Catherine"},"url":"https:\/\/etival.fr\/?author=2"}]}},"_links":{"self":[{"href":"https:\/\/etival.fr\/index.php?rest_route=\/wp\/v2\/posts\/12687","targetHints":{"allow":["GET"]}}],"collection":[{"href":"https:\/\/etival.fr\/index.php?rest_route=\/wp\/v2\/posts"}],"about":[{"href":"https:\/\/etival.fr\/index.php?rest_route=\/wp\/v2\/types\/post"}],"author":[{"embeddable":true,"href":"https:\/\/etival.fr\/index.php?rest_route=\/wp\/v2\/users\/2"}],"replies":[{"embeddable":true,"href":"https:\/\/etival.fr\/index.php?rest_route=%2Fwp%2Fv2%2Fcomments&post=12687"}],"version-history":[{"count":1,"href":"https:\/\/etival.fr\/index.php?rest_route=\/wp\/v2\/posts\/12687\/revisions"}],"predecessor-version":[{"id":12709,"href":"https:\/\/etival.fr\/index.php?rest_route=\/wp\/v2\/posts\/12687\/revisions\/12709"}],"wp:attachment":[{"href":"https:\/\/etival.fr\/index.php?rest_route=%2Fwp%2Fv2%2Fmedia&parent=12687"}],"wp:term":[{"taxonomy":"category","embeddable":true,"href":"https:\/\/etival.fr\/index.php?rest_route=%2Fwp%2Fv2%2Fcategories&post=12687"},{"taxonomy":"post_tag","embeddable":true,"href":"https:\/\/etival.fr\/index.php?rest_route=%2Fwp%2Fv2%2Ftags&post=12687"}],"curies":[{"name":"wp","href":"https:\/\/api.w.org\/{rel}","templated":true}]}}