{"id":12719,"date":"2025-04-09T14:04:05","date_gmt":"2025-04-09T13:04:05","guid":{"rendered":"https:\/\/etival.fr\/?p=12719"},"modified":"2025-04-09T14:04:24","modified_gmt":"2025-04-09T13:04:24","slug":"permanence-losange","status":"publish","type":"post","link":"https:\/\/etival.fr\/?p=12719","title":{"rendered":"Permanence LOSANGE"},"content":{"rendered":"\n<figure class=\"wp-block-image size-large\"><a href=\"https:\/\/etival.fr\/wp-content\/uploads\/2025\/04\/image001-5.png\"><img loading=\"lazy\" decoding=\"async\" width=\"1024\" height=\"288\" src=\"https:\/\/etival.fr\/wp-content\/uploads\/2025\/04\/image001-5-1024x288.png\" alt=\"\" class=\"wp-image-12720\" srcset=\"https:\/\/etival.fr\/wp-content\/uploads\/2025\/04\/image001-5-1024x288.png 1024w, https:\/\/etival.fr\/wp-content\/uploads\/2025\/04\/image001-5-300x84.png 300w, https:\/\/etival.fr\/wp-content\/uploads\/2025\/04\/image001-5-768x216.png 768w, https:\/\/etival.fr\/wp-content\/uploads\/2025\/04\/image001-5-624x176.png 624w, https:\/\/etival.fr\/wp-content\/uploads\/2025\/04\/image001-5.png 1120w\" sizes=\"auto, (max-width: 1024px) 100vw, 1024px\" \/><\/a><\/figure>\n\n\n\n<p>Le traditionnel r\u00e9seau t\u00e9l\u00e9phonique, \u00e9galement utilis\u00e9 pour se connecter \u00e0 internet, est sur le point de disparaitre. Ce dernier est remplac\u00e9 par le r\u00e9seau de fibre optique d\u00e9j\u00e0 d\u00e9ploy\u00e9 dans notre commune.<\/p>\n\n\n\n<p>Pour anticiper cette transition, LOSANGE organise une permanence avec les op\u00e9rateurs commerciaux le :<strong> Jeudi 22 mai de 9h30 \u00e0 12h30 &#8211; Salle des F\u00eates Edmond Cunin.<\/strong><\/p>\n\n\n\n<p>Losange adressera un courrier \u00e0 tous les usagers qui n\u2019ont pas encore bascul\u00e9 sur la fibre. Les op\u00e9rateurs commerciaux communiqueront \u00e9galement de leur c\u00f4t\u00e9.<\/p>\n","protected":false},"excerpt":{"rendered":"<p>Le traditionnel r\u00e9seau t\u00e9l\u00e9phonique, \u00e9galement utilis\u00e9 pour se connecter \u00e0 internet, est sur le point de disparaitre. Ce dernier est remplac\u00e9 par le r\u00e9seau de fibre optique d\u00e9j\u00e0 d\u00e9ploy\u00e9 dans notre commune. Pour anticiper cette transition, LOSANGE organise une permanence avec les op\u00e9rateurs commerciaux le : Jeudi 22 mai de 9h30 \u00e0 12h30 &#8211; Salle [&hellip;]<\/p>\n","protected":false},"author":2,"featured_media":0,"comment_status":"closed","ping_status":"open","sticky":false,"template":"","format":"standard","meta":{"footnotes":""},"categories":[7],"tags":[],"class_list":["post-12719","post","type-post","status-publish","format-standard","hentry","category-divers"],"yoast_head":"<!-- This site is optimized with the Yoast SEO plugin v26.8 - https:\/\/yoast.com\/product\/yoast-seo-wordpress\/ -->\n<title>Permanence LOSANGE - Etival-Clairefontaine<\/title>\n<meta name=\"robots\" content=\"index, follow, max-snippet:-1, max-image-preview:large, max-video-preview:-1\" \/>\n<link rel=\"canonical\" href=\"https:\/\/etival.fr\/?p=12719\" \/>\n<meta property=\"og:locale\" content=\"fr_FR\" \/>\n<meta property=\"og:type\" content=\"article\" \/>\n<meta property=\"og:title\" content=\"Permanence LOSANGE - Etival-Clairefontaine\" \/>\n<meta property=\"og:description\" content=\"Le traditionnel r\u00e9seau t\u00e9l\u00e9phonique, \u00e9galement utilis\u00e9 pour se connecter \u00e0 internet, est sur le point de disparaitre. Ce dernier est remplac\u00e9 par le r\u00e9seau de fibre optique d\u00e9j\u00e0 d\u00e9ploy\u00e9 dans notre commune. Pour anticiper cette transition, LOSANGE organise une permanence avec les op\u00e9rateurs commerciaux le : Jeudi 22 mai de 9h30 \u00e0 12h30 &#8211; Salle [&hellip;]\" \/>\n<meta property=\"og:url\" content=\"https:\/\/etival.fr\/?p=12719\" \/>\n<meta property=\"og:site_name\" content=\"Etival-Clairefontaine\" \/>\n<meta property=\"article:published_time\" content=\"2025-04-09T13:04:05+00:00\" \/>\n<meta property=\"article:modified_time\" content=\"2025-04-09T13:04:24+00:00\" \/>\n<meta property=\"og:image\" content=\"https:\/\/etival.fr\/wp-content\/uploads\/2025\/04\/image001-5.png\" \/>\n\t<meta property=\"og:image:width\" content=\"1120\" \/>\n\t<meta property=\"og:image:height\" content=\"315\" \/>\n\t<meta property=\"og:image:type\" content=\"image\/png\" \/>\n<meta name=\"author\" content=\"Catherine\" \/>\n<meta name=\"twitter:card\" content=\"summary_large_image\" \/>\n<meta name=\"twitter:label1\" content=\"\u00c9crit par\" \/>\n\t<meta name=\"twitter:data1\" content=\"Catherine\" \/>\n\t<meta name=\"twitter:label2\" content=\"Dur\u00e9e de lecture estim\u00e9e\" \/>\n\t<meta name=\"twitter:data2\" content=\"1 minute\" \/>\n<script type=\"application\/ld+json\" class=\"yoast-schema-graph\">{\"@context\":\"https:\/\/schema.org\",\"@graph\":[{\"@type\":\"Article\",\"@id\":\"https:\/\/etival.fr\/?p=12719#article\",\"isPartOf\":{\"@id\":\"https:\/\/etival.fr\/?p=12719\"},\"author\":{\"name\":\"Catherine\",\"@id\":\"https:\/\/etival.fr\/#\/schema\/person\/966767531f422984430588510b8d4c3f\"},\"headline\":\"Permanence LOSANGE\",\"datePublished\":\"2025-04-09T13:04:05+00:00\",\"dateModified\":\"2025-04-09T13:04:24+00:00\",\"mainEntityOfPage\":{\"@id\":\"https:\/\/etival.fr\/?p=12719\"},\"wordCount\":91,\"image\":{\"@id\":\"https:\/\/etival.fr\/?p=12719#primaryimage\"},\"thumbnailUrl\":\"https:\/\/etival.fr\/wp-content\/uploads\/2025\/04\/image001-5-1024x288.png\",\"articleSection\":[\"Divers\"],\"inLanguage\":\"fr-FR\"},{\"@type\":\"WebPage\",\"@id\":\"https:\/\/etival.fr\/?p=12719\",\"url\":\"https:\/\/etival.fr\/?p=12719\",\"name\":\"Permanence LOSANGE - Etival-Clairefontaine\",\"isPartOf\":{\"@id\":\"https:\/\/etival.fr\/#website\"},\"primaryImageOfPage\":{\"@id\":\"https:\/\/etival.fr\/?p=12719#primaryimage\"},\"image\":{\"@id\":\"https:\/\/etival.fr\/?p=12719#primaryimage\"},\"thumbnailUrl\":\"https:\/\/etival.fr\/wp-content\/uploads\/2025\/04\/image001-5-1024x288.png\",\"datePublished\":\"2025-04-09T13:04:05+00:00\",\"dateModified\":\"2025-04-09T13:04:24+00:00\",\"author\":{\"@id\":\"https:\/\/etival.fr\/#\/schema\/person\/966767531f422984430588510b8d4c3f\"},\"breadcrumb\":{\"@id\":\"https:\/\/etival.fr\/?p=12719#breadcrumb\"},\"inLanguage\":\"fr-FR\",\"potentialAction\":[{\"@type\":\"ReadAction\",\"target\":[\"https:\/\/etival.fr\/?p=12719\"]}]},{\"@type\":\"ImageObject\",\"inLanguage\":\"fr-FR\",\"@id\":\"https:\/\/etival.fr\/?p=12719#primaryimage\",\"url\":\"https:\/\/etival.fr\/wp-content\/uploads\/2025\/04\/image001-5.png\",\"contentUrl\":\"https:\/\/etival.fr\/wp-content\/uploads\/2025\/04\/image001-5.png\",\"width\":1120,\"height\":315},{\"@type\":\"BreadcrumbList\",\"@id\":\"https:\/\/etival.fr\/?p=12719#breadcrumb\",\"itemListElement\":[{\"@type\":\"ListItem\",\"position\":1,\"name\":\"Accueil\",\"item\":\"https:\/\/etival.fr\/\"},{\"@type\":\"ListItem\",\"position\":2,\"name\":\"Permanence LOSANGE\"}]},{\"@type\":\"WebSite\",\"@id\":\"https:\/\/etival.fr\/#website\",\"url\":\"https:\/\/etival.fr\/\",\"name\":\"Etival-Clairefontaine\",\"description\":\"Informations et actualit\u00e9s de la commune\",\"potentialAction\":[{\"@type\":\"SearchAction\",\"target\":{\"@type\":\"EntryPoint\",\"urlTemplate\":\"https:\/\/etival.fr\/?s={search_term_string}\"},\"query-input\":{\"@type\":\"PropertyValueSpecification\",\"valueRequired\":true,\"valueName\":\"search_term_string\"}}],\"inLanguage\":\"fr-FR\"},{\"@type\":\"Person\",\"@id\":\"https:\/\/etival.fr\/#\/schema\/person\/966767531f422984430588510b8d4c3f\",\"name\":\"Catherine\",\"image\":{\"@type\":\"ImageObject\",\"inLanguage\":\"fr-FR\",\"@id\":\"https:\/\/etival.fr\/#\/schema\/person\/image\/\",\"url\":\"https:\/\/secure.gravatar.com\/avatar\/b99eff3bf59bd614e6c532df451dc649?s=96&d=mm&r=g\",\"contentUrl\":\"https:\/\/secure.gravatar.com\/avatar\/b99eff3bf59bd614e6c532df451dc649?s=96&d=mm&r=g\",\"caption\":\"Catherine\"},\"url\":\"https:\/\/etival.fr\/?author=2\"}]}<\/script>\n<!-- \/ Yoast SEO plugin. -->","yoast_head_json":{"title":"Permanence LOSANGE - Etival-Clairefontaine","robots":{"index":"index","follow":"follow","max-snippet":"max-snippet:-1","max-image-preview":"max-image-preview:large","max-video-preview":"max-video-preview:-1"},"canonical":"https:\/\/etival.fr\/?p=12719","og_locale":"fr_FR","og_type":"article","og_title":"Permanence LOSANGE - Etival-Clairefontaine","og_description":"Le traditionnel r\u00e9seau t\u00e9l\u00e9phonique, \u00e9galement utilis\u00e9 pour se connecter \u00e0 internet, est sur le point de disparaitre. Ce dernier est remplac\u00e9 par le r\u00e9seau de fibre optique d\u00e9j\u00e0 d\u00e9ploy\u00e9 dans notre commune. Pour anticiper cette transition, LOSANGE organise une permanence avec les op\u00e9rateurs commerciaux le : Jeudi 22 mai de 9h30 \u00e0 12h30 &#8211; Salle [&hellip;]","og_url":"https:\/\/etival.fr\/?p=12719","og_site_name":"Etival-Clairefontaine","article_published_time":"2025-04-09T13:04:05+00:00","article_modified_time":"2025-04-09T13:04:24+00:00","og_image":[{"width":1120,"height":315,"url":"https:\/\/etival.fr\/wp-content\/uploads\/2025\/04\/image001-5.png","type":"image\/png"}],"author":"Catherine","twitter_card":"summary_large_image","twitter_misc":{"\u00c9crit par":"Catherine","Dur\u00e9e de lecture estim\u00e9e":"1 minute"},"schema":{"@context":"https:\/\/schema.org","@graph":[{"@type":"Article","@id":"https:\/\/etival.fr\/?p=12719#article","isPartOf":{"@id":"https:\/\/etival.fr\/?p=12719"},"author":{"name":"Catherine","@id":"https:\/\/etival.fr\/#\/schema\/person\/966767531f422984430588510b8d4c3f"},"headline":"Permanence LOSANGE","datePublished":"2025-04-09T13:04:05+00:00","dateModified":"2025-04-09T13:04:24+00:00","mainEntityOfPage":{"@id":"https:\/\/etival.fr\/?p=12719"},"wordCount":91,"image":{"@id":"https:\/\/etival.fr\/?p=12719#primaryimage"},"thumbnailUrl":"https:\/\/etival.fr\/wp-content\/uploads\/2025\/04\/image001-5-1024x288.png","articleSection":["Divers"],"inLanguage":"fr-FR"},{"@type":"WebPage","@id":"https:\/\/etival.fr\/?p=12719","url":"https:\/\/etival.fr\/?p=12719","name":"Permanence LOSANGE - Etival-Clairefontaine","isPartOf":{"@id":"https:\/\/etival.fr\/#website"},"primaryImageOfPage":{"@id":"https:\/\/etival.fr\/?p=12719#primaryimage"},"image":{"@id":"https:\/\/etival.fr\/?p=12719#primaryimage"},"thumbnailUrl":"https:\/\/etival.fr\/wp-content\/uploads\/2025\/04\/image001-5-1024x288.png","datePublished":"2025-04-09T13:04:05+00:00","dateModified":"2025-04-09T13:04:24+00:00","author":{"@id":"https:\/\/etival.fr\/#\/schema\/person\/966767531f422984430588510b8d4c3f"},"breadcrumb":{"@id":"https:\/\/etival.fr\/?p=12719#breadcrumb"},"inLanguage":"fr-FR","potentialAction":[{"@type":"ReadAction","target":["https:\/\/etival.fr\/?p=12719"]}]},{"@type":"ImageObject","inLanguage":"fr-FR","@id":"https:\/\/etival.fr\/?p=12719#primaryimage","url":"https:\/\/etival.fr\/wp-content\/uploads\/2025\/04\/image001-5.png","contentUrl":"https:\/\/etival.fr\/wp-content\/uploads\/2025\/04\/image001-5.png","width":1120,"height":315},{"@type":"BreadcrumbList","@id":"https:\/\/etival.fr\/?p=12719#breadcrumb","itemListElement":[{"@type":"ListItem","position":1,"name":"Accueil","item":"https:\/\/etival.fr\/"},{"@type":"ListItem","position":2,"name":"Permanence LOSANGE"}]},{"@type":"WebSite","@id":"https:\/\/etival.fr\/#website","url":"https:\/\/etival.fr\/","name":"Etival-Clairefontaine","description":"Informations et actualit\u00e9s de la commune","potentialAction":[{"@type":"SearchAction","target":{"@type":"EntryPoint","urlTemplate":"https:\/\/etival.fr\/?s={search_term_string}"},"query-input":{"@type":"PropertyValueSpecification","valueRequired":true,"valueName":"search_term_string"}}],"inLanguage":"fr-FR"},{"@type":"Person","@id":"https:\/\/etival.fr\/#\/schema\/person\/966767531f422984430588510b8d4c3f","name":"Catherine","image":{"@type":"ImageObject","inLanguage":"fr-FR","@id":"https:\/\/etival.fr\/#\/schema\/person\/image\/","url":"https:\/\/secure.gravatar.com\/avatar\/b99eff3bf59bd614e6c532df451dc649?s=96&d=mm&r=g","contentUrl":"https:\/\/secure.gravatar.com\/avatar\/b99eff3bf59bd614e6c532df451dc649?s=96&d=mm&r=g","caption":"Catherine"},"url":"https:\/\/etival.fr\/?author=2"}]}},"_links":{"self":[{"href":"https:\/\/etival.fr\/index.php?rest_route=\/wp\/v2\/posts\/12719","targetHints":{"allow":["GET"]}}],"collection":[{"href":"https:\/\/etival.fr\/index.php?rest_route=\/wp\/v2\/posts"}],"about":[{"href":"https:\/\/etival.fr\/index.php?rest_route=\/wp\/v2\/types\/post"}],"author":[{"embeddable":true,"href":"https:\/\/etival.fr\/index.php?rest_route=\/wp\/v2\/users\/2"}],"replies":[{"embeddable":true,"href":"https:\/\/etival.fr\/index.php?rest_route=%2Fwp%2Fv2%2Fcomments&post=12719"}],"version-history":[{"count":1,"href":"https:\/\/etival.fr\/index.php?rest_route=\/wp\/v2\/posts\/12719\/revisions"}],"predecessor-version":[{"id":12721,"href":"https:\/\/etival.fr\/index.php?rest_route=\/wp\/v2\/posts\/12719\/revisions\/12721"}],"wp:attachment":[{"href":"https:\/\/etival.fr\/index.php?rest_route=%2Fwp%2Fv2%2Fmedia&parent=12719"}],"wp:term":[{"taxonomy":"category","embeddable":true,"href":"https:\/\/etival.fr\/index.php?rest_route=%2Fwp%2Fv2%2Fcategories&post=12719"},{"taxonomy":"post_tag","embeddable":true,"href":"https:\/\/etival.fr\/index.php?rest_route=%2Fwp%2Fv2%2Ftags&post=12719"}],"curies":[{"name":"wp","href":"https:\/\/api.w.org\/{rel}","templated":true}]}}