{"id":12756,"date":"2025-04-28T15:09:53","date_gmt":"2025-04-28T14:09:53","guid":{"rendered":"https:\/\/etival.fr\/?p=12756"},"modified":"2025-04-28T15:10:45","modified_gmt":"2025-04-28T14:10:45","slug":"pour-information-35","status":"publish","type":"post","link":"https:\/\/etival.fr\/?p=12756","title":{"rendered":"Pour information"},"content":{"rendered":"\n<figure class=\"wp-block-image size-full\"><a href=\"https:\/\/etival.fr\/wp-content\/uploads\/2025\/04\/image002.png\"><img loading=\"lazy\" decoding=\"async\" width=\"166\" height=\"40\" src=\"https:\/\/etival.fr\/wp-content\/uploads\/2025\/04\/image002.png\" alt=\"\" class=\"wp-image-12757\"\/><\/a><\/figure>\n\n\n\n<p>Afin d\u2019entretenir et de moderniser les r\u00e9seaux de distribution d\u2019\u00e9lectricit\u00e9, nous investissons chaque ann\u00e9e pour organiser la visite pr\u00e9ventive par h\u00e9licopt\u00e8re d\u2019un tiers environ du r\u00e9seau \u00e9lectrique a\u00e9rien 20&nbsp;000 volts.&nbsp;<\/p>\n\n\n\n<p>Pour compl\u00e9ter ce diagnostic et \u00eatre en mesure de garantir une alimentation en \u00e9lectricit\u00e9 de qualit\u00e9, nous organisons en 2025 \u00e0 titre exp\u00e9rimental, \u00e0 compter du 30 avril et sur une semaine, un survol par h\u00e9licopt\u00e8re pour identifier les arbres morts ou malades suffisamment proches du r\u00e9seau \u00e9lectrique pour pouvoir g\u00e9n\u00e9rer des incidents en tombant sur les lignes en cas d\u2019al\u00e9as climatiques.<\/p>\n\n\n\n<p>Ce programme concerne pr\u00e8s d\u2019une centaine de communes des Vosges, dont \u00c9tival-Clairefontaine.\u00a0<\/p>\n\n\n\n<p>Le r\u00e9sultat de l\u2019inspection permettra d\u2019obtenir un diagnostic pr\u00e9cis et de sensibiliser les propri\u00e9taires des arbres sur la n\u00e9cessit\u00e9 de les \u00e9laguer quand ils sont potentiellement probl\u00e9matiques.<\/p>\n\n\n\n<p>Nous avons confi\u00e9 ce diagnostic\u00a0\u00e0 la soci\u00e9t\u00e9 Jet Systems. <br>Les vols seront r\u00e9alis\u00e9s \u00e0 tr\u00e8s basse altitude.<\/p>\n\n\n\n<p><\/p>\n","protected":false},"excerpt":{"rendered":"<p>Afin d\u2019entretenir et de moderniser les r\u00e9seaux de distribution d\u2019\u00e9lectricit\u00e9, nous investissons chaque ann\u00e9e pour organiser la visite pr\u00e9ventive par h\u00e9licopt\u00e8re d\u2019un tiers environ du r\u00e9seau \u00e9lectrique a\u00e9rien 20&nbsp;000 volts.&nbsp; Pour compl\u00e9ter ce diagnostic et \u00eatre en mesure de garantir une alimentation en \u00e9lectricit\u00e9 de qualit\u00e9, nous organisons en 2025 \u00e0 titre exp\u00e9rimental, \u00e0 compter [&hellip;]<\/p>\n","protected":false},"author":2,"featured_media":0,"comment_status":"closed","ping_status":"open","sticky":false,"template":"","format":"standard","meta":{"footnotes":""},"categories":[7],"tags":[],"class_list":["post-12756","post","type-post","status-publish","format-standard","hentry","category-divers"],"yoast_head":"<!-- This site is optimized with the Yoast SEO plugin v26.8 - https:\/\/yoast.com\/product\/yoast-seo-wordpress\/ -->\n<title>Pour information - Etival-Clairefontaine<\/title>\n<meta name=\"robots\" content=\"index, follow, max-snippet:-1, max-image-preview:large, max-video-preview:-1\" \/>\n<link rel=\"canonical\" href=\"https:\/\/etival.fr\/?p=12756\" \/>\n<meta property=\"og:locale\" content=\"fr_FR\" \/>\n<meta property=\"og:type\" content=\"article\" \/>\n<meta property=\"og:title\" content=\"Pour information - Etival-Clairefontaine\" \/>\n<meta property=\"og:description\" content=\"Afin d\u2019entretenir et de moderniser les r\u00e9seaux de distribution d\u2019\u00e9lectricit\u00e9, nous investissons chaque ann\u00e9e pour organiser la visite pr\u00e9ventive par h\u00e9licopt\u00e8re d\u2019un tiers environ du r\u00e9seau \u00e9lectrique a\u00e9rien 20&nbsp;000 volts.&nbsp; Pour compl\u00e9ter ce diagnostic et \u00eatre en mesure de garantir une alimentation en \u00e9lectricit\u00e9 de qualit\u00e9, nous organisons en 2025 \u00e0 titre exp\u00e9rimental, \u00e0 compter [&hellip;]\" \/>\n<meta property=\"og:url\" content=\"https:\/\/etival.fr\/?p=12756\" \/>\n<meta property=\"og:site_name\" content=\"Etival-Clairefontaine\" \/>\n<meta property=\"article:published_time\" content=\"2025-04-28T14:09:53+00:00\" \/>\n<meta property=\"article:modified_time\" content=\"2025-04-28T14:10:45+00:00\" \/>\n<meta property=\"og:image\" content=\"https:\/\/etival.fr\/wp-content\/uploads\/2025\/04\/image002.png\" \/>\n\t<meta property=\"og:image:width\" content=\"166\" \/>\n\t<meta property=\"og:image:height\" content=\"40\" \/>\n\t<meta property=\"og:image:type\" content=\"image\/png\" \/>\n<meta name=\"author\" content=\"Catherine\" \/>\n<meta name=\"twitter:card\" content=\"summary_large_image\" \/>\n<meta name=\"twitter:label1\" content=\"\u00c9crit par\" \/>\n\t<meta name=\"twitter:data1\" content=\"Catherine\" \/>\n\t<meta name=\"twitter:label2\" content=\"Dur\u00e9e de lecture estim\u00e9e\" \/>\n\t<meta name=\"twitter:data2\" content=\"1 minute\" \/>\n<script type=\"application\/ld+json\" class=\"yoast-schema-graph\">{\"@context\":\"https:\/\/schema.org\",\"@graph\":[{\"@type\":\"Article\",\"@id\":\"https:\/\/etival.fr\/?p=12756#article\",\"isPartOf\":{\"@id\":\"https:\/\/etival.fr\/?p=12756\"},\"author\":{\"name\":\"Catherine\",\"@id\":\"https:\/\/etival.fr\/#\/schema\/person\/966767531f422984430588510b8d4c3f\"},\"headline\":\"Pour information\",\"datePublished\":\"2025-04-28T14:09:53+00:00\",\"dateModified\":\"2025-04-28T14:10:45+00:00\",\"mainEntityOfPage\":{\"@id\":\"https:\/\/etival.fr\/?p=12756\"},\"wordCount\":178,\"image\":{\"@id\":\"https:\/\/etival.fr\/?p=12756#primaryimage\"},\"thumbnailUrl\":\"https:\/\/etival.fr\/wp-content\/uploads\/2025\/04\/image002.png\",\"articleSection\":[\"Divers\"],\"inLanguage\":\"fr-FR\"},{\"@type\":\"WebPage\",\"@id\":\"https:\/\/etival.fr\/?p=12756\",\"url\":\"https:\/\/etival.fr\/?p=12756\",\"name\":\"Pour information - Etival-Clairefontaine\",\"isPartOf\":{\"@id\":\"https:\/\/etival.fr\/#website\"},\"primaryImageOfPage\":{\"@id\":\"https:\/\/etival.fr\/?p=12756#primaryimage\"},\"image\":{\"@id\":\"https:\/\/etival.fr\/?p=12756#primaryimage\"},\"thumbnailUrl\":\"https:\/\/etival.fr\/wp-content\/uploads\/2025\/04\/image002.png\",\"datePublished\":\"2025-04-28T14:09:53+00:00\",\"dateModified\":\"2025-04-28T14:10:45+00:00\",\"author\":{\"@id\":\"https:\/\/etival.fr\/#\/schema\/person\/966767531f422984430588510b8d4c3f\"},\"breadcrumb\":{\"@id\":\"https:\/\/etival.fr\/?p=12756#breadcrumb\"},\"inLanguage\":\"fr-FR\",\"potentialAction\":[{\"@type\":\"ReadAction\",\"target\":[\"https:\/\/etival.fr\/?p=12756\"]}]},{\"@type\":\"ImageObject\",\"inLanguage\":\"fr-FR\",\"@id\":\"https:\/\/etival.fr\/?p=12756#primaryimage\",\"url\":\"https:\/\/etival.fr\/wp-content\/uploads\/2025\/04\/image002.png\",\"contentUrl\":\"https:\/\/etival.fr\/wp-content\/uploads\/2025\/04\/image002.png\"},{\"@type\":\"BreadcrumbList\",\"@id\":\"https:\/\/etival.fr\/?p=12756#breadcrumb\",\"itemListElement\":[{\"@type\":\"ListItem\",\"position\":1,\"name\":\"Accueil\",\"item\":\"https:\/\/etival.fr\/\"},{\"@type\":\"ListItem\",\"position\":2,\"name\":\"Pour information\"}]},{\"@type\":\"WebSite\",\"@id\":\"https:\/\/etival.fr\/#website\",\"url\":\"https:\/\/etival.fr\/\",\"name\":\"Etival-Clairefontaine\",\"description\":\"Informations et actualit\u00e9s de la commune\",\"potentialAction\":[{\"@type\":\"SearchAction\",\"target\":{\"@type\":\"EntryPoint\",\"urlTemplate\":\"https:\/\/etival.fr\/?s={search_term_string}\"},\"query-input\":{\"@type\":\"PropertyValueSpecification\",\"valueRequired\":true,\"valueName\":\"search_term_string\"}}],\"inLanguage\":\"fr-FR\"},{\"@type\":\"Person\",\"@id\":\"https:\/\/etival.fr\/#\/schema\/person\/966767531f422984430588510b8d4c3f\",\"name\":\"Catherine\",\"image\":{\"@type\":\"ImageObject\",\"inLanguage\":\"fr-FR\",\"@id\":\"https:\/\/etival.fr\/#\/schema\/person\/image\/\",\"url\":\"https:\/\/secure.gravatar.com\/avatar\/b99eff3bf59bd614e6c532df451dc649?s=96&d=mm&r=g\",\"contentUrl\":\"https:\/\/secure.gravatar.com\/avatar\/b99eff3bf59bd614e6c532df451dc649?s=96&d=mm&r=g\",\"caption\":\"Catherine\"},\"url\":\"https:\/\/etival.fr\/?author=2\"}]}<\/script>\n<!-- \/ Yoast SEO plugin. -->","yoast_head_json":{"title":"Pour information - Etival-Clairefontaine","robots":{"index":"index","follow":"follow","max-snippet":"max-snippet:-1","max-image-preview":"max-image-preview:large","max-video-preview":"max-video-preview:-1"},"canonical":"https:\/\/etival.fr\/?p=12756","og_locale":"fr_FR","og_type":"article","og_title":"Pour information - Etival-Clairefontaine","og_description":"Afin d\u2019entretenir et de moderniser les r\u00e9seaux de distribution d\u2019\u00e9lectricit\u00e9, nous investissons chaque ann\u00e9e pour organiser la visite pr\u00e9ventive par h\u00e9licopt\u00e8re d\u2019un tiers environ du r\u00e9seau \u00e9lectrique a\u00e9rien 20&nbsp;000 volts.&nbsp; Pour compl\u00e9ter ce diagnostic et \u00eatre en mesure de garantir une alimentation en \u00e9lectricit\u00e9 de qualit\u00e9, nous organisons en 2025 \u00e0 titre exp\u00e9rimental, \u00e0 compter [&hellip;]","og_url":"https:\/\/etival.fr\/?p=12756","og_site_name":"Etival-Clairefontaine","article_published_time":"2025-04-28T14:09:53+00:00","article_modified_time":"2025-04-28T14:10:45+00:00","og_image":[{"width":166,"height":40,"url":"https:\/\/etival.fr\/wp-content\/uploads\/2025\/04\/image002.png","type":"image\/png"}],"author":"Catherine","twitter_card":"summary_large_image","twitter_misc":{"\u00c9crit par":"Catherine","Dur\u00e9e de lecture estim\u00e9e":"1 minute"},"schema":{"@context":"https:\/\/schema.org","@graph":[{"@type":"Article","@id":"https:\/\/etival.fr\/?p=12756#article","isPartOf":{"@id":"https:\/\/etival.fr\/?p=12756"},"author":{"name":"Catherine","@id":"https:\/\/etival.fr\/#\/schema\/person\/966767531f422984430588510b8d4c3f"},"headline":"Pour information","datePublished":"2025-04-28T14:09:53+00:00","dateModified":"2025-04-28T14:10:45+00:00","mainEntityOfPage":{"@id":"https:\/\/etival.fr\/?p=12756"},"wordCount":178,"image":{"@id":"https:\/\/etival.fr\/?p=12756#primaryimage"},"thumbnailUrl":"https:\/\/etival.fr\/wp-content\/uploads\/2025\/04\/image002.png","articleSection":["Divers"],"inLanguage":"fr-FR"},{"@type":"WebPage","@id":"https:\/\/etival.fr\/?p=12756","url":"https:\/\/etival.fr\/?p=12756","name":"Pour information - Etival-Clairefontaine","isPartOf":{"@id":"https:\/\/etival.fr\/#website"},"primaryImageOfPage":{"@id":"https:\/\/etival.fr\/?p=12756#primaryimage"},"image":{"@id":"https:\/\/etival.fr\/?p=12756#primaryimage"},"thumbnailUrl":"https:\/\/etival.fr\/wp-content\/uploads\/2025\/04\/image002.png","datePublished":"2025-04-28T14:09:53+00:00","dateModified":"2025-04-28T14:10:45+00:00","author":{"@id":"https:\/\/etival.fr\/#\/schema\/person\/966767531f422984430588510b8d4c3f"},"breadcrumb":{"@id":"https:\/\/etival.fr\/?p=12756#breadcrumb"},"inLanguage":"fr-FR","potentialAction":[{"@type":"ReadAction","target":["https:\/\/etival.fr\/?p=12756"]}]},{"@type":"ImageObject","inLanguage":"fr-FR","@id":"https:\/\/etival.fr\/?p=12756#primaryimage","url":"https:\/\/etival.fr\/wp-content\/uploads\/2025\/04\/image002.png","contentUrl":"https:\/\/etival.fr\/wp-content\/uploads\/2025\/04\/image002.png"},{"@type":"BreadcrumbList","@id":"https:\/\/etival.fr\/?p=12756#breadcrumb","itemListElement":[{"@type":"ListItem","position":1,"name":"Accueil","item":"https:\/\/etival.fr\/"},{"@type":"ListItem","position":2,"name":"Pour information"}]},{"@type":"WebSite","@id":"https:\/\/etival.fr\/#website","url":"https:\/\/etival.fr\/","name":"Etival-Clairefontaine","description":"Informations et actualit\u00e9s de la commune","potentialAction":[{"@type":"SearchAction","target":{"@type":"EntryPoint","urlTemplate":"https:\/\/etival.fr\/?s={search_term_string}"},"query-input":{"@type":"PropertyValueSpecification","valueRequired":true,"valueName":"search_term_string"}}],"inLanguage":"fr-FR"},{"@type":"Person","@id":"https:\/\/etival.fr\/#\/schema\/person\/966767531f422984430588510b8d4c3f","name":"Catherine","image":{"@type":"ImageObject","inLanguage":"fr-FR","@id":"https:\/\/etival.fr\/#\/schema\/person\/image\/","url":"https:\/\/secure.gravatar.com\/avatar\/b99eff3bf59bd614e6c532df451dc649?s=96&d=mm&r=g","contentUrl":"https:\/\/secure.gravatar.com\/avatar\/b99eff3bf59bd614e6c532df451dc649?s=96&d=mm&r=g","caption":"Catherine"},"url":"https:\/\/etival.fr\/?author=2"}]}},"_links":{"self":[{"href":"https:\/\/etival.fr\/index.php?rest_route=\/wp\/v2\/posts\/12756","targetHints":{"allow":["GET"]}}],"collection":[{"href":"https:\/\/etival.fr\/index.php?rest_route=\/wp\/v2\/posts"}],"about":[{"href":"https:\/\/etival.fr\/index.php?rest_route=\/wp\/v2\/types\/post"}],"author":[{"embeddable":true,"href":"https:\/\/etival.fr\/index.php?rest_route=\/wp\/v2\/users\/2"}],"replies":[{"embeddable":true,"href":"https:\/\/etival.fr\/index.php?rest_route=%2Fwp%2Fv2%2Fcomments&post=12756"}],"version-history":[{"count":1,"href":"https:\/\/etival.fr\/index.php?rest_route=\/wp\/v2\/posts\/12756\/revisions"}],"predecessor-version":[{"id":12758,"href":"https:\/\/etival.fr\/index.php?rest_route=\/wp\/v2\/posts\/12756\/revisions\/12758"}],"wp:attachment":[{"href":"https:\/\/etival.fr\/index.php?rest_route=%2Fwp%2Fv2%2Fmedia&parent=12756"}],"wp:term":[{"taxonomy":"category","embeddable":true,"href":"https:\/\/etival.fr\/index.php?rest_route=%2Fwp%2Fv2%2Fcategories&post=12756"},{"taxonomy":"post_tag","embeddable":true,"href":"https:\/\/etival.fr\/index.php?rest_route=%2Fwp%2Fv2%2Ftags&post=12756"}],"curies":[{"name":"wp","href":"https:\/\/api.w.org\/{rel}","templated":true}]}}