{"id":12782,"date":"2025-05-02T07:32:09","date_gmt":"2025-05-02T06:32:09","guid":{"rendered":"https:\/\/etival.fr\/?p=12782"},"modified":"2025-05-02T07:32:54","modified_gmt":"2025-05-02T06:32:54","slug":"la-meurthe-a-velo","status":"publish","type":"post","link":"https:\/\/etival.fr\/?p=12782","title":{"rendered":"La Meurthe \u00e0 v\u00e9lo"},"content":{"rendered":"\n<figure class=\"wp-block-image size-full\"><a href=\"https:\/\/etival.fr\/wp-content\/uploads\/2025\/05\/Flyer-recto-Marfort.jpg\"><img loading=\"lazy\" decoding=\"async\" width=\"670\" height=\"950\" src=\"https:\/\/etival.fr\/wp-content\/uploads\/2025\/05\/Flyer-recto-Marfort.jpg\" alt=\"\" class=\"wp-image-12783\" srcset=\"https:\/\/etival.fr\/wp-content\/uploads\/2025\/05\/Flyer-recto-Marfort.jpg 670w, https:\/\/etival.fr\/wp-content\/uploads\/2025\/05\/Flyer-recto-Marfort-212x300.jpg 212w, https:\/\/etival.fr\/wp-content\/uploads\/2025\/05\/Flyer-recto-Marfort-624x885.jpg 624w\" sizes=\"auto, (max-width: 670px) 100vw, 670px\" \/><\/a><\/figure>\n\n\n\n<p>Nous vous informons de la parution des livrets de cyclotourisme d\u00e9di\u00e9s \u00e0 la Meurthe \u00e0 v\u00e9lo, dans le cadre d&rsquo;une coop\u00e9ration entre les b\u00e9n\u00e9voles de LorV\u00e9lo et de V\u00e9lo Mobilit\u00e9s Actives Grand Est. C&rsquo;est \u00e9galement l&rsquo;aboutissement d&rsquo;une concertation avec les Communaut\u00e9s de communes et offices de tourisme des territoires travers\u00e9s notamment de la CA de Saint-Di\u00e9.<\/p>\n\n\n\n<p>Ce parcours est d\u00e9coup\u00e9 en 7 \u00e9tapes dont les longueurs sont \u00e0 la fois adapt\u00e9es aux touristes, randonneurs de loisirs, familles et scolaires, mais aussi et surtout, adapt\u00e9s aux gares SNCF qui permettent aux cyclotouristes de d\u00e9couvrir la Meurthe en s&rsquo;inscrivant dans la strat\u00e9gie de promotion des mobilit\u00e9s douces.<\/p>\n\n\n\n<p>Vous trouverez, ci-dessous, le lien vers les 7 livrets d&rsquo;\u00e9tape compl\u00e9t\u00e9s du livret r\u00e9capitulatif.<\/p>\n\n\n\n<p><a target=\"_blank\" href=\"https:\/\/www.lorvelo.fr\/balades-cours-d-eau-a-velo.php\" rel=\"noreferrer noopener\">LorV\u00e9lo: D\u00e9couvrez La Meuse, Moselle-Sa\u00f4ne, Moselle, Meurthe et Seille \u00e0 v\u00e9lo<\/a><\/p>\n\n\n\n<p>Au d\u00e9but de chaque livret vous d\u00e9couvrirez une page d\u00e9di\u00e9e aux POI c&rsquo;est \u00e0 dire aux Points d&rsquo;Int\u00e9r\u00eat qui sont pr\u00e9sent\u00e9s sous forme de dossiers t\u00e9l\u00e9chargeables gratuitement. Ils sont relatifs \u00e0 toutes les communes travers\u00e9es et \u00e0 des dossiers th\u00e9matiques. Leur int\u00e9r\u00eat est de communiquer sur les \u00e9l\u00e9ments culturels et patrimoniaux visibles le long du parcours.&nbsp;<\/p>\n\n\n\n<figure class=\"wp-block-image size-full\"><a href=\"https:\/\/etival.fr\/wp-content\/uploads\/2025\/05\/Flyer-verso-Marfort.jpg\"><img loading=\"lazy\" decoding=\"async\" width=\"670\" height=\"950\" src=\"https:\/\/etival.fr\/wp-content\/uploads\/2025\/05\/Flyer-verso-Marfort.jpg\" alt=\"\" class=\"wp-image-12784\" srcset=\"https:\/\/etival.fr\/wp-content\/uploads\/2025\/05\/Flyer-verso-Marfort.jpg 670w, https:\/\/etival.fr\/wp-content\/uploads\/2025\/05\/Flyer-verso-Marfort-212x300.jpg 212w, https:\/\/etival.fr\/wp-content\/uploads\/2025\/05\/Flyer-verso-Marfort-624x885.jpg 624w\" sizes=\"auto, (max-width: 670px) 100vw, 670px\" \/><\/a><\/figure>\n","protected":false},"excerpt":{"rendered":"<p>Nous vous informons de la parution des livrets de cyclotourisme d\u00e9di\u00e9s \u00e0 la Meurthe \u00e0 v\u00e9lo, dans le cadre d&rsquo;une coop\u00e9ration entre les b\u00e9n\u00e9voles de LorV\u00e9lo et de V\u00e9lo Mobilit\u00e9s Actives Grand Est. C&rsquo;est \u00e9galement l&rsquo;aboutissement d&rsquo;une concertation avec les Communaut\u00e9s de communes et offices de tourisme des territoires travers\u00e9s notamment de la CA de [&hellip;]<\/p>\n","protected":false},"author":2,"featured_media":0,"comment_status":"closed","ping_status":"open","sticky":false,"template":"","format":"standard","meta":{"footnotes":""},"categories":[7],"tags":[],"class_list":["post-12782","post","type-post","status-publish","format-standard","hentry","category-divers"],"yoast_head":"<!-- This site is optimized with the Yoast SEO plugin v26.8 - https:\/\/yoast.com\/product\/yoast-seo-wordpress\/ -->\n<title>La Meurthe \u00e0 v\u00e9lo - Etival-Clairefontaine<\/title>\n<meta name=\"robots\" content=\"index, follow, max-snippet:-1, max-image-preview:large, max-video-preview:-1\" \/>\n<link rel=\"canonical\" href=\"https:\/\/etival.fr\/?p=12782\" \/>\n<meta property=\"og:locale\" content=\"fr_FR\" \/>\n<meta property=\"og:type\" content=\"article\" \/>\n<meta property=\"og:title\" content=\"La Meurthe \u00e0 v\u00e9lo - Etival-Clairefontaine\" \/>\n<meta property=\"og:description\" content=\"Nous vous informons de la parution des livrets de cyclotourisme d\u00e9di\u00e9s \u00e0 la Meurthe \u00e0 v\u00e9lo, dans le cadre d&rsquo;une coop\u00e9ration entre les b\u00e9n\u00e9voles de LorV\u00e9lo et de V\u00e9lo Mobilit\u00e9s Actives Grand Est. C&rsquo;est \u00e9galement l&rsquo;aboutissement d&rsquo;une concertation avec les Communaut\u00e9s de communes et offices de tourisme des territoires travers\u00e9s notamment de la CA de [&hellip;]\" \/>\n<meta property=\"og:url\" content=\"https:\/\/etival.fr\/?p=12782\" \/>\n<meta property=\"og:site_name\" content=\"Etival-Clairefontaine\" \/>\n<meta property=\"article:published_time\" content=\"2025-05-02T06:32:09+00:00\" \/>\n<meta property=\"article:modified_time\" content=\"2025-05-02T06:32:54+00:00\" \/>\n<meta property=\"og:image\" content=\"https:\/\/etival.fr\/wp-content\/uploads\/2025\/05\/Flyer-recto-Marfort.jpg\" \/>\n\t<meta property=\"og:image:width\" content=\"670\" \/>\n\t<meta property=\"og:image:height\" content=\"950\" \/>\n\t<meta property=\"og:image:type\" content=\"image\/jpeg\" \/>\n<meta name=\"author\" content=\"Catherine\" \/>\n<meta name=\"twitter:card\" content=\"summary_large_image\" \/>\n<meta name=\"twitter:label1\" content=\"\u00c9crit par\" \/>\n\t<meta name=\"twitter:data1\" content=\"Catherine\" \/>\n\t<meta name=\"twitter:label2\" content=\"Dur\u00e9e de lecture estim\u00e9e\" \/>\n\t<meta name=\"twitter:data2\" content=\"2 minutes\" \/>\n<script type=\"application\/ld+json\" class=\"yoast-schema-graph\">{\"@context\":\"https:\/\/schema.org\",\"@graph\":[{\"@type\":\"Article\",\"@id\":\"https:\/\/etival.fr\/?p=12782#article\",\"isPartOf\":{\"@id\":\"https:\/\/etival.fr\/?p=12782\"},\"author\":{\"name\":\"Catherine\",\"@id\":\"https:\/\/etival.fr\/#\/schema\/person\/966767531f422984430588510b8d4c3f\"},\"headline\":\"La Meurthe \u00e0 v\u00e9lo\",\"datePublished\":\"2025-05-02T06:32:09+00:00\",\"dateModified\":\"2025-05-02T06:32:54+00:00\",\"mainEntityOfPage\":{\"@id\":\"https:\/\/etival.fr\/?p=12782\"},\"wordCount\":229,\"image\":{\"@id\":\"https:\/\/etival.fr\/?p=12782#primaryimage\"},\"thumbnailUrl\":\"https:\/\/etival.fr\/wp-content\/uploads\/2025\/05\/Flyer-recto-Marfort.jpg\",\"articleSection\":[\"Divers\"],\"inLanguage\":\"fr-FR\"},{\"@type\":\"WebPage\",\"@id\":\"https:\/\/etival.fr\/?p=12782\",\"url\":\"https:\/\/etival.fr\/?p=12782\",\"name\":\"La Meurthe \u00e0 v\u00e9lo - Etival-Clairefontaine\",\"isPartOf\":{\"@id\":\"https:\/\/etival.fr\/#website\"},\"primaryImageOfPage\":{\"@id\":\"https:\/\/etival.fr\/?p=12782#primaryimage\"},\"image\":{\"@id\":\"https:\/\/etival.fr\/?p=12782#primaryimage\"},\"thumbnailUrl\":\"https:\/\/etival.fr\/wp-content\/uploads\/2025\/05\/Flyer-recto-Marfort.jpg\",\"datePublished\":\"2025-05-02T06:32:09+00:00\",\"dateModified\":\"2025-05-02T06:32:54+00:00\",\"author\":{\"@id\":\"https:\/\/etival.fr\/#\/schema\/person\/966767531f422984430588510b8d4c3f\"},\"breadcrumb\":{\"@id\":\"https:\/\/etival.fr\/?p=12782#breadcrumb\"},\"inLanguage\":\"fr-FR\",\"potentialAction\":[{\"@type\":\"ReadAction\",\"target\":[\"https:\/\/etival.fr\/?p=12782\"]}]},{\"@type\":\"ImageObject\",\"inLanguage\":\"fr-FR\",\"@id\":\"https:\/\/etival.fr\/?p=12782#primaryimage\",\"url\":\"https:\/\/etival.fr\/wp-content\/uploads\/2025\/05\/Flyer-recto-Marfort.jpg\",\"contentUrl\":\"https:\/\/etival.fr\/wp-content\/uploads\/2025\/05\/Flyer-recto-Marfort.jpg\"},{\"@type\":\"BreadcrumbList\",\"@id\":\"https:\/\/etival.fr\/?p=12782#breadcrumb\",\"itemListElement\":[{\"@type\":\"ListItem\",\"position\":1,\"name\":\"Accueil\",\"item\":\"https:\/\/etival.fr\/\"},{\"@type\":\"ListItem\",\"position\":2,\"name\":\"La Meurthe \u00e0 v\u00e9lo\"}]},{\"@type\":\"WebSite\",\"@id\":\"https:\/\/etival.fr\/#website\",\"url\":\"https:\/\/etival.fr\/\",\"name\":\"Etival-Clairefontaine\",\"description\":\"Informations et actualit\u00e9s de la commune\",\"potentialAction\":[{\"@type\":\"SearchAction\",\"target\":{\"@type\":\"EntryPoint\",\"urlTemplate\":\"https:\/\/etival.fr\/?s={search_term_string}\"},\"query-input\":{\"@type\":\"PropertyValueSpecification\",\"valueRequired\":true,\"valueName\":\"search_term_string\"}}],\"inLanguage\":\"fr-FR\"},{\"@type\":\"Person\",\"@id\":\"https:\/\/etival.fr\/#\/schema\/person\/966767531f422984430588510b8d4c3f\",\"name\":\"Catherine\",\"image\":{\"@type\":\"ImageObject\",\"inLanguage\":\"fr-FR\",\"@id\":\"https:\/\/etival.fr\/#\/schema\/person\/image\/\",\"url\":\"https:\/\/secure.gravatar.com\/avatar\/b99eff3bf59bd614e6c532df451dc649?s=96&d=mm&r=g\",\"contentUrl\":\"https:\/\/secure.gravatar.com\/avatar\/b99eff3bf59bd614e6c532df451dc649?s=96&d=mm&r=g\",\"caption\":\"Catherine\"},\"url\":\"https:\/\/etival.fr\/?author=2\"}]}<\/script>\n<!-- \/ Yoast SEO plugin. -->","yoast_head_json":{"title":"La Meurthe \u00e0 v\u00e9lo - Etival-Clairefontaine","robots":{"index":"index","follow":"follow","max-snippet":"max-snippet:-1","max-image-preview":"max-image-preview:large","max-video-preview":"max-video-preview:-1"},"canonical":"https:\/\/etival.fr\/?p=12782","og_locale":"fr_FR","og_type":"article","og_title":"La Meurthe \u00e0 v\u00e9lo - Etival-Clairefontaine","og_description":"Nous vous informons de la parution des livrets de cyclotourisme d\u00e9di\u00e9s \u00e0 la Meurthe \u00e0 v\u00e9lo, dans le cadre d&rsquo;une coop\u00e9ration entre les b\u00e9n\u00e9voles de LorV\u00e9lo et de V\u00e9lo Mobilit\u00e9s Actives Grand Est. C&rsquo;est \u00e9galement l&rsquo;aboutissement d&rsquo;une concertation avec les Communaut\u00e9s de communes et offices de tourisme des territoires travers\u00e9s notamment de la CA de [&hellip;]","og_url":"https:\/\/etival.fr\/?p=12782","og_site_name":"Etival-Clairefontaine","article_published_time":"2025-05-02T06:32:09+00:00","article_modified_time":"2025-05-02T06:32:54+00:00","og_image":[{"width":670,"height":950,"url":"https:\/\/etival.fr\/wp-content\/uploads\/2025\/05\/Flyer-recto-Marfort.jpg","type":"image\/jpeg"}],"author":"Catherine","twitter_card":"summary_large_image","twitter_misc":{"\u00c9crit par":"Catherine","Dur\u00e9e de lecture estim\u00e9e":"2 minutes"},"schema":{"@context":"https:\/\/schema.org","@graph":[{"@type":"Article","@id":"https:\/\/etival.fr\/?p=12782#article","isPartOf":{"@id":"https:\/\/etival.fr\/?p=12782"},"author":{"name":"Catherine","@id":"https:\/\/etival.fr\/#\/schema\/person\/966767531f422984430588510b8d4c3f"},"headline":"La Meurthe \u00e0 v\u00e9lo","datePublished":"2025-05-02T06:32:09+00:00","dateModified":"2025-05-02T06:32:54+00:00","mainEntityOfPage":{"@id":"https:\/\/etival.fr\/?p=12782"},"wordCount":229,"image":{"@id":"https:\/\/etival.fr\/?p=12782#primaryimage"},"thumbnailUrl":"https:\/\/etival.fr\/wp-content\/uploads\/2025\/05\/Flyer-recto-Marfort.jpg","articleSection":["Divers"],"inLanguage":"fr-FR"},{"@type":"WebPage","@id":"https:\/\/etival.fr\/?p=12782","url":"https:\/\/etival.fr\/?p=12782","name":"La Meurthe \u00e0 v\u00e9lo - Etival-Clairefontaine","isPartOf":{"@id":"https:\/\/etival.fr\/#website"},"primaryImageOfPage":{"@id":"https:\/\/etival.fr\/?p=12782#primaryimage"},"image":{"@id":"https:\/\/etival.fr\/?p=12782#primaryimage"},"thumbnailUrl":"https:\/\/etival.fr\/wp-content\/uploads\/2025\/05\/Flyer-recto-Marfort.jpg","datePublished":"2025-05-02T06:32:09+00:00","dateModified":"2025-05-02T06:32:54+00:00","author":{"@id":"https:\/\/etival.fr\/#\/schema\/person\/966767531f422984430588510b8d4c3f"},"breadcrumb":{"@id":"https:\/\/etival.fr\/?p=12782#breadcrumb"},"inLanguage":"fr-FR","potentialAction":[{"@type":"ReadAction","target":["https:\/\/etival.fr\/?p=12782"]}]},{"@type":"ImageObject","inLanguage":"fr-FR","@id":"https:\/\/etival.fr\/?p=12782#primaryimage","url":"https:\/\/etival.fr\/wp-content\/uploads\/2025\/05\/Flyer-recto-Marfort.jpg","contentUrl":"https:\/\/etival.fr\/wp-content\/uploads\/2025\/05\/Flyer-recto-Marfort.jpg"},{"@type":"BreadcrumbList","@id":"https:\/\/etival.fr\/?p=12782#breadcrumb","itemListElement":[{"@type":"ListItem","position":1,"name":"Accueil","item":"https:\/\/etival.fr\/"},{"@type":"ListItem","position":2,"name":"La Meurthe \u00e0 v\u00e9lo"}]},{"@type":"WebSite","@id":"https:\/\/etival.fr\/#website","url":"https:\/\/etival.fr\/","name":"Etival-Clairefontaine","description":"Informations et actualit\u00e9s de la commune","potentialAction":[{"@type":"SearchAction","target":{"@type":"EntryPoint","urlTemplate":"https:\/\/etival.fr\/?s={search_term_string}"},"query-input":{"@type":"PropertyValueSpecification","valueRequired":true,"valueName":"search_term_string"}}],"inLanguage":"fr-FR"},{"@type":"Person","@id":"https:\/\/etival.fr\/#\/schema\/person\/966767531f422984430588510b8d4c3f","name":"Catherine","image":{"@type":"ImageObject","inLanguage":"fr-FR","@id":"https:\/\/etival.fr\/#\/schema\/person\/image\/","url":"https:\/\/secure.gravatar.com\/avatar\/b99eff3bf59bd614e6c532df451dc649?s=96&d=mm&r=g","contentUrl":"https:\/\/secure.gravatar.com\/avatar\/b99eff3bf59bd614e6c532df451dc649?s=96&d=mm&r=g","caption":"Catherine"},"url":"https:\/\/etival.fr\/?author=2"}]}},"_links":{"self":[{"href":"https:\/\/etival.fr\/index.php?rest_route=\/wp\/v2\/posts\/12782","targetHints":{"allow":["GET"]}}],"collection":[{"href":"https:\/\/etival.fr\/index.php?rest_route=\/wp\/v2\/posts"}],"about":[{"href":"https:\/\/etival.fr\/index.php?rest_route=\/wp\/v2\/types\/post"}],"author":[{"embeddable":true,"href":"https:\/\/etival.fr\/index.php?rest_route=\/wp\/v2\/users\/2"}],"replies":[{"embeddable":true,"href":"https:\/\/etival.fr\/index.php?rest_route=%2Fwp%2Fv2%2Fcomments&post=12782"}],"version-history":[{"count":1,"href":"https:\/\/etival.fr\/index.php?rest_route=\/wp\/v2\/posts\/12782\/revisions"}],"predecessor-version":[{"id":12785,"href":"https:\/\/etival.fr\/index.php?rest_route=\/wp\/v2\/posts\/12782\/revisions\/12785"}],"wp:attachment":[{"href":"https:\/\/etival.fr\/index.php?rest_route=%2Fwp%2Fv2%2Fmedia&parent=12782"}],"wp:term":[{"taxonomy":"category","embeddable":true,"href":"https:\/\/etival.fr\/index.php?rest_route=%2Fwp%2Fv2%2Fcategories&post=12782"},{"taxonomy":"post_tag","embeddable":true,"href":"https:\/\/etival.fr\/index.php?rest_route=%2Fwp%2Fv2%2Ftags&post=12782"}],"curies":[{"name":"wp","href":"https:\/\/api.w.org\/{rel}","templated":true}]}}