{"id":12815,"date":"2025-05-16T08:05:00","date_gmt":"2025-05-16T07:05:00","guid":{"rendered":"https:\/\/etival.fr\/?p=12815"},"modified":"2025-05-16T08:16:23","modified_gmt":"2025-05-16T07:16:23","slug":"fermeture-du-passage-a-niveau-2","status":"publish","type":"post","link":"https:\/\/etival.fr\/?p=12815","title":{"rendered":"ATTENTION MODIFICATION concernant la fermeture du passage \u00e0 niveau"},"content":{"rendered":"\n<figure class=\"wp-block-gallery has-nested-images columns-default is-cropped wp-block-gallery-1 is-layout-flex wp-block-gallery-is-layout-flex\">\n<figure class=\"wp-block-image size-large\"><a href=\"https:\/\/etival.fr\/wp-content\/uploads\/2025\/05\/attention-98513_1280.png\"><img loading=\"lazy\" decoding=\"async\" width=\"1024\" height=\"918\" data-id=\"12830\" src=\"https:\/\/etival.fr\/wp-content\/uploads\/2025\/05\/attention-98513_1280-1024x918.png\" alt=\"\" class=\"wp-image-12830\" srcset=\"https:\/\/etival.fr\/wp-content\/uploads\/2025\/05\/attention-98513_1280-1024x918.png 1024w, https:\/\/etival.fr\/wp-content\/uploads\/2025\/05\/attention-98513_1280-300x269.png 300w, https:\/\/etival.fr\/wp-content\/uploads\/2025\/05\/attention-98513_1280-768x689.png 768w, https:\/\/etival.fr\/wp-content\/uploads\/2025\/05\/attention-98513_1280-624x560.png 624w, https:\/\/etival.fr\/wp-content\/uploads\/2025\/05\/attention-98513_1280.png 1280w\" sizes=\"auto, (max-width: 1024px) 100vw, 1024px\" \/><\/a><\/figure>\n\n\n\n<figure class=\"wp-block-image size-large\"><a href=\"https:\/\/etival.fr\/wp-content\/uploads\/2025\/05\/passage-1.png\"><img loading=\"lazy\" decoding=\"async\" width=\"1024\" height=\"898\" data-id=\"12831\" src=\"https:\/\/etival.fr\/wp-content\/uploads\/2025\/05\/passage-1-1024x898.png\" alt=\"\" class=\"wp-image-12831\" srcset=\"https:\/\/etival.fr\/wp-content\/uploads\/2025\/05\/passage-1-1024x898.png 1024w, https:\/\/etival.fr\/wp-content\/uploads\/2025\/05\/passage-1-300x263.png 300w, https:\/\/etival.fr\/wp-content\/uploads\/2025\/05\/passage-1-768x674.png 768w, https:\/\/etival.fr\/wp-content\/uploads\/2025\/05\/passage-1-1536x1347.png 1536w, https:\/\/etival.fr\/wp-content\/uploads\/2025\/05\/passage-1-624x547.png 624w, https:\/\/etival.fr\/wp-content\/uploads\/2025\/05\/passage-1.png 2033w\" sizes=\"auto, (max-width: 1024px) 100vw, 1024px\" \/><\/a><\/figure>\n<\/figure>\n\n\n\n<p class=\"has-white-color has-medium-gray-background-color has-text-color has-background has-link-color has-medium-font-size wp-elements-3939a1add25912b57760eddbeead250b\">Nous vous informons que la SNCF a programm\u00e9 des travaux sur la ligne Raon-l&rsquo;\u00c9tape \/ Saint-Di\u00e9-des Vosges au droit du PN 52*. (*passage \u00e0 niveau au niveau des Papeteries de Clairefontaine)<\/p>\n\n\n\n<p class=\"has-text-align-center has-white-color has-text-color has-background has-link-color has-medium-font-size wp-elements-1d670247fce78bb8c657a6b3d1ab647e\" style=\"background-color:#f10505\">Pour permettre l\u2019ex\u00e9cution de ces travaux, <br><strong>une interdiction totale de la circulation  <\/strong><br><strong>des v\u00e9hicules \u00e0 moteur, des cycles et des pi\u00e9tons <\/strong><br>sera n\u00e9cessaire du <br><strong>MERCREDI 21 MAI 22H00 au SAMEDI 24 MAI 5h00.<\/strong><\/p>\n","protected":false},"excerpt":{"rendered":"<p>Nous vous informons que la SNCF a programm\u00e9 des travaux sur la ligne Raon-l&rsquo;\u00c9tape \/ Saint-Di\u00e9-des Vosges au droit du PN 52*. (*passage \u00e0 niveau au niveau des Papeteries de Clairefontaine) Pour permettre l\u2019ex\u00e9cution de ces travaux, une interdiction totale de la circulation des v\u00e9hicules \u00e0 moteur, des cycles et des pi\u00e9tons sera n\u00e9cessaire du [&hellip;]<\/p>\n","protected":false},"author":2,"featured_media":0,"comment_status":"closed","ping_status":"open","sticky":false,"template":"","format":"standard","meta":{"footnotes":""},"categories":[6],"tags":[],"class_list":["post-12815","post","type-post","status-publish","format-standard","hentry","category-informations-municipales"],"yoast_head":"<!-- This site is optimized with the Yoast SEO plugin v26.8 - https:\/\/yoast.com\/product\/yoast-seo-wordpress\/ -->\n<title>ATTENTION MODIFICATION concernant la fermeture du passage \u00e0 niveau - Etival-Clairefontaine<\/title>\n<meta name=\"robots\" content=\"index, follow, max-snippet:-1, max-image-preview:large, max-video-preview:-1\" \/>\n<link rel=\"canonical\" href=\"https:\/\/etival.fr\/?p=12815\" \/>\n<meta property=\"og:locale\" content=\"fr_FR\" \/>\n<meta property=\"og:type\" content=\"article\" \/>\n<meta property=\"og:title\" content=\"ATTENTION MODIFICATION concernant la fermeture du passage \u00e0 niveau - Etival-Clairefontaine\" \/>\n<meta property=\"og:description\" content=\"Nous vous informons que la SNCF a programm\u00e9 des travaux sur la ligne Raon-l&rsquo;\u00c9tape \/ Saint-Di\u00e9-des Vosges au droit du PN 52*. (*passage \u00e0 niveau au niveau des Papeteries de Clairefontaine) Pour permettre l\u2019ex\u00e9cution de ces travaux, une interdiction totale de la circulation des v\u00e9hicules \u00e0 moteur, des cycles et des pi\u00e9tons sera n\u00e9cessaire du [&hellip;]\" \/>\n<meta property=\"og:url\" content=\"https:\/\/etival.fr\/?p=12815\" \/>\n<meta property=\"og:site_name\" content=\"Etival-Clairefontaine\" \/>\n<meta property=\"article:published_time\" content=\"2025-05-16T07:05:00+00:00\" \/>\n<meta property=\"article:modified_time\" content=\"2025-05-16T07:16:23+00:00\" \/>\n<meta property=\"og:image\" content=\"https:\/\/etival.fr\/wp-content\/uploads\/2025\/05\/attention-98513_1280.png\" \/>\n\t<meta property=\"og:image:width\" content=\"1280\" \/>\n\t<meta property=\"og:image:height\" content=\"1148\" \/>\n\t<meta property=\"og:image:type\" content=\"image\/png\" \/>\n<meta name=\"author\" content=\"Catherine\" \/>\n<meta name=\"twitter:card\" content=\"summary_large_image\" \/>\n<meta name=\"twitter:label1\" content=\"\u00c9crit par\" \/>\n\t<meta name=\"twitter:data1\" content=\"Catherine\" \/>\n\t<meta name=\"twitter:label2\" content=\"Dur\u00e9e de lecture estim\u00e9e\" \/>\n\t<meta name=\"twitter:data2\" content=\"1 minute\" \/>\n<script type=\"application\/ld+json\" class=\"yoast-schema-graph\">{\"@context\":\"https:\/\/schema.org\",\"@graph\":[{\"@type\":\"Article\",\"@id\":\"https:\/\/etival.fr\/?p=12815#article\",\"isPartOf\":{\"@id\":\"https:\/\/etival.fr\/?p=12815\"},\"author\":{\"name\":\"Catherine\",\"@id\":\"https:\/\/etival.fr\/#\/schema\/person\/966767531f422984430588510b8d4c3f\"},\"headline\":\"ATTENTION MODIFICATION concernant la fermeture du passage \u00e0 niveau\",\"datePublished\":\"2025-05-16T07:05:00+00:00\",\"dateModified\":\"2025-05-16T07:16:23+00:00\",\"mainEntityOfPage\":{\"@id\":\"https:\/\/etival.fr\/?p=12815\"},\"wordCount\":73,\"image\":{\"@id\":\"https:\/\/etival.fr\/?p=12815#primaryimage\"},\"thumbnailUrl\":\"https:\/\/etival.fr\/wp-content\/uploads\/2025\/05\/attention-98513_1280-1024x918.png\",\"articleSection\":[\"Informations Municipales\"],\"inLanguage\":\"fr-FR\"},{\"@type\":\"WebPage\",\"@id\":\"https:\/\/etival.fr\/?p=12815\",\"url\":\"https:\/\/etival.fr\/?p=12815\",\"name\":\"ATTENTION MODIFICATION concernant la fermeture du passage \u00e0 niveau - Etival-Clairefontaine\",\"isPartOf\":{\"@id\":\"https:\/\/etival.fr\/#website\"},\"primaryImageOfPage\":{\"@id\":\"https:\/\/etival.fr\/?p=12815#primaryimage\"},\"image\":{\"@id\":\"https:\/\/etival.fr\/?p=12815#primaryimage\"},\"thumbnailUrl\":\"https:\/\/etival.fr\/wp-content\/uploads\/2025\/05\/attention-98513_1280-1024x918.png\",\"datePublished\":\"2025-05-16T07:05:00+00:00\",\"dateModified\":\"2025-05-16T07:16:23+00:00\",\"author\":{\"@id\":\"https:\/\/etival.fr\/#\/schema\/person\/966767531f422984430588510b8d4c3f\"},\"breadcrumb\":{\"@id\":\"https:\/\/etival.fr\/?p=12815#breadcrumb\"},\"inLanguage\":\"fr-FR\",\"potentialAction\":[{\"@type\":\"ReadAction\",\"target\":[\"https:\/\/etival.fr\/?p=12815\"]}]},{\"@type\":\"ImageObject\",\"inLanguage\":\"fr-FR\",\"@id\":\"https:\/\/etival.fr\/?p=12815#primaryimage\",\"url\":\"https:\/\/etival.fr\/wp-content\/uploads\/2025\/05\/attention-98513_1280.png\",\"contentUrl\":\"https:\/\/etival.fr\/wp-content\/uploads\/2025\/05\/attention-98513_1280.png\",\"width\":1280,\"height\":1148},{\"@type\":\"BreadcrumbList\",\"@id\":\"https:\/\/etival.fr\/?p=12815#breadcrumb\",\"itemListElement\":[{\"@type\":\"ListItem\",\"position\":1,\"name\":\"Accueil\",\"item\":\"https:\/\/etival.fr\/\"},{\"@type\":\"ListItem\",\"position\":2,\"name\":\"ATTENTION MODIFICATION concernant la fermeture du passage \u00e0 niveau\"}]},{\"@type\":\"WebSite\",\"@id\":\"https:\/\/etival.fr\/#website\",\"url\":\"https:\/\/etival.fr\/\",\"name\":\"Etival-Clairefontaine\",\"description\":\"Informations et actualit\u00e9s de la commune\",\"potentialAction\":[{\"@type\":\"SearchAction\",\"target\":{\"@type\":\"EntryPoint\",\"urlTemplate\":\"https:\/\/etival.fr\/?s={search_term_string}\"},\"query-input\":{\"@type\":\"PropertyValueSpecification\",\"valueRequired\":true,\"valueName\":\"search_term_string\"}}],\"inLanguage\":\"fr-FR\"},{\"@type\":\"Person\",\"@id\":\"https:\/\/etival.fr\/#\/schema\/person\/966767531f422984430588510b8d4c3f\",\"name\":\"Catherine\",\"image\":{\"@type\":\"ImageObject\",\"inLanguage\":\"fr-FR\",\"@id\":\"https:\/\/etival.fr\/#\/schema\/person\/image\/\",\"url\":\"https:\/\/secure.gravatar.com\/avatar\/b99eff3bf59bd614e6c532df451dc649?s=96&d=mm&r=g\",\"contentUrl\":\"https:\/\/secure.gravatar.com\/avatar\/b99eff3bf59bd614e6c532df451dc649?s=96&d=mm&r=g\",\"caption\":\"Catherine\"},\"url\":\"https:\/\/etival.fr\/?author=2\"}]}<\/script>\n<!-- \/ Yoast SEO plugin. -->","yoast_head_json":{"title":"ATTENTION MODIFICATION concernant la fermeture du passage \u00e0 niveau - Etival-Clairefontaine","robots":{"index":"index","follow":"follow","max-snippet":"max-snippet:-1","max-image-preview":"max-image-preview:large","max-video-preview":"max-video-preview:-1"},"canonical":"https:\/\/etival.fr\/?p=12815","og_locale":"fr_FR","og_type":"article","og_title":"ATTENTION MODIFICATION concernant la fermeture du passage \u00e0 niveau - Etival-Clairefontaine","og_description":"Nous vous informons que la SNCF a programm\u00e9 des travaux sur la ligne Raon-l&rsquo;\u00c9tape \/ Saint-Di\u00e9-des Vosges au droit du PN 52*. (*passage \u00e0 niveau au niveau des Papeteries de Clairefontaine) Pour permettre l\u2019ex\u00e9cution de ces travaux, une interdiction totale de la circulation des v\u00e9hicules \u00e0 moteur, des cycles et des pi\u00e9tons sera n\u00e9cessaire du [&hellip;]","og_url":"https:\/\/etival.fr\/?p=12815","og_site_name":"Etival-Clairefontaine","article_published_time":"2025-05-16T07:05:00+00:00","article_modified_time":"2025-05-16T07:16:23+00:00","og_image":[{"width":1280,"height":1148,"url":"https:\/\/etival.fr\/wp-content\/uploads\/2025\/05\/attention-98513_1280.png","type":"image\/png"}],"author":"Catherine","twitter_card":"summary_large_image","twitter_misc":{"\u00c9crit par":"Catherine","Dur\u00e9e de lecture estim\u00e9e":"1 minute"},"schema":{"@context":"https:\/\/schema.org","@graph":[{"@type":"Article","@id":"https:\/\/etival.fr\/?p=12815#article","isPartOf":{"@id":"https:\/\/etival.fr\/?p=12815"},"author":{"name":"Catherine","@id":"https:\/\/etival.fr\/#\/schema\/person\/966767531f422984430588510b8d4c3f"},"headline":"ATTENTION MODIFICATION concernant la fermeture du passage \u00e0 niveau","datePublished":"2025-05-16T07:05:00+00:00","dateModified":"2025-05-16T07:16:23+00:00","mainEntityOfPage":{"@id":"https:\/\/etival.fr\/?p=12815"},"wordCount":73,"image":{"@id":"https:\/\/etival.fr\/?p=12815#primaryimage"},"thumbnailUrl":"https:\/\/etival.fr\/wp-content\/uploads\/2025\/05\/attention-98513_1280-1024x918.png","articleSection":["Informations Municipales"],"inLanguage":"fr-FR"},{"@type":"WebPage","@id":"https:\/\/etival.fr\/?p=12815","url":"https:\/\/etival.fr\/?p=12815","name":"ATTENTION MODIFICATION concernant la fermeture du passage \u00e0 niveau - Etival-Clairefontaine","isPartOf":{"@id":"https:\/\/etival.fr\/#website"},"primaryImageOfPage":{"@id":"https:\/\/etival.fr\/?p=12815#primaryimage"},"image":{"@id":"https:\/\/etival.fr\/?p=12815#primaryimage"},"thumbnailUrl":"https:\/\/etival.fr\/wp-content\/uploads\/2025\/05\/attention-98513_1280-1024x918.png","datePublished":"2025-05-16T07:05:00+00:00","dateModified":"2025-05-16T07:16:23+00:00","author":{"@id":"https:\/\/etival.fr\/#\/schema\/person\/966767531f422984430588510b8d4c3f"},"breadcrumb":{"@id":"https:\/\/etival.fr\/?p=12815#breadcrumb"},"inLanguage":"fr-FR","potentialAction":[{"@type":"ReadAction","target":["https:\/\/etival.fr\/?p=12815"]}]},{"@type":"ImageObject","inLanguage":"fr-FR","@id":"https:\/\/etival.fr\/?p=12815#primaryimage","url":"https:\/\/etival.fr\/wp-content\/uploads\/2025\/05\/attention-98513_1280.png","contentUrl":"https:\/\/etival.fr\/wp-content\/uploads\/2025\/05\/attention-98513_1280.png","width":1280,"height":1148},{"@type":"BreadcrumbList","@id":"https:\/\/etival.fr\/?p=12815#breadcrumb","itemListElement":[{"@type":"ListItem","position":1,"name":"Accueil","item":"https:\/\/etival.fr\/"},{"@type":"ListItem","position":2,"name":"ATTENTION MODIFICATION concernant la fermeture du passage \u00e0 niveau"}]},{"@type":"WebSite","@id":"https:\/\/etival.fr\/#website","url":"https:\/\/etival.fr\/","name":"Etival-Clairefontaine","description":"Informations et actualit\u00e9s de la commune","potentialAction":[{"@type":"SearchAction","target":{"@type":"EntryPoint","urlTemplate":"https:\/\/etival.fr\/?s={search_term_string}"},"query-input":{"@type":"PropertyValueSpecification","valueRequired":true,"valueName":"search_term_string"}}],"inLanguage":"fr-FR"},{"@type":"Person","@id":"https:\/\/etival.fr\/#\/schema\/person\/966767531f422984430588510b8d4c3f","name":"Catherine","image":{"@type":"ImageObject","inLanguage":"fr-FR","@id":"https:\/\/etival.fr\/#\/schema\/person\/image\/","url":"https:\/\/secure.gravatar.com\/avatar\/b99eff3bf59bd614e6c532df451dc649?s=96&d=mm&r=g","contentUrl":"https:\/\/secure.gravatar.com\/avatar\/b99eff3bf59bd614e6c532df451dc649?s=96&d=mm&r=g","caption":"Catherine"},"url":"https:\/\/etival.fr\/?author=2"}]}},"_links":{"self":[{"href":"https:\/\/etival.fr\/index.php?rest_route=\/wp\/v2\/posts\/12815","targetHints":{"allow":["GET"]}}],"collection":[{"href":"https:\/\/etival.fr\/index.php?rest_route=\/wp\/v2\/posts"}],"about":[{"href":"https:\/\/etival.fr\/index.php?rest_route=\/wp\/v2\/types\/post"}],"author":[{"embeddable":true,"href":"https:\/\/etival.fr\/index.php?rest_route=\/wp\/v2\/users\/2"}],"replies":[{"embeddable":true,"href":"https:\/\/etival.fr\/index.php?rest_route=%2Fwp%2Fv2%2Fcomments&post=12815"}],"version-history":[{"count":4,"href":"https:\/\/etival.fr\/index.php?rest_route=\/wp\/v2\/posts\/12815\/revisions"}],"predecessor-version":[{"id":12832,"href":"https:\/\/etival.fr\/index.php?rest_route=\/wp\/v2\/posts\/12815\/revisions\/12832"}],"wp:attachment":[{"href":"https:\/\/etival.fr\/index.php?rest_route=%2Fwp%2Fv2%2Fmedia&parent=12815"}],"wp:term":[{"taxonomy":"category","embeddable":true,"href":"https:\/\/etival.fr\/index.php?rest_route=%2Fwp%2Fv2%2Fcategories&post=12815"},{"taxonomy":"post_tag","embeddable":true,"href":"https:\/\/etival.fr\/index.php?rest_route=%2Fwp%2Fv2%2Ftags&post=12815"}],"curies":[{"name":"wp","href":"https:\/\/api.w.org\/{rel}","templated":true}]}}