{"id":12833,"date":"2025-05-16T09:51:41","date_gmt":"2025-05-16T08:51:41","guid":{"rendered":"https:\/\/etival.fr\/?p=12833"},"modified":"2025-05-16T09:52:26","modified_gmt":"2025-05-16T08:52:26","slug":"informations-pour-les-inscriptions-au-transport-scolaire-rentree-2025-2026","status":"publish","type":"post","link":"https:\/\/etival.fr\/?p=12833","title":{"rendered":"Informations pour les inscriptions au transport scolaire, rentr\u00e9e 2025-2026"},"content":{"rendered":"\n<p>Comme l&rsquo;ann\u00e9e derni\u00e8re, il est pr\u00e9f\u00e9rable d&rsquo;inscrire vos enfants au plus t\u00f4t dans l&rsquo;\u00e9t\u00e9. <\/p>\n\n\n\n<figure class=\"wp-block-gallery has-nested-images columns-default is-cropped wp-block-gallery-1 is-layout-flex wp-block-gallery-is-layout-flex\">\n<figure class=\"wp-block-image size-large\"><a href=\"https:\/\/etival.fr\/wp-content\/uploads\/2025\/05\/Flyer_A5_College_2025-2026__compressed-1-scaled.jpg\"><img loading=\"lazy\" decoding=\"async\" width=\"735\" height=\"1024\" data-id=\"12834\" src=\"https:\/\/etival.fr\/wp-content\/uploads\/2025\/05\/Flyer_A5_College_2025-2026__compressed-1-735x1024.jpg\" alt=\"\" class=\"wp-image-12834\" srcset=\"https:\/\/etival.fr\/wp-content\/uploads\/2025\/05\/Flyer_A5_College_2025-2026__compressed-1-735x1024.jpg 735w, https:\/\/etival.fr\/wp-content\/uploads\/2025\/05\/Flyer_A5_College_2025-2026__compressed-1-215x300.jpg 215w, https:\/\/etival.fr\/wp-content\/uploads\/2025\/05\/Flyer_A5_College_2025-2026__compressed-1-768x1069.jpg 768w, https:\/\/etival.fr\/wp-content\/uploads\/2025\/05\/Flyer_A5_College_2025-2026__compressed-1-1103x1536.jpg 1103w, https:\/\/etival.fr\/wp-content\/uploads\/2025\/05\/Flyer_A5_College_2025-2026__compressed-1-1471x2048.jpg 1471w, https:\/\/etival.fr\/wp-content\/uploads\/2025\/05\/Flyer_A5_College_2025-2026__compressed-1-624x869.jpg 624w, https:\/\/etival.fr\/wp-content\/uploads\/2025\/05\/Flyer_A5_College_2025-2026__compressed-1-scaled.jpg 1839w\" sizes=\"auto, (max-width: 735px) 100vw, 735px\" \/><\/a><\/figure>\n\n\n\n<figure class=\"wp-block-image size-large\"><a href=\"https:\/\/etival.fr\/wp-content\/uploads\/2025\/05\/Flyer_A5_College_2025-2026__compressed-2-scaled.jpg\"><img loading=\"lazy\" decoding=\"async\" width=\"735\" height=\"1024\" data-id=\"12835\" src=\"https:\/\/etival.fr\/wp-content\/uploads\/2025\/05\/Flyer_A5_College_2025-2026__compressed-2-735x1024.jpg\" alt=\"\" class=\"wp-image-12835\" srcset=\"https:\/\/etival.fr\/wp-content\/uploads\/2025\/05\/Flyer_A5_College_2025-2026__compressed-2-735x1024.jpg 735w, https:\/\/etival.fr\/wp-content\/uploads\/2025\/05\/Flyer_A5_College_2025-2026__compressed-2-215x300.jpg 215w, https:\/\/etival.fr\/wp-content\/uploads\/2025\/05\/Flyer_A5_College_2025-2026__compressed-2-768x1069.jpg 768w, https:\/\/etival.fr\/wp-content\/uploads\/2025\/05\/Flyer_A5_College_2025-2026__compressed-2-1103x1536.jpg 1103w, https:\/\/etival.fr\/wp-content\/uploads\/2025\/05\/Flyer_A5_College_2025-2026__compressed-2-1471x2048.jpg 1471w, https:\/\/etival.fr\/wp-content\/uploads\/2025\/05\/Flyer_A5_College_2025-2026__compressed-2-624x869.jpg 624w, https:\/\/etival.fr\/wp-content\/uploads\/2025\/05\/Flyer_A5_College_2025-2026__compressed-2-scaled.jpg 1839w\" sizes=\"auto, (max-width: 735px) 100vw, 735px\" \/><\/a><\/figure>\n<\/figure>\n\n\n\n<p class=\"has-medium-font-size\">Les tarifs<strong>&nbsp;pour le secondaire<\/strong>&nbsp;pour les transports sont \u00e0 :<\/p>\n\n\n\n<ul class=\"wp-block-list\">\n<li class=\"has-medium-font-size\"><strong>94 \u20ac jusqu&rsquo;au 14 juillet<\/strong>.<\/li>\n\n\n\n<li class=\"has-medium-font-size\">104 \u20ac entre le 14 juillet et le 15 aout.<\/li>\n\n\n\n<li class=\"has-medium-font-size\">114 \u20ac \u00e0 partir du 16 aout.<\/li>\n<\/ul>\n\n\n\n<p class=\"has-text-color has-link-color wp-elements-49109227305cb950d85420b451879273\" style=\"color:#25898c\"><em>La commune participe \u00e0 hauteur de 94\u20ac\/ann\u00e9e scolaire pour le transport des \u00e9l\u00e8ves jusqu&rsquo;\u00e0 l&rsquo;\u00e2ge de 16 ans. <\/em><br><em>Afin de proc\u00e9der au remboursement de ces frais, merci de faire parvenir en Mairie ou par mail \u00e0 commnunication@etival.fr, <strong>obligatoirement avant le 15 octobre 2025<\/strong> :<\/em><br>&#8211; <em>un justificatif de paiement, <\/em><br>&#8211; <em>un Relev\u00e9 d\u2019Identit\u00e9 Bancaire <\/em><br><em>&#8211; une photocopie de la carte d&rsquo;identit\u00e9 ou de la carte de bus.<br><strong>(Apr\u00e8s cette date, aucun remboursement ne pourra \u00eatre effectu\u00e9).<\/strong><\/em><\/p>\n","protected":false},"excerpt":{"rendered":"<p>Comme l&rsquo;ann\u00e9e derni\u00e8re, il est pr\u00e9f\u00e9rable d&rsquo;inscrire vos enfants au plus t\u00f4t dans l&rsquo;\u00e9t\u00e9. Les tarifs&nbsp;pour le secondaire&nbsp;pour les transports sont \u00e0 : La commune participe \u00e0 hauteur de 94\u20ac\/ann\u00e9e scolaire pour le transport des \u00e9l\u00e8ves jusqu&rsquo;\u00e0 l&rsquo;\u00e2ge de 16 ans. Afin de proc\u00e9der au remboursement de ces frais, merci de faire parvenir en Mairie [&hellip;]<\/p>\n","protected":false},"author":2,"featured_media":0,"comment_status":"closed","ping_status":"open","sticky":false,"template":"","format":"standard","meta":{"footnotes":""},"categories":[9,6],"tags":[],"class_list":["post-12833","post","type-post","status-publish","format-standard","hentry","category-communaute-dagglomeration-de-saint-die-des-vosges","category-informations-municipales"],"yoast_head":"<!-- This site is optimized with the Yoast SEO plugin v26.8 - https:\/\/yoast.com\/product\/yoast-seo-wordpress\/ -->\n<title>Informations pour les inscriptions au transport scolaire, rentr\u00e9e 2025-2026 - Etival-Clairefontaine<\/title>\n<meta name=\"robots\" content=\"index, follow, max-snippet:-1, max-image-preview:large, max-video-preview:-1\" \/>\n<link rel=\"canonical\" href=\"https:\/\/etival.fr\/?p=12833\" \/>\n<meta property=\"og:locale\" content=\"fr_FR\" \/>\n<meta property=\"og:type\" content=\"article\" \/>\n<meta property=\"og:title\" content=\"Informations pour les inscriptions au transport scolaire, rentr\u00e9e 2025-2026 - Etival-Clairefontaine\" \/>\n<meta property=\"og:description\" content=\"Comme l&rsquo;ann\u00e9e derni\u00e8re, il est pr\u00e9f\u00e9rable d&rsquo;inscrire vos enfants au plus t\u00f4t dans l&rsquo;\u00e9t\u00e9. Les tarifs&nbsp;pour le secondaire&nbsp;pour les transports sont \u00e0 : La commune participe \u00e0 hauteur de 94\u20ac\/ann\u00e9e scolaire pour le transport des \u00e9l\u00e8ves jusqu&rsquo;\u00e0 l&rsquo;\u00e2ge de 16 ans. Afin de proc\u00e9der au remboursement de ces frais, merci de faire parvenir en Mairie [&hellip;]\" \/>\n<meta property=\"og:url\" content=\"https:\/\/etival.fr\/?p=12833\" \/>\n<meta property=\"og:site_name\" content=\"Etival-Clairefontaine\" \/>\n<meta property=\"article:published_time\" content=\"2025-05-16T08:51:41+00:00\" \/>\n<meta property=\"article:modified_time\" content=\"2025-05-16T08:52:26+00:00\" \/>\n<meta property=\"og:image\" content=\"https:\/\/etival.fr\/wp-content\/uploads\/2025\/05\/Flyer_A5_College_2025-2026__compressed-1-scaled.jpg\" \/>\n\t<meta property=\"og:image:width\" content=\"1839\" \/>\n\t<meta property=\"og:image:height\" content=\"2560\" \/>\n\t<meta property=\"og:image:type\" content=\"image\/jpeg\" \/>\n<meta name=\"author\" content=\"Catherine\" \/>\n<meta name=\"twitter:card\" content=\"summary_large_image\" \/>\n<meta name=\"twitter:label1\" content=\"\u00c9crit par\" \/>\n\t<meta name=\"twitter:data1\" content=\"Catherine\" \/>\n\t<meta name=\"twitter:label2\" content=\"Dur\u00e9e de lecture estim\u00e9e\" \/>\n\t<meta name=\"twitter:data2\" content=\"2 minutes\" \/>\n<script type=\"application\/ld+json\" class=\"yoast-schema-graph\">{\"@context\":\"https:\/\/schema.org\",\"@graph\":[{\"@type\":\"Article\",\"@id\":\"https:\/\/etival.fr\/?p=12833#article\",\"isPartOf\":{\"@id\":\"https:\/\/etival.fr\/?p=12833\"},\"author\":{\"name\":\"Catherine\",\"@id\":\"https:\/\/etival.fr\/#\/schema\/person\/966767531f422984430588510b8d4c3f\"},\"headline\":\"Informations pour les inscriptions au transport scolaire, rentr\u00e9e 2025-2026\",\"datePublished\":\"2025-05-16T08:51:41+00:00\",\"dateModified\":\"2025-05-16T08:52:26+00:00\",\"mainEntityOfPage\":{\"@id\":\"https:\/\/etival.fr\/?p=12833\"},\"wordCount\":134,\"image\":{\"@id\":\"https:\/\/etival.fr\/?p=12833#primaryimage\"},\"thumbnailUrl\":\"https:\/\/etival.fr\/wp-content\/uploads\/2025\/05\/Flyer_A5_College_2025-2026__compressed-1-735x1024.jpg\",\"articleSection\":[\"Communaut\u00e9 d'Agglom\u00e9ration de Saint-Di\u00e9-Des-Vosges\",\"Informations Municipales\"],\"inLanguage\":\"fr-FR\"},{\"@type\":\"WebPage\",\"@id\":\"https:\/\/etival.fr\/?p=12833\",\"url\":\"https:\/\/etival.fr\/?p=12833\",\"name\":\"Informations pour les inscriptions au transport scolaire, rentr\u00e9e 2025-2026 - Etival-Clairefontaine\",\"isPartOf\":{\"@id\":\"https:\/\/etival.fr\/#website\"},\"primaryImageOfPage\":{\"@id\":\"https:\/\/etival.fr\/?p=12833#primaryimage\"},\"image\":{\"@id\":\"https:\/\/etival.fr\/?p=12833#primaryimage\"},\"thumbnailUrl\":\"https:\/\/etival.fr\/wp-content\/uploads\/2025\/05\/Flyer_A5_College_2025-2026__compressed-1-735x1024.jpg\",\"datePublished\":\"2025-05-16T08:51:41+00:00\",\"dateModified\":\"2025-05-16T08:52:26+00:00\",\"author\":{\"@id\":\"https:\/\/etival.fr\/#\/schema\/person\/966767531f422984430588510b8d4c3f\"},\"breadcrumb\":{\"@id\":\"https:\/\/etival.fr\/?p=12833#breadcrumb\"},\"inLanguage\":\"fr-FR\",\"potentialAction\":[{\"@type\":\"ReadAction\",\"target\":[\"https:\/\/etival.fr\/?p=12833\"]}]},{\"@type\":\"ImageObject\",\"inLanguage\":\"fr-FR\",\"@id\":\"https:\/\/etival.fr\/?p=12833#primaryimage\",\"url\":\"https:\/\/etival.fr\/wp-content\/uploads\/2025\/05\/Flyer_A5_College_2025-2026__compressed-1-scaled.jpg\",\"contentUrl\":\"https:\/\/etival.fr\/wp-content\/uploads\/2025\/05\/Flyer_A5_College_2025-2026__compressed-1-scaled.jpg\",\"width\":1839,\"height\":2560},{\"@type\":\"BreadcrumbList\",\"@id\":\"https:\/\/etival.fr\/?p=12833#breadcrumb\",\"itemListElement\":[{\"@type\":\"ListItem\",\"position\":1,\"name\":\"Accueil\",\"item\":\"https:\/\/etival.fr\/\"},{\"@type\":\"ListItem\",\"position\":2,\"name\":\"Informations pour les inscriptions au transport scolaire, rentr\u00e9e 2025-2026\"}]},{\"@type\":\"WebSite\",\"@id\":\"https:\/\/etival.fr\/#website\",\"url\":\"https:\/\/etival.fr\/\",\"name\":\"Etival-Clairefontaine\",\"description\":\"Informations et actualit\u00e9s de la commune\",\"potentialAction\":[{\"@type\":\"SearchAction\",\"target\":{\"@type\":\"EntryPoint\",\"urlTemplate\":\"https:\/\/etival.fr\/?s={search_term_string}\"},\"query-input\":{\"@type\":\"PropertyValueSpecification\",\"valueRequired\":true,\"valueName\":\"search_term_string\"}}],\"inLanguage\":\"fr-FR\"},{\"@type\":\"Person\",\"@id\":\"https:\/\/etival.fr\/#\/schema\/person\/966767531f422984430588510b8d4c3f\",\"name\":\"Catherine\",\"image\":{\"@type\":\"ImageObject\",\"inLanguage\":\"fr-FR\",\"@id\":\"https:\/\/etival.fr\/#\/schema\/person\/image\/\",\"url\":\"https:\/\/secure.gravatar.com\/avatar\/b99eff3bf59bd614e6c532df451dc649?s=96&d=mm&r=g\",\"contentUrl\":\"https:\/\/secure.gravatar.com\/avatar\/b99eff3bf59bd614e6c532df451dc649?s=96&d=mm&r=g\",\"caption\":\"Catherine\"},\"url\":\"https:\/\/etival.fr\/?author=2\"}]}<\/script>\n<!-- \/ Yoast SEO plugin. -->","yoast_head_json":{"title":"Informations pour les inscriptions au transport scolaire, rentr\u00e9e 2025-2026 - Etival-Clairefontaine","robots":{"index":"index","follow":"follow","max-snippet":"max-snippet:-1","max-image-preview":"max-image-preview:large","max-video-preview":"max-video-preview:-1"},"canonical":"https:\/\/etival.fr\/?p=12833","og_locale":"fr_FR","og_type":"article","og_title":"Informations pour les inscriptions au transport scolaire, rentr\u00e9e 2025-2026 - Etival-Clairefontaine","og_description":"Comme l&rsquo;ann\u00e9e derni\u00e8re, il est pr\u00e9f\u00e9rable d&rsquo;inscrire vos enfants au plus t\u00f4t dans l&rsquo;\u00e9t\u00e9. Les tarifs&nbsp;pour le secondaire&nbsp;pour les transports sont \u00e0 : La commune participe \u00e0 hauteur de 94\u20ac\/ann\u00e9e scolaire pour le transport des \u00e9l\u00e8ves jusqu&rsquo;\u00e0 l&rsquo;\u00e2ge de 16 ans. Afin de proc\u00e9der au remboursement de ces frais, merci de faire parvenir en Mairie [&hellip;]","og_url":"https:\/\/etival.fr\/?p=12833","og_site_name":"Etival-Clairefontaine","article_published_time":"2025-05-16T08:51:41+00:00","article_modified_time":"2025-05-16T08:52:26+00:00","og_image":[{"width":1839,"height":2560,"url":"https:\/\/etival.fr\/wp-content\/uploads\/2025\/05\/Flyer_A5_College_2025-2026__compressed-1-scaled.jpg","type":"image\/jpeg"}],"author":"Catherine","twitter_card":"summary_large_image","twitter_misc":{"\u00c9crit par":"Catherine","Dur\u00e9e de lecture estim\u00e9e":"2 minutes"},"schema":{"@context":"https:\/\/schema.org","@graph":[{"@type":"Article","@id":"https:\/\/etival.fr\/?p=12833#article","isPartOf":{"@id":"https:\/\/etival.fr\/?p=12833"},"author":{"name":"Catherine","@id":"https:\/\/etival.fr\/#\/schema\/person\/966767531f422984430588510b8d4c3f"},"headline":"Informations pour les inscriptions au transport scolaire, rentr\u00e9e 2025-2026","datePublished":"2025-05-16T08:51:41+00:00","dateModified":"2025-05-16T08:52:26+00:00","mainEntityOfPage":{"@id":"https:\/\/etival.fr\/?p=12833"},"wordCount":134,"image":{"@id":"https:\/\/etival.fr\/?p=12833#primaryimage"},"thumbnailUrl":"https:\/\/etival.fr\/wp-content\/uploads\/2025\/05\/Flyer_A5_College_2025-2026__compressed-1-735x1024.jpg","articleSection":["Communaut\u00e9 d'Agglom\u00e9ration de Saint-Di\u00e9-Des-Vosges","Informations Municipales"],"inLanguage":"fr-FR"},{"@type":"WebPage","@id":"https:\/\/etival.fr\/?p=12833","url":"https:\/\/etival.fr\/?p=12833","name":"Informations pour les inscriptions au transport scolaire, rentr\u00e9e 2025-2026 - Etival-Clairefontaine","isPartOf":{"@id":"https:\/\/etival.fr\/#website"},"primaryImageOfPage":{"@id":"https:\/\/etival.fr\/?p=12833#primaryimage"},"image":{"@id":"https:\/\/etival.fr\/?p=12833#primaryimage"},"thumbnailUrl":"https:\/\/etival.fr\/wp-content\/uploads\/2025\/05\/Flyer_A5_College_2025-2026__compressed-1-735x1024.jpg","datePublished":"2025-05-16T08:51:41+00:00","dateModified":"2025-05-16T08:52:26+00:00","author":{"@id":"https:\/\/etival.fr\/#\/schema\/person\/966767531f422984430588510b8d4c3f"},"breadcrumb":{"@id":"https:\/\/etival.fr\/?p=12833#breadcrumb"},"inLanguage":"fr-FR","potentialAction":[{"@type":"ReadAction","target":["https:\/\/etival.fr\/?p=12833"]}]},{"@type":"ImageObject","inLanguage":"fr-FR","@id":"https:\/\/etival.fr\/?p=12833#primaryimage","url":"https:\/\/etival.fr\/wp-content\/uploads\/2025\/05\/Flyer_A5_College_2025-2026__compressed-1-scaled.jpg","contentUrl":"https:\/\/etival.fr\/wp-content\/uploads\/2025\/05\/Flyer_A5_College_2025-2026__compressed-1-scaled.jpg","width":1839,"height":2560},{"@type":"BreadcrumbList","@id":"https:\/\/etival.fr\/?p=12833#breadcrumb","itemListElement":[{"@type":"ListItem","position":1,"name":"Accueil","item":"https:\/\/etival.fr\/"},{"@type":"ListItem","position":2,"name":"Informations pour les inscriptions au transport scolaire, rentr\u00e9e 2025-2026"}]},{"@type":"WebSite","@id":"https:\/\/etival.fr\/#website","url":"https:\/\/etival.fr\/","name":"Etival-Clairefontaine","description":"Informations et actualit\u00e9s de la commune","potentialAction":[{"@type":"SearchAction","target":{"@type":"EntryPoint","urlTemplate":"https:\/\/etival.fr\/?s={search_term_string}"},"query-input":{"@type":"PropertyValueSpecification","valueRequired":true,"valueName":"search_term_string"}}],"inLanguage":"fr-FR"},{"@type":"Person","@id":"https:\/\/etival.fr\/#\/schema\/person\/966767531f422984430588510b8d4c3f","name":"Catherine","image":{"@type":"ImageObject","inLanguage":"fr-FR","@id":"https:\/\/etival.fr\/#\/schema\/person\/image\/","url":"https:\/\/secure.gravatar.com\/avatar\/b99eff3bf59bd614e6c532df451dc649?s=96&d=mm&r=g","contentUrl":"https:\/\/secure.gravatar.com\/avatar\/b99eff3bf59bd614e6c532df451dc649?s=96&d=mm&r=g","caption":"Catherine"},"url":"https:\/\/etival.fr\/?author=2"}]}},"_links":{"self":[{"href":"https:\/\/etival.fr\/index.php?rest_route=\/wp\/v2\/posts\/12833","targetHints":{"allow":["GET"]}}],"collection":[{"href":"https:\/\/etival.fr\/index.php?rest_route=\/wp\/v2\/posts"}],"about":[{"href":"https:\/\/etival.fr\/index.php?rest_route=\/wp\/v2\/types\/post"}],"author":[{"embeddable":true,"href":"https:\/\/etival.fr\/index.php?rest_route=\/wp\/v2\/users\/2"}],"replies":[{"embeddable":true,"href":"https:\/\/etival.fr\/index.php?rest_route=%2Fwp%2Fv2%2Fcomments&post=12833"}],"version-history":[{"count":2,"href":"https:\/\/etival.fr\/index.php?rest_route=\/wp\/v2\/posts\/12833\/revisions"}],"predecessor-version":[{"id":12837,"href":"https:\/\/etival.fr\/index.php?rest_route=\/wp\/v2\/posts\/12833\/revisions\/12837"}],"wp:attachment":[{"href":"https:\/\/etival.fr\/index.php?rest_route=%2Fwp%2Fv2%2Fmedia&parent=12833"}],"wp:term":[{"taxonomy":"category","embeddable":true,"href":"https:\/\/etival.fr\/index.php?rest_route=%2Fwp%2Fv2%2Fcategories&post=12833"},{"taxonomy":"post_tag","embeddable":true,"href":"https:\/\/etival.fr\/index.php?rest_route=%2Fwp%2Fv2%2Ftags&post=12833"}],"curies":[{"name":"wp","href":"https:\/\/api.w.org\/{rel}","templated":true}]}}