{"id":12912,"date":"2025-06-03T10:07:38","date_gmt":"2025-06-03T09:07:38","guid":{"rendered":"https:\/\/etival.fr\/?p=12912"},"modified":"2025-06-03T13:31:25","modified_gmt":"2025-06-03T12:31:25","slug":"inscriptions-color-run-2025","status":"publish","type":"post","link":"https:\/\/etival.fr\/?p=12912","title":{"rendered":"INSCRIPTIONS COLOR RUN 2025"},"content":{"rendered":"\n<figure class=\"wp-block-image size-large\"><a href=\"https:\/\/etival.fr\/wp-content\/uploads\/2025\/06\/Affiche-Color-Run-2025.jpg\"><img loading=\"lazy\" decoding=\"async\" width=\"724\" height=\"1024\" src=\"https:\/\/etival.fr\/wp-content\/uploads\/2025\/06\/Affiche-Color-Run-2025-724x1024.jpg\" alt=\"\" class=\"wp-image-12932\" srcset=\"https:\/\/etival.fr\/wp-content\/uploads\/2025\/06\/Affiche-Color-Run-2025-724x1024.jpg 724w, https:\/\/etival.fr\/wp-content\/uploads\/2025\/06\/Affiche-Color-Run-2025-212x300.jpg 212w, https:\/\/etival.fr\/wp-content\/uploads\/2025\/06\/Affiche-Color-Run-2025-768x1086.jpg 768w, https:\/\/etival.fr\/wp-content\/uploads\/2025\/06\/Affiche-Color-Run-2025-1086x1536.jpg 1086w, https:\/\/etival.fr\/wp-content\/uploads\/2025\/06\/Affiche-Color-Run-2025-1448x2048.jpg 1448w, https:\/\/etival.fr\/wp-content\/uploads\/2025\/06\/Affiche-Color-Run-2025-624x883.jpg 624w, https:\/\/etival.fr\/wp-content\/uploads\/2025\/06\/Affiche-Color-Run-2025.jpg 1587w\" sizes=\"auto, (max-width: 724px) 100vw, 724px\" \/><\/a><\/figure>\n\n\n\n<p class=\"has-text-color has-link-color has-large-font-size wp-elements-1e9d1e07b2b4eac0fdcd42fe017613bd\" style=\"color:#fa16ba\"><strong>Helloooo les COLOR Follower !<\/strong><\/p>\n\n\n\n<p class=\"has-text-color has-link-color has-medium-font-size wp-elements-277c9bb7838dfb3ef34f5872157f267f\" style=\"color:#fa16ba\"><br>Vous l&rsquo;attendiez, les voici, les inscriptions pour la 3\u00e8me \u00c9DITION sont OUVERTES !<\/p>\n\n\n\n<p>Le lien ci-dessous vous indiquera la marche \u00e0 suivre pour les r\u00e9servations en ligne via HELLOASSO !<br>(Vous pouvez \u00e9galement vous inscrire en Mairie ou t\u00e9l\u00e9charger le formulaire <strong><a href=\"https:\/\/etival.fr\/wp-content\/uploads\/2025\/06\/FICHES-D-INSCRIPTIONS-COLOR-RUN-2024.pdf\">ICI<\/a><\/strong>)<\/p>\n\n\n\n<p>lien inscriptions via <a href=\"https:\/\/www.helloasso.com\/associations\/association-stivalienne-et-raonnaise-de-tennis-de-table\/evenements\/3eme-color-run-d-etival-clairefontaine?fbclid=IwY2xjawKrnnVleHRuA2FlbQIxMABicmlkETAzeHNjU0RXOEFHYU1teDNlAR4NXTfSZ97zBIDLVvzPfTgt6B99yiDKP3u5oz3JhSJkwhghImxmLq8MbNQw1A_aem_IxLKypfeddh33-kbVgqm0w\">HELLOASSO<\/a> <\/p>\n\n\n\n<p>Les inscriptions sont obligatoires et aucune place ne sera vendue le jour J.<\/p>\n\n\n\n<p>L&rsquo;\u00e9quipe de la Color Run d\u2019\u00c9tival-Clairefontaine 3\u00e8me \u00e9dition<br>vous attend nombreux le samedi 30 ao\u00fbt 2025 d\u00e8s 15h30h !<\/p>\n\n\n\n<p>Renseignements au 03-29-41-29-57.<br><\/p>\n","protected":false},"excerpt":{"rendered":"<p>Helloooo les COLOR Follower ! Vous l&rsquo;attendiez, les voici, les inscriptions pour la 3\u00e8me \u00c9DITION sont OUVERTES ! Le lien ci-dessous vous indiquera la marche \u00e0 suivre pour les r\u00e9servations en ligne via HELLOASSO !(Vous pouvez \u00e9galement vous inscrire en Mairie ou t\u00e9l\u00e9charger le formulaire ICI) lien inscriptions via HELLOASSO Les inscriptions sont obligatoires et [&hellip;]<\/p>\n","protected":false},"author":2,"featured_media":0,"comment_status":"closed","ping_status":"open","sticky":false,"template":"","format":"standard","meta":{"footnotes":""},"categories":[6],"tags":[],"class_list":["post-12912","post","type-post","status-publish","format-standard","hentry","category-informations-municipales"],"yoast_head":"<!-- This site is optimized with the Yoast SEO plugin v26.8 - https:\/\/yoast.com\/product\/yoast-seo-wordpress\/ -->\n<title>INSCRIPTIONS COLOR RUN 2025 - Etival-Clairefontaine<\/title>\n<meta name=\"robots\" content=\"index, follow, max-snippet:-1, max-image-preview:large, max-video-preview:-1\" \/>\n<link rel=\"canonical\" href=\"https:\/\/etival.fr\/?p=12912\" \/>\n<meta property=\"og:locale\" content=\"fr_FR\" \/>\n<meta property=\"og:type\" content=\"article\" \/>\n<meta property=\"og:title\" content=\"INSCRIPTIONS COLOR RUN 2025 - Etival-Clairefontaine\" \/>\n<meta property=\"og:description\" content=\"Helloooo les COLOR Follower ! Vous l&rsquo;attendiez, les voici, les inscriptions pour la 3\u00e8me \u00c9DITION sont OUVERTES ! Le lien ci-dessous vous indiquera la marche \u00e0 suivre pour les r\u00e9servations en ligne via HELLOASSO !(Vous pouvez \u00e9galement vous inscrire en Mairie ou t\u00e9l\u00e9charger le formulaire ICI) lien inscriptions via HELLOASSO Les inscriptions sont obligatoires et [&hellip;]\" \/>\n<meta property=\"og:url\" content=\"https:\/\/etival.fr\/?p=12912\" \/>\n<meta property=\"og:site_name\" content=\"Etival-Clairefontaine\" \/>\n<meta property=\"article:published_time\" content=\"2025-06-03T09:07:38+00:00\" \/>\n<meta property=\"article:modified_time\" content=\"2025-06-03T12:31:25+00:00\" \/>\n<meta property=\"og:image\" content=\"https:\/\/etival.fr\/wp-content\/uploads\/2025\/06\/Affiche-Color-Run-2025.jpg\" \/>\n\t<meta property=\"og:image:width\" content=\"1587\" \/>\n\t<meta property=\"og:image:height\" content=\"2245\" \/>\n\t<meta property=\"og:image:type\" content=\"image\/jpeg\" \/>\n<meta name=\"author\" content=\"Catherine\" \/>\n<meta name=\"twitter:card\" content=\"summary_large_image\" \/>\n<meta name=\"twitter:label1\" content=\"\u00c9crit par\" \/>\n\t<meta name=\"twitter:data1\" content=\"Catherine\" \/>\n\t<meta name=\"twitter:label2\" content=\"Dur\u00e9e de lecture estim\u00e9e\" \/>\n\t<meta name=\"twitter:data2\" content=\"1 minute\" \/>\n<script type=\"application\/ld+json\" class=\"yoast-schema-graph\">{\"@context\":\"https:\/\/schema.org\",\"@graph\":[{\"@type\":\"Article\",\"@id\":\"https:\/\/etival.fr\/?p=12912#article\",\"isPartOf\":{\"@id\":\"https:\/\/etival.fr\/?p=12912\"},\"author\":{\"name\":\"Catherine\",\"@id\":\"https:\/\/etival.fr\/#\/schema\/person\/966767531f422984430588510b8d4c3f\"},\"headline\":\"INSCRIPTIONS COLOR RUN 2025\",\"datePublished\":\"2025-06-03T09:07:38+00:00\",\"dateModified\":\"2025-06-03T12:31:25+00:00\",\"mainEntityOfPage\":{\"@id\":\"https:\/\/etival.fr\/?p=12912\"},\"wordCount\":93,\"image\":{\"@id\":\"https:\/\/etival.fr\/?p=12912#primaryimage\"},\"thumbnailUrl\":\"https:\/\/etival.fr\/wp-content\/uploads\/2025\/06\/Affiche-Color-Run-2025-724x1024.jpg\",\"articleSection\":[\"Informations Municipales\"],\"inLanguage\":\"fr-FR\"},{\"@type\":\"WebPage\",\"@id\":\"https:\/\/etival.fr\/?p=12912\",\"url\":\"https:\/\/etival.fr\/?p=12912\",\"name\":\"INSCRIPTIONS COLOR RUN 2025 - Etival-Clairefontaine\",\"isPartOf\":{\"@id\":\"https:\/\/etival.fr\/#website\"},\"primaryImageOfPage\":{\"@id\":\"https:\/\/etival.fr\/?p=12912#primaryimage\"},\"image\":{\"@id\":\"https:\/\/etival.fr\/?p=12912#primaryimage\"},\"thumbnailUrl\":\"https:\/\/etival.fr\/wp-content\/uploads\/2025\/06\/Affiche-Color-Run-2025-724x1024.jpg\",\"datePublished\":\"2025-06-03T09:07:38+00:00\",\"dateModified\":\"2025-06-03T12:31:25+00:00\",\"author\":{\"@id\":\"https:\/\/etival.fr\/#\/schema\/person\/966767531f422984430588510b8d4c3f\"},\"breadcrumb\":{\"@id\":\"https:\/\/etival.fr\/?p=12912#breadcrumb\"},\"inLanguage\":\"fr-FR\",\"potentialAction\":[{\"@type\":\"ReadAction\",\"target\":[\"https:\/\/etival.fr\/?p=12912\"]}]},{\"@type\":\"ImageObject\",\"inLanguage\":\"fr-FR\",\"@id\":\"https:\/\/etival.fr\/?p=12912#primaryimage\",\"url\":\"https:\/\/etival.fr\/wp-content\/uploads\/2025\/06\/Affiche-Color-Run-2025.jpg\",\"contentUrl\":\"https:\/\/etival.fr\/wp-content\/uploads\/2025\/06\/Affiche-Color-Run-2025.jpg\",\"width\":1587,\"height\":2245},{\"@type\":\"BreadcrumbList\",\"@id\":\"https:\/\/etival.fr\/?p=12912#breadcrumb\",\"itemListElement\":[{\"@type\":\"ListItem\",\"position\":1,\"name\":\"Accueil\",\"item\":\"https:\/\/etival.fr\/\"},{\"@type\":\"ListItem\",\"position\":2,\"name\":\"INSCRIPTIONS COLOR RUN 2025\"}]},{\"@type\":\"WebSite\",\"@id\":\"https:\/\/etival.fr\/#website\",\"url\":\"https:\/\/etival.fr\/\",\"name\":\"Etival-Clairefontaine\",\"description\":\"Informations et actualit\u00e9s de la commune\",\"potentialAction\":[{\"@type\":\"SearchAction\",\"target\":{\"@type\":\"EntryPoint\",\"urlTemplate\":\"https:\/\/etival.fr\/?s={search_term_string}\"},\"query-input\":{\"@type\":\"PropertyValueSpecification\",\"valueRequired\":true,\"valueName\":\"search_term_string\"}}],\"inLanguage\":\"fr-FR\"},{\"@type\":\"Person\",\"@id\":\"https:\/\/etival.fr\/#\/schema\/person\/966767531f422984430588510b8d4c3f\",\"name\":\"Catherine\",\"image\":{\"@type\":\"ImageObject\",\"inLanguage\":\"fr-FR\",\"@id\":\"https:\/\/etival.fr\/#\/schema\/person\/image\/\",\"url\":\"https:\/\/secure.gravatar.com\/avatar\/b99eff3bf59bd614e6c532df451dc649?s=96&d=mm&r=g\",\"contentUrl\":\"https:\/\/secure.gravatar.com\/avatar\/b99eff3bf59bd614e6c532df451dc649?s=96&d=mm&r=g\",\"caption\":\"Catherine\"},\"url\":\"https:\/\/etival.fr\/?author=2\"}]}<\/script>\n<!-- \/ Yoast SEO plugin. -->","yoast_head_json":{"title":"INSCRIPTIONS COLOR RUN 2025 - Etival-Clairefontaine","robots":{"index":"index","follow":"follow","max-snippet":"max-snippet:-1","max-image-preview":"max-image-preview:large","max-video-preview":"max-video-preview:-1"},"canonical":"https:\/\/etival.fr\/?p=12912","og_locale":"fr_FR","og_type":"article","og_title":"INSCRIPTIONS COLOR RUN 2025 - Etival-Clairefontaine","og_description":"Helloooo les COLOR Follower ! Vous l&rsquo;attendiez, les voici, les inscriptions pour la 3\u00e8me \u00c9DITION sont OUVERTES ! Le lien ci-dessous vous indiquera la marche \u00e0 suivre pour les r\u00e9servations en ligne via HELLOASSO !(Vous pouvez \u00e9galement vous inscrire en Mairie ou t\u00e9l\u00e9charger le formulaire ICI) lien inscriptions via HELLOASSO Les inscriptions sont obligatoires et [&hellip;]","og_url":"https:\/\/etival.fr\/?p=12912","og_site_name":"Etival-Clairefontaine","article_published_time":"2025-06-03T09:07:38+00:00","article_modified_time":"2025-06-03T12:31:25+00:00","og_image":[{"width":1587,"height":2245,"url":"https:\/\/etival.fr\/wp-content\/uploads\/2025\/06\/Affiche-Color-Run-2025.jpg","type":"image\/jpeg"}],"author":"Catherine","twitter_card":"summary_large_image","twitter_misc":{"\u00c9crit par":"Catherine","Dur\u00e9e de lecture estim\u00e9e":"1 minute"},"schema":{"@context":"https:\/\/schema.org","@graph":[{"@type":"Article","@id":"https:\/\/etival.fr\/?p=12912#article","isPartOf":{"@id":"https:\/\/etival.fr\/?p=12912"},"author":{"name":"Catherine","@id":"https:\/\/etival.fr\/#\/schema\/person\/966767531f422984430588510b8d4c3f"},"headline":"INSCRIPTIONS COLOR RUN 2025","datePublished":"2025-06-03T09:07:38+00:00","dateModified":"2025-06-03T12:31:25+00:00","mainEntityOfPage":{"@id":"https:\/\/etival.fr\/?p=12912"},"wordCount":93,"image":{"@id":"https:\/\/etival.fr\/?p=12912#primaryimage"},"thumbnailUrl":"https:\/\/etival.fr\/wp-content\/uploads\/2025\/06\/Affiche-Color-Run-2025-724x1024.jpg","articleSection":["Informations Municipales"],"inLanguage":"fr-FR"},{"@type":"WebPage","@id":"https:\/\/etival.fr\/?p=12912","url":"https:\/\/etival.fr\/?p=12912","name":"INSCRIPTIONS COLOR RUN 2025 - Etival-Clairefontaine","isPartOf":{"@id":"https:\/\/etival.fr\/#website"},"primaryImageOfPage":{"@id":"https:\/\/etival.fr\/?p=12912#primaryimage"},"image":{"@id":"https:\/\/etival.fr\/?p=12912#primaryimage"},"thumbnailUrl":"https:\/\/etival.fr\/wp-content\/uploads\/2025\/06\/Affiche-Color-Run-2025-724x1024.jpg","datePublished":"2025-06-03T09:07:38+00:00","dateModified":"2025-06-03T12:31:25+00:00","author":{"@id":"https:\/\/etival.fr\/#\/schema\/person\/966767531f422984430588510b8d4c3f"},"breadcrumb":{"@id":"https:\/\/etival.fr\/?p=12912#breadcrumb"},"inLanguage":"fr-FR","potentialAction":[{"@type":"ReadAction","target":["https:\/\/etival.fr\/?p=12912"]}]},{"@type":"ImageObject","inLanguage":"fr-FR","@id":"https:\/\/etival.fr\/?p=12912#primaryimage","url":"https:\/\/etival.fr\/wp-content\/uploads\/2025\/06\/Affiche-Color-Run-2025.jpg","contentUrl":"https:\/\/etival.fr\/wp-content\/uploads\/2025\/06\/Affiche-Color-Run-2025.jpg","width":1587,"height":2245},{"@type":"BreadcrumbList","@id":"https:\/\/etival.fr\/?p=12912#breadcrumb","itemListElement":[{"@type":"ListItem","position":1,"name":"Accueil","item":"https:\/\/etival.fr\/"},{"@type":"ListItem","position":2,"name":"INSCRIPTIONS COLOR RUN 2025"}]},{"@type":"WebSite","@id":"https:\/\/etival.fr\/#website","url":"https:\/\/etival.fr\/","name":"Etival-Clairefontaine","description":"Informations et actualit\u00e9s de la commune","potentialAction":[{"@type":"SearchAction","target":{"@type":"EntryPoint","urlTemplate":"https:\/\/etival.fr\/?s={search_term_string}"},"query-input":{"@type":"PropertyValueSpecification","valueRequired":true,"valueName":"search_term_string"}}],"inLanguage":"fr-FR"},{"@type":"Person","@id":"https:\/\/etival.fr\/#\/schema\/person\/966767531f422984430588510b8d4c3f","name":"Catherine","image":{"@type":"ImageObject","inLanguage":"fr-FR","@id":"https:\/\/etival.fr\/#\/schema\/person\/image\/","url":"https:\/\/secure.gravatar.com\/avatar\/b99eff3bf59bd614e6c532df451dc649?s=96&d=mm&r=g","contentUrl":"https:\/\/secure.gravatar.com\/avatar\/b99eff3bf59bd614e6c532df451dc649?s=96&d=mm&r=g","caption":"Catherine"},"url":"https:\/\/etival.fr\/?author=2"}]}},"_links":{"self":[{"href":"https:\/\/etival.fr\/index.php?rest_route=\/wp\/v2\/posts\/12912","targetHints":{"allow":["GET"]}}],"collection":[{"href":"https:\/\/etival.fr\/index.php?rest_route=\/wp\/v2\/posts"}],"about":[{"href":"https:\/\/etival.fr\/index.php?rest_route=\/wp\/v2\/types\/post"}],"author":[{"embeddable":true,"href":"https:\/\/etival.fr\/index.php?rest_route=\/wp\/v2\/users\/2"}],"replies":[{"embeddable":true,"href":"https:\/\/etival.fr\/index.php?rest_route=%2Fwp%2Fv2%2Fcomments&post=12912"}],"version-history":[{"count":12,"href":"https:\/\/etival.fr\/index.php?rest_route=\/wp\/v2\/posts\/12912\/revisions"}],"predecessor-version":[{"id":12935,"href":"https:\/\/etival.fr\/index.php?rest_route=\/wp\/v2\/posts\/12912\/revisions\/12935"}],"wp:attachment":[{"href":"https:\/\/etival.fr\/index.php?rest_route=%2Fwp%2Fv2%2Fmedia&parent=12912"}],"wp:term":[{"taxonomy":"category","embeddable":true,"href":"https:\/\/etival.fr\/index.php?rest_route=%2Fwp%2Fv2%2Fcategories&post=12912"},{"taxonomy":"post_tag","embeddable":true,"href":"https:\/\/etival.fr\/index.php?rest_route=%2Fwp%2Fv2%2Ftags&post=12912"}],"curies":[{"name":"wp","href":"https:\/\/api.w.org\/{rel}","templated":true}]}}