{"id":12936,"date":"2025-06-04T14:41:02","date_gmt":"2025-06-04T13:41:02","guid":{"rendered":"https:\/\/etival.fr\/?p=12936"},"modified":"2025-06-04T14:41:23","modified_gmt":"2025-06-04T13:41:23","slug":"le-stivaliens-programme-du-mois-de-juin","status":"publish","type":"post","link":"https:\/\/etival.fr\/?p=12936","title":{"rendered":"\u00ab\u00a0Le STIVA\u2019LIENS\u00a0\u00bb Programme du mois de juin"},"content":{"rendered":"\n<figure class=\"wp-block-image size-large\"><a href=\"https:\/\/etival.fr\/wp-content\/uploads\/2025\/06\/juin-bougeons-ensemble-2-scaled.jpg\"><img loading=\"lazy\" decoding=\"async\" width=\"724\" height=\"1024\" src=\"https:\/\/etival.fr\/wp-content\/uploads\/2025\/06\/juin-bougeons-ensemble-2-724x1024.jpg\" alt=\"\" class=\"wp-image-12956\" srcset=\"https:\/\/etival.fr\/wp-content\/uploads\/2025\/06\/juin-bougeons-ensemble-2-724x1024.jpg 724w, https:\/\/etival.fr\/wp-content\/uploads\/2025\/06\/juin-bougeons-ensemble-2-212x300.jpg 212w, https:\/\/etival.fr\/wp-content\/uploads\/2025\/06\/juin-bougeons-ensemble-2-768x1087.jpg 768w, https:\/\/etival.fr\/wp-content\/uploads\/2025\/06\/juin-bougeons-ensemble-2-1086x1536.jpg 1086w, https:\/\/etival.fr\/wp-content\/uploads\/2025\/06\/juin-bougeons-ensemble-2-1448x2048.jpg 1448w, https:\/\/etival.fr\/wp-content\/uploads\/2025\/06\/juin-bougeons-ensemble-2-624x883.jpg 624w, https:\/\/etival.fr\/wp-content\/uploads\/2025\/06\/juin-bougeons-ensemble-2-scaled.jpg 1809w\" sizes=\"auto, (max-width: 724px) 100vw, 724px\" \/><\/a><\/figure>\n\n\n\n<figure class=\"wp-block-gallery has-nested-images columns-default is-cropped wp-block-gallery-1 is-layout-flex wp-block-gallery-is-layout-flex\">\n<figure class=\"wp-block-image size-large\"><a href=\"https:\/\/etival.fr\/wp-content\/uploads\/2025\/06\/programme-danimations-du-16-au-20-juin-5-scaled.jpg\"><img loading=\"lazy\" decoding=\"async\" width=\"1024\" height=\"768\" data-id=\"12954\" src=\"https:\/\/etival.fr\/wp-content\/uploads\/2025\/06\/programme-danimations-du-16-au-20-juin-5-1024x768.jpg\" alt=\"\" class=\"wp-image-12954\" srcset=\"https:\/\/etival.fr\/wp-content\/uploads\/2025\/06\/programme-danimations-du-16-au-20-juin-5-1024x768.jpg 1024w, https:\/\/etival.fr\/wp-content\/uploads\/2025\/06\/programme-danimations-du-16-au-20-juin-5-300x225.jpg 300w, https:\/\/etival.fr\/wp-content\/uploads\/2025\/06\/programme-danimations-du-16-au-20-juin-5-768x576.jpg 768w, https:\/\/etival.fr\/wp-content\/uploads\/2025\/06\/programme-danimations-du-16-au-20-juin-5-1536x1152.jpg 1536w, https:\/\/etival.fr\/wp-content\/uploads\/2025\/06\/programme-danimations-du-16-au-20-juin-5-2048x1536.jpg 2048w, https:\/\/etival.fr\/wp-content\/uploads\/2025\/06\/programme-danimations-du-16-au-20-juin-5-624x468.jpg 624w\" sizes=\"auto, (max-width: 1024px) 100vw, 1024px\" \/><\/a><\/figure>\n\n\n\n<figure class=\"wp-block-image size-large\"><a href=\"https:\/\/etival.fr\/wp-content\/uploads\/2025\/06\/programme-danimations-du-9-au-13-juin-1-3-scaled.jpg\"><img loading=\"lazy\" decoding=\"async\" width=\"1024\" height=\"768\" data-id=\"12953\" src=\"https:\/\/etival.fr\/wp-content\/uploads\/2025\/06\/programme-danimations-du-9-au-13-juin-1-3-1024x768.jpg\" alt=\"\" class=\"wp-image-12953\" srcset=\"https:\/\/etival.fr\/wp-content\/uploads\/2025\/06\/programme-danimations-du-9-au-13-juin-1-3-1024x768.jpg 1024w, https:\/\/etival.fr\/wp-content\/uploads\/2025\/06\/programme-danimations-du-9-au-13-juin-1-3-300x225.jpg 300w, https:\/\/etival.fr\/wp-content\/uploads\/2025\/06\/programme-danimations-du-9-au-13-juin-1-3-768x576.jpg 768w, https:\/\/etival.fr\/wp-content\/uploads\/2025\/06\/programme-danimations-du-9-au-13-juin-1-3-1536x1152.jpg 1536w, https:\/\/etival.fr\/wp-content\/uploads\/2025\/06\/programme-danimations-du-9-au-13-juin-1-3-2048x1536.jpg 2048w, https:\/\/etival.fr\/wp-content\/uploads\/2025\/06\/programme-danimations-du-9-au-13-juin-1-3-624x468.jpg 624w\" sizes=\"auto, (max-width: 1024px) 100vw, 1024px\" \/><\/a><\/figure>\n<\/figure>\n\n\n\n<figure class=\"wp-block-image size-large\"><a href=\"https:\/\/etival.fr\/wp-content\/uploads\/2025\/06\/programme-danimations-du-2-au-6-juin-3-scaled.jpg\"><img loading=\"lazy\" decoding=\"async\" width=\"1024\" height=\"768\" src=\"https:\/\/etival.fr\/wp-content\/uploads\/2025\/06\/programme-danimations-du-2-au-6-juin-3-1024x768.jpg\" alt=\"\" class=\"wp-image-12955\" srcset=\"https:\/\/etival.fr\/wp-content\/uploads\/2025\/06\/programme-danimations-du-2-au-6-juin-3-1024x768.jpg 1024w, https:\/\/etival.fr\/wp-content\/uploads\/2025\/06\/programme-danimations-du-2-au-6-juin-3-300x225.jpg 300w, https:\/\/etival.fr\/wp-content\/uploads\/2025\/06\/programme-danimations-du-2-au-6-juin-3-768x576.jpg 768w, https:\/\/etival.fr\/wp-content\/uploads\/2025\/06\/programme-danimations-du-2-au-6-juin-3-1536x1152.jpg 1536w, https:\/\/etival.fr\/wp-content\/uploads\/2025\/06\/programme-danimations-du-2-au-6-juin-3-2048x1536.jpg 2048w, https:\/\/etival.fr\/wp-content\/uploads\/2025\/06\/programme-danimations-du-2-au-6-juin-3-624x468.jpg 624w\" sizes=\"auto, (max-width: 1024px) 100vw, 1024px\" \/><\/a><\/figure>\n\n\n\n<figure class=\"wp-block-gallery has-nested-images columns-default is-cropped wp-block-gallery-2 is-layout-flex wp-block-gallery-is-layout-flex\">\n<figure class=\"wp-block-image size-large\"><a href=\"https:\/\/etival.fr\/wp-content\/uploads\/2025\/06\/programme-danimations-du-23-au-27-juin-2-scaled.jpg\"><img loading=\"lazy\" decoding=\"async\" width=\"1024\" height=\"768\" data-id=\"12951\" src=\"https:\/\/etival.fr\/wp-content\/uploads\/2025\/06\/programme-danimations-du-23-au-27-juin-2-1024x768.jpg\" alt=\"\" class=\"wp-image-12951\" srcset=\"https:\/\/etival.fr\/wp-content\/uploads\/2025\/06\/programme-danimations-du-23-au-27-juin-2-1024x768.jpg 1024w, https:\/\/etival.fr\/wp-content\/uploads\/2025\/06\/programme-danimations-du-23-au-27-juin-2-300x225.jpg 300w, https:\/\/etival.fr\/wp-content\/uploads\/2025\/06\/programme-danimations-du-23-au-27-juin-2-768x576.jpg 768w, https:\/\/etival.fr\/wp-content\/uploads\/2025\/06\/programme-danimations-du-23-au-27-juin-2-1536x1152.jpg 1536w, https:\/\/etival.fr\/wp-content\/uploads\/2025\/06\/programme-danimations-du-23-au-27-juin-2-2048x1536.jpg 2048w, https:\/\/etival.fr\/wp-content\/uploads\/2025\/06\/programme-danimations-du-23-au-27-juin-2-624x468.jpg 624w\" sizes=\"auto, (max-width: 1024px) 100vw, 1024px\" \/><\/a><\/figure>\n<\/figure>\n","protected":false},"excerpt":{"rendered":"","protected":false},"author":2,"featured_media":0,"comment_status":"closed","ping_status":"open","sticky":false,"template":"","format":"standard","meta":{"footnotes":""},"categories":[7],"tags":[],"class_list":["post-12936","post","type-post","status-publish","format-standard","hentry","category-divers"],"yoast_head":"<!-- This site is optimized with the Yoast SEO plugin v26.8 - https:\/\/yoast.com\/product\/yoast-seo-wordpress\/ -->\n<title>\u00ab\u00a0Le STIVA\u2019LIENS\u00a0\u00bb Programme du mois de juin - Etival-Clairefontaine<\/title>\n<meta name=\"robots\" content=\"index, follow, max-snippet:-1, max-image-preview:large, max-video-preview:-1\" \/>\n<link rel=\"canonical\" href=\"https:\/\/etival.fr\/?p=12936\" \/>\n<meta property=\"og:locale\" content=\"fr_FR\" \/>\n<meta property=\"og:type\" content=\"article\" \/>\n<meta property=\"og:title\" content=\"\u00ab\u00a0Le STIVA\u2019LIENS\u00a0\u00bb Programme du mois de juin - Etival-Clairefontaine\" \/>\n<meta property=\"og:url\" content=\"https:\/\/etival.fr\/?p=12936\" \/>\n<meta property=\"og:site_name\" content=\"Etival-Clairefontaine\" \/>\n<meta property=\"article:published_time\" content=\"2025-06-04T13:41:02+00:00\" \/>\n<meta property=\"article:modified_time\" content=\"2025-06-04T13:41:23+00:00\" \/>\n<meta property=\"og:image\" content=\"https:\/\/etival.fr\/wp-content\/uploads\/2025\/06\/juin-bougeons-ensemble-2-scaled.jpg\" \/>\n\t<meta property=\"og:image:width\" content=\"1809\" \/>\n\t<meta property=\"og:image:height\" content=\"2560\" \/>\n\t<meta property=\"og:image:type\" content=\"image\/jpeg\" \/>\n<meta name=\"author\" content=\"Catherine\" \/>\n<meta name=\"twitter:card\" content=\"summary_large_image\" \/>\n<meta name=\"twitter:label1\" content=\"\u00c9crit par\" \/>\n\t<meta name=\"twitter:data1\" content=\"Catherine\" \/>\n\t<meta name=\"twitter:label2\" content=\"Dur\u00e9e de lecture estim\u00e9e\" \/>\n\t<meta name=\"twitter:data2\" content=\"1 minute\" \/>\n<script type=\"application\/ld+json\" class=\"yoast-schema-graph\">{\"@context\":\"https:\/\/schema.org\",\"@graph\":[{\"@type\":\"Article\",\"@id\":\"https:\/\/etival.fr\/?p=12936#article\",\"isPartOf\":{\"@id\":\"https:\/\/etival.fr\/?p=12936\"},\"author\":{\"name\":\"Catherine\",\"@id\":\"https:\/\/etival.fr\/#\/schema\/person\/966767531f422984430588510b8d4c3f\"},\"headline\":\"\u00ab\u00a0Le STIVA\u2019LIENS\u00a0\u00bb Programme du mois de juin\",\"datePublished\":\"2025-06-04T13:41:02+00:00\",\"dateModified\":\"2025-06-04T13:41:23+00:00\",\"mainEntityOfPage\":{\"@id\":\"https:\/\/etival.fr\/?p=12936\"},\"wordCount\":8,\"image\":{\"@id\":\"https:\/\/etival.fr\/?p=12936#primaryimage\"},\"thumbnailUrl\":\"https:\/\/etival.fr\/wp-content\/uploads\/2025\/06\/juin-bougeons-ensemble-2-724x1024.jpg\",\"articleSection\":[\"Divers\"],\"inLanguage\":\"fr-FR\"},{\"@type\":\"WebPage\",\"@id\":\"https:\/\/etival.fr\/?p=12936\",\"url\":\"https:\/\/etival.fr\/?p=12936\",\"name\":\"\u00ab\u00a0Le STIVA\u2019LIENS\u00a0\u00bb Programme du mois de juin - Etival-Clairefontaine\",\"isPartOf\":{\"@id\":\"https:\/\/etival.fr\/#website\"},\"primaryImageOfPage\":{\"@id\":\"https:\/\/etival.fr\/?p=12936#primaryimage\"},\"image\":{\"@id\":\"https:\/\/etival.fr\/?p=12936#primaryimage\"},\"thumbnailUrl\":\"https:\/\/etival.fr\/wp-content\/uploads\/2025\/06\/juin-bougeons-ensemble-2-724x1024.jpg\",\"datePublished\":\"2025-06-04T13:41:02+00:00\",\"dateModified\":\"2025-06-04T13:41:23+00:00\",\"author\":{\"@id\":\"https:\/\/etival.fr\/#\/schema\/person\/966767531f422984430588510b8d4c3f\"},\"breadcrumb\":{\"@id\":\"https:\/\/etival.fr\/?p=12936#breadcrumb\"},\"inLanguage\":\"fr-FR\",\"potentialAction\":[{\"@type\":\"ReadAction\",\"target\":[\"https:\/\/etival.fr\/?p=12936\"]}]},{\"@type\":\"ImageObject\",\"inLanguage\":\"fr-FR\",\"@id\":\"https:\/\/etival.fr\/?p=12936#primaryimage\",\"url\":\"https:\/\/etival.fr\/wp-content\/uploads\/2025\/06\/juin-bougeons-ensemble-2-scaled.jpg\",\"contentUrl\":\"https:\/\/etival.fr\/wp-content\/uploads\/2025\/06\/juin-bougeons-ensemble-2-scaled.jpg\",\"width\":1809,\"height\":2560},{\"@type\":\"BreadcrumbList\",\"@id\":\"https:\/\/etival.fr\/?p=12936#breadcrumb\",\"itemListElement\":[{\"@type\":\"ListItem\",\"position\":1,\"name\":\"Accueil\",\"item\":\"https:\/\/etival.fr\/\"},{\"@type\":\"ListItem\",\"position\":2,\"name\":\"\u00ab\u00a0Le STIVA\u2019LIENS\u00a0\u00bb Programme du mois de juin\"}]},{\"@type\":\"WebSite\",\"@id\":\"https:\/\/etival.fr\/#website\",\"url\":\"https:\/\/etival.fr\/\",\"name\":\"Etival-Clairefontaine\",\"description\":\"Informations et actualit\u00e9s de la commune\",\"potentialAction\":[{\"@type\":\"SearchAction\",\"target\":{\"@type\":\"EntryPoint\",\"urlTemplate\":\"https:\/\/etival.fr\/?s={search_term_string}\"},\"query-input\":{\"@type\":\"PropertyValueSpecification\",\"valueRequired\":true,\"valueName\":\"search_term_string\"}}],\"inLanguage\":\"fr-FR\"},{\"@type\":\"Person\",\"@id\":\"https:\/\/etival.fr\/#\/schema\/person\/966767531f422984430588510b8d4c3f\",\"name\":\"Catherine\",\"image\":{\"@type\":\"ImageObject\",\"inLanguage\":\"fr-FR\",\"@id\":\"https:\/\/etival.fr\/#\/schema\/person\/image\/\",\"url\":\"https:\/\/secure.gravatar.com\/avatar\/b99eff3bf59bd614e6c532df451dc649?s=96&d=mm&r=g\",\"contentUrl\":\"https:\/\/secure.gravatar.com\/avatar\/b99eff3bf59bd614e6c532df451dc649?s=96&d=mm&r=g\",\"caption\":\"Catherine\"},\"url\":\"https:\/\/etival.fr\/?author=2\"}]}<\/script>\n<!-- \/ Yoast SEO plugin. -->","yoast_head_json":{"title":"\u00ab\u00a0Le STIVA\u2019LIENS\u00a0\u00bb Programme du mois de juin - Etival-Clairefontaine","robots":{"index":"index","follow":"follow","max-snippet":"max-snippet:-1","max-image-preview":"max-image-preview:large","max-video-preview":"max-video-preview:-1"},"canonical":"https:\/\/etival.fr\/?p=12936","og_locale":"fr_FR","og_type":"article","og_title":"\u00ab\u00a0Le STIVA\u2019LIENS\u00a0\u00bb Programme du mois de juin - Etival-Clairefontaine","og_url":"https:\/\/etival.fr\/?p=12936","og_site_name":"Etival-Clairefontaine","article_published_time":"2025-06-04T13:41:02+00:00","article_modified_time":"2025-06-04T13:41:23+00:00","og_image":[{"width":1809,"height":2560,"url":"https:\/\/etival.fr\/wp-content\/uploads\/2025\/06\/juin-bougeons-ensemble-2-scaled.jpg","type":"image\/jpeg"}],"author":"Catherine","twitter_card":"summary_large_image","twitter_misc":{"\u00c9crit par":"Catherine","Dur\u00e9e de lecture estim\u00e9e":"1 minute"},"schema":{"@context":"https:\/\/schema.org","@graph":[{"@type":"Article","@id":"https:\/\/etival.fr\/?p=12936#article","isPartOf":{"@id":"https:\/\/etival.fr\/?p=12936"},"author":{"name":"Catherine","@id":"https:\/\/etival.fr\/#\/schema\/person\/966767531f422984430588510b8d4c3f"},"headline":"\u00ab\u00a0Le STIVA\u2019LIENS\u00a0\u00bb Programme du mois de juin","datePublished":"2025-06-04T13:41:02+00:00","dateModified":"2025-06-04T13:41:23+00:00","mainEntityOfPage":{"@id":"https:\/\/etival.fr\/?p=12936"},"wordCount":8,"image":{"@id":"https:\/\/etival.fr\/?p=12936#primaryimage"},"thumbnailUrl":"https:\/\/etival.fr\/wp-content\/uploads\/2025\/06\/juin-bougeons-ensemble-2-724x1024.jpg","articleSection":["Divers"],"inLanguage":"fr-FR"},{"@type":"WebPage","@id":"https:\/\/etival.fr\/?p=12936","url":"https:\/\/etival.fr\/?p=12936","name":"\u00ab\u00a0Le STIVA\u2019LIENS\u00a0\u00bb Programme du mois de juin - Etival-Clairefontaine","isPartOf":{"@id":"https:\/\/etival.fr\/#website"},"primaryImageOfPage":{"@id":"https:\/\/etival.fr\/?p=12936#primaryimage"},"image":{"@id":"https:\/\/etival.fr\/?p=12936#primaryimage"},"thumbnailUrl":"https:\/\/etival.fr\/wp-content\/uploads\/2025\/06\/juin-bougeons-ensemble-2-724x1024.jpg","datePublished":"2025-06-04T13:41:02+00:00","dateModified":"2025-06-04T13:41:23+00:00","author":{"@id":"https:\/\/etival.fr\/#\/schema\/person\/966767531f422984430588510b8d4c3f"},"breadcrumb":{"@id":"https:\/\/etival.fr\/?p=12936#breadcrumb"},"inLanguage":"fr-FR","potentialAction":[{"@type":"ReadAction","target":["https:\/\/etival.fr\/?p=12936"]}]},{"@type":"ImageObject","inLanguage":"fr-FR","@id":"https:\/\/etival.fr\/?p=12936#primaryimage","url":"https:\/\/etival.fr\/wp-content\/uploads\/2025\/06\/juin-bougeons-ensemble-2-scaled.jpg","contentUrl":"https:\/\/etival.fr\/wp-content\/uploads\/2025\/06\/juin-bougeons-ensemble-2-scaled.jpg","width":1809,"height":2560},{"@type":"BreadcrumbList","@id":"https:\/\/etival.fr\/?p=12936#breadcrumb","itemListElement":[{"@type":"ListItem","position":1,"name":"Accueil","item":"https:\/\/etival.fr\/"},{"@type":"ListItem","position":2,"name":"\u00ab\u00a0Le STIVA\u2019LIENS\u00a0\u00bb Programme du mois de juin"}]},{"@type":"WebSite","@id":"https:\/\/etival.fr\/#website","url":"https:\/\/etival.fr\/","name":"Etival-Clairefontaine","description":"Informations et actualit\u00e9s de la commune","potentialAction":[{"@type":"SearchAction","target":{"@type":"EntryPoint","urlTemplate":"https:\/\/etival.fr\/?s={search_term_string}"},"query-input":{"@type":"PropertyValueSpecification","valueRequired":true,"valueName":"search_term_string"}}],"inLanguage":"fr-FR"},{"@type":"Person","@id":"https:\/\/etival.fr\/#\/schema\/person\/966767531f422984430588510b8d4c3f","name":"Catherine","image":{"@type":"ImageObject","inLanguage":"fr-FR","@id":"https:\/\/etival.fr\/#\/schema\/person\/image\/","url":"https:\/\/secure.gravatar.com\/avatar\/b99eff3bf59bd614e6c532df451dc649?s=96&d=mm&r=g","contentUrl":"https:\/\/secure.gravatar.com\/avatar\/b99eff3bf59bd614e6c532df451dc649?s=96&d=mm&r=g","caption":"Catherine"},"url":"https:\/\/etival.fr\/?author=2"}]}},"_links":{"self":[{"href":"https:\/\/etival.fr\/index.php?rest_route=\/wp\/v2\/posts\/12936","targetHints":{"allow":["GET"]}}],"collection":[{"href":"https:\/\/etival.fr\/index.php?rest_route=\/wp\/v2\/posts"}],"about":[{"href":"https:\/\/etival.fr\/index.php?rest_route=\/wp\/v2\/types\/post"}],"author":[{"embeddable":true,"href":"https:\/\/etival.fr\/index.php?rest_route=\/wp\/v2\/users\/2"}],"replies":[{"embeddable":true,"href":"https:\/\/etival.fr\/index.php?rest_route=%2Fwp%2Fv2%2Fcomments&post=12936"}],"version-history":[{"count":1,"href":"https:\/\/etival.fr\/index.php?rest_route=\/wp\/v2\/posts\/12936\/revisions"}],"predecessor-version":[{"id":12957,"href":"https:\/\/etival.fr\/index.php?rest_route=\/wp\/v2\/posts\/12936\/revisions\/12957"}],"wp:attachment":[{"href":"https:\/\/etival.fr\/index.php?rest_route=%2Fwp%2Fv2%2Fmedia&parent=12936"}],"wp:term":[{"taxonomy":"category","embeddable":true,"href":"https:\/\/etival.fr\/index.php?rest_route=%2Fwp%2Fv2%2Fcategories&post=12936"},{"taxonomy":"post_tag","embeddable":true,"href":"https:\/\/etival.fr\/index.php?rest_route=%2Fwp%2Fv2%2Ftags&post=12936"}],"curies":[{"name":"wp","href":"https:\/\/api.w.org\/{rel}","templated":true}]}}