{"id":12972,"date":"2025-06-18T10:01:06","date_gmt":"2025-06-18T09:01:06","guid":{"rendered":"https:\/\/etival.fr\/?p=12972"},"modified":"2025-06-18T10:01:28","modified_gmt":"2025-06-18T09:01:28","slug":"appel-du-18-juin","status":"publish","type":"post","link":"https:\/\/etival.fr\/?p=12972","title":{"rendered":"Appel du 18 Juin"},"content":{"rendered":"<div class=\"wp-block-image\">\n<figure class=\"aligncenter size-large is-resized\"><a href=\"https:\/\/etival.fr\/wp-content\/uploads\/2025\/06\/drapeau.png\"><img loading=\"lazy\" decoding=\"async\" width=\"1024\" height=\"682\" src=\"https:\/\/etival.fr\/wp-content\/uploads\/2025\/06\/drapeau-1024x682.png\" alt=\"\" class=\"wp-image-12973\" style=\"width:294px;height:auto\" srcset=\"https:\/\/etival.fr\/wp-content\/uploads\/2025\/06\/drapeau-1024x682.png 1024w, https:\/\/etival.fr\/wp-content\/uploads\/2025\/06\/drapeau-300x200.png 300w, https:\/\/etival.fr\/wp-content\/uploads\/2025\/06\/drapeau-768x512.png 768w, https:\/\/etival.fr\/wp-content\/uploads\/2025\/06\/drapeau-624x416.png 624w, https:\/\/etival.fr\/wp-content\/uploads\/2025\/06\/drapeau.png 1280w\" sizes=\"auto, (max-width: 1024px) 100vw, 1024px\" \/><\/a><\/figure><\/div>\n\n\n<p class=\"has-text-align-center\">Le 85<sup>\u00e8me<\/sup> Anniversaire de l\u2019Appel historique du 18 Juin 1940 <br>sera marqu\u00e9 par une c\u00e9r\u00e9monie qui se d\u00e9roulera le<\/p>\n\n\n\n<p class=\"has-text-align-center\"><strong>Mercredi 18 juin 2025 \u00e0 18h45<\/strong><\/p>\n\n\n\n<p class=\"has-text-align-center\">Devant le Monument du Souvenir de la R\u00e9sistance, o\u00f9 une gerbe sera d\u00e9pos\u00e9e.<\/p>\n","protected":false},"excerpt":{"rendered":"<p>Le 85\u00e8me Anniversaire de l\u2019Appel historique du 18 Juin 1940 sera marqu\u00e9 par une c\u00e9r\u00e9monie qui se d\u00e9roulera le Mercredi 18 juin 2025 \u00e0 18h45 Devant le Monument du Souvenir de la R\u00e9sistance, o\u00f9 une gerbe sera d\u00e9pos\u00e9e.<\/p>\n","protected":false},"author":2,"featured_media":0,"comment_status":"closed","ping_status":"open","sticky":false,"template":"","format":"standard","meta":{"footnotes":""},"categories":[6],"tags":[],"class_list":["post-12972","post","type-post","status-publish","format-standard","hentry","category-informations-municipales"],"yoast_head":"<!-- This site is optimized with the Yoast SEO plugin v26.8 - https:\/\/yoast.com\/product\/yoast-seo-wordpress\/ -->\n<title>Appel du 18 Juin - Etival-Clairefontaine<\/title>\n<meta name=\"robots\" content=\"index, follow, max-snippet:-1, max-image-preview:large, max-video-preview:-1\" \/>\n<link rel=\"canonical\" href=\"https:\/\/etival.fr\/?p=12972\" \/>\n<meta property=\"og:locale\" content=\"fr_FR\" \/>\n<meta property=\"og:type\" content=\"article\" \/>\n<meta property=\"og:title\" content=\"Appel du 18 Juin - Etival-Clairefontaine\" \/>\n<meta property=\"og:description\" content=\"Le 85\u00e8me Anniversaire de l\u2019Appel historique du 18 Juin 1940 sera marqu\u00e9 par une c\u00e9r\u00e9monie qui se d\u00e9roulera le Mercredi 18 juin 2025 \u00e0 18h45 Devant le Monument du Souvenir de la R\u00e9sistance, o\u00f9 une gerbe sera d\u00e9pos\u00e9e.\" \/>\n<meta property=\"og:url\" content=\"https:\/\/etival.fr\/?p=12972\" \/>\n<meta property=\"og:site_name\" content=\"Etival-Clairefontaine\" \/>\n<meta property=\"article:published_time\" content=\"2025-06-18T09:01:06+00:00\" \/>\n<meta property=\"article:modified_time\" content=\"2025-06-18T09:01:28+00:00\" \/>\n<meta property=\"og:image\" content=\"https:\/\/etival.fr\/wp-content\/uploads\/2025\/06\/drapeau.png\" \/>\n\t<meta property=\"og:image:width\" content=\"1280\" \/>\n\t<meta property=\"og:image:height\" content=\"853\" \/>\n\t<meta property=\"og:image:type\" content=\"image\/png\" \/>\n<meta name=\"author\" content=\"Catherine\" \/>\n<meta name=\"twitter:card\" content=\"summary_large_image\" \/>\n<meta name=\"twitter:label1\" content=\"\u00c9crit par\" \/>\n\t<meta name=\"twitter:data1\" content=\"Catherine\" \/>\n\t<meta name=\"twitter:label2\" content=\"Dur\u00e9e de lecture estim\u00e9e\" \/>\n\t<meta name=\"twitter:data2\" content=\"1 minute\" \/>\n<script type=\"application\/ld+json\" class=\"yoast-schema-graph\">{\"@context\":\"https:\/\/schema.org\",\"@graph\":[{\"@type\":\"Article\",\"@id\":\"https:\/\/etival.fr\/?p=12972#article\",\"isPartOf\":{\"@id\":\"https:\/\/etival.fr\/?p=12972\"},\"author\":{\"name\":\"Catherine\",\"@id\":\"https:\/\/etival.fr\/#\/schema\/person\/966767531f422984430588510b8d4c3f\"},\"headline\":\"Appel du 18 Juin\",\"datePublished\":\"2025-06-18T09:01:06+00:00\",\"dateModified\":\"2025-06-18T09:01:28+00:00\",\"mainEntityOfPage\":{\"@id\":\"https:\/\/etival.fr\/?p=12972\"},\"wordCount\":43,\"image\":{\"@id\":\"https:\/\/etival.fr\/?p=12972#primaryimage\"},\"thumbnailUrl\":\"https:\/\/etival.fr\/wp-content\/uploads\/2025\/06\/drapeau-1024x682.png\",\"articleSection\":[\"Informations Municipales\"],\"inLanguage\":\"fr-FR\"},{\"@type\":\"WebPage\",\"@id\":\"https:\/\/etival.fr\/?p=12972\",\"url\":\"https:\/\/etival.fr\/?p=12972\",\"name\":\"Appel du 18 Juin - Etival-Clairefontaine\",\"isPartOf\":{\"@id\":\"https:\/\/etival.fr\/#website\"},\"primaryImageOfPage\":{\"@id\":\"https:\/\/etival.fr\/?p=12972#primaryimage\"},\"image\":{\"@id\":\"https:\/\/etival.fr\/?p=12972#primaryimage\"},\"thumbnailUrl\":\"https:\/\/etival.fr\/wp-content\/uploads\/2025\/06\/drapeau-1024x682.png\",\"datePublished\":\"2025-06-18T09:01:06+00:00\",\"dateModified\":\"2025-06-18T09:01:28+00:00\",\"author\":{\"@id\":\"https:\/\/etival.fr\/#\/schema\/person\/966767531f422984430588510b8d4c3f\"},\"breadcrumb\":{\"@id\":\"https:\/\/etival.fr\/?p=12972#breadcrumb\"},\"inLanguage\":\"fr-FR\",\"potentialAction\":[{\"@type\":\"ReadAction\",\"target\":[\"https:\/\/etival.fr\/?p=12972\"]}]},{\"@type\":\"ImageObject\",\"inLanguage\":\"fr-FR\",\"@id\":\"https:\/\/etival.fr\/?p=12972#primaryimage\",\"url\":\"https:\/\/etival.fr\/wp-content\/uploads\/2025\/06\/drapeau.png\",\"contentUrl\":\"https:\/\/etival.fr\/wp-content\/uploads\/2025\/06\/drapeau.png\",\"width\":1280,\"height\":853},{\"@type\":\"BreadcrumbList\",\"@id\":\"https:\/\/etival.fr\/?p=12972#breadcrumb\",\"itemListElement\":[{\"@type\":\"ListItem\",\"position\":1,\"name\":\"Accueil\",\"item\":\"https:\/\/etival.fr\/\"},{\"@type\":\"ListItem\",\"position\":2,\"name\":\"Appel du 18 Juin\"}]},{\"@type\":\"WebSite\",\"@id\":\"https:\/\/etival.fr\/#website\",\"url\":\"https:\/\/etival.fr\/\",\"name\":\"Etival-Clairefontaine\",\"description\":\"Informations et actualit\u00e9s de la commune\",\"potentialAction\":[{\"@type\":\"SearchAction\",\"target\":{\"@type\":\"EntryPoint\",\"urlTemplate\":\"https:\/\/etival.fr\/?s={search_term_string}\"},\"query-input\":{\"@type\":\"PropertyValueSpecification\",\"valueRequired\":true,\"valueName\":\"search_term_string\"}}],\"inLanguage\":\"fr-FR\"},{\"@type\":\"Person\",\"@id\":\"https:\/\/etival.fr\/#\/schema\/person\/966767531f422984430588510b8d4c3f\",\"name\":\"Catherine\",\"image\":{\"@type\":\"ImageObject\",\"inLanguage\":\"fr-FR\",\"@id\":\"https:\/\/etival.fr\/#\/schema\/person\/image\/\",\"url\":\"https:\/\/secure.gravatar.com\/avatar\/b99eff3bf59bd614e6c532df451dc649?s=96&d=mm&r=g\",\"contentUrl\":\"https:\/\/secure.gravatar.com\/avatar\/b99eff3bf59bd614e6c532df451dc649?s=96&d=mm&r=g\",\"caption\":\"Catherine\"},\"url\":\"https:\/\/etival.fr\/?author=2\"}]}<\/script>\n<!-- \/ Yoast SEO plugin. -->","yoast_head_json":{"title":"Appel du 18 Juin - Etival-Clairefontaine","robots":{"index":"index","follow":"follow","max-snippet":"max-snippet:-1","max-image-preview":"max-image-preview:large","max-video-preview":"max-video-preview:-1"},"canonical":"https:\/\/etival.fr\/?p=12972","og_locale":"fr_FR","og_type":"article","og_title":"Appel du 18 Juin - Etival-Clairefontaine","og_description":"Le 85\u00e8me Anniversaire de l\u2019Appel historique du 18 Juin 1940 sera marqu\u00e9 par une c\u00e9r\u00e9monie qui se d\u00e9roulera le Mercredi 18 juin 2025 \u00e0 18h45 Devant le Monument du Souvenir de la R\u00e9sistance, o\u00f9 une gerbe sera d\u00e9pos\u00e9e.","og_url":"https:\/\/etival.fr\/?p=12972","og_site_name":"Etival-Clairefontaine","article_published_time":"2025-06-18T09:01:06+00:00","article_modified_time":"2025-06-18T09:01:28+00:00","og_image":[{"width":1280,"height":853,"url":"https:\/\/etival.fr\/wp-content\/uploads\/2025\/06\/drapeau.png","type":"image\/png"}],"author":"Catherine","twitter_card":"summary_large_image","twitter_misc":{"\u00c9crit par":"Catherine","Dur\u00e9e de lecture estim\u00e9e":"1 minute"},"schema":{"@context":"https:\/\/schema.org","@graph":[{"@type":"Article","@id":"https:\/\/etival.fr\/?p=12972#article","isPartOf":{"@id":"https:\/\/etival.fr\/?p=12972"},"author":{"name":"Catherine","@id":"https:\/\/etival.fr\/#\/schema\/person\/966767531f422984430588510b8d4c3f"},"headline":"Appel du 18 Juin","datePublished":"2025-06-18T09:01:06+00:00","dateModified":"2025-06-18T09:01:28+00:00","mainEntityOfPage":{"@id":"https:\/\/etival.fr\/?p=12972"},"wordCount":43,"image":{"@id":"https:\/\/etival.fr\/?p=12972#primaryimage"},"thumbnailUrl":"https:\/\/etival.fr\/wp-content\/uploads\/2025\/06\/drapeau-1024x682.png","articleSection":["Informations Municipales"],"inLanguage":"fr-FR"},{"@type":"WebPage","@id":"https:\/\/etival.fr\/?p=12972","url":"https:\/\/etival.fr\/?p=12972","name":"Appel du 18 Juin - Etival-Clairefontaine","isPartOf":{"@id":"https:\/\/etival.fr\/#website"},"primaryImageOfPage":{"@id":"https:\/\/etival.fr\/?p=12972#primaryimage"},"image":{"@id":"https:\/\/etival.fr\/?p=12972#primaryimage"},"thumbnailUrl":"https:\/\/etival.fr\/wp-content\/uploads\/2025\/06\/drapeau-1024x682.png","datePublished":"2025-06-18T09:01:06+00:00","dateModified":"2025-06-18T09:01:28+00:00","author":{"@id":"https:\/\/etival.fr\/#\/schema\/person\/966767531f422984430588510b8d4c3f"},"breadcrumb":{"@id":"https:\/\/etival.fr\/?p=12972#breadcrumb"},"inLanguage":"fr-FR","potentialAction":[{"@type":"ReadAction","target":["https:\/\/etival.fr\/?p=12972"]}]},{"@type":"ImageObject","inLanguage":"fr-FR","@id":"https:\/\/etival.fr\/?p=12972#primaryimage","url":"https:\/\/etival.fr\/wp-content\/uploads\/2025\/06\/drapeau.png","contentUrl":"https:\/\/etival.fr\/wp-content\/uploads\/2025\/06\/drapeau.png","width":1280,"height":853},{"@type":"BreadcrumbList","@id":"https:\/\/etival.fr\/?p=12972#breadcrumb","itemListElement":[{"@type":"ListItem","position":1,"name":"Accueil","item":"https:\/\/etival.fr\/"},{"@type":"ListItem","position":2,"name":"Appel du 18 Juin"}]},{"@type":"WebSite","@id":"https:\/\/etival.fr\/#website","url":"https:\/\/etival.fr\/","name":"Etival-Clairefontaine","description":"Informations et actualit\u00e9s de la commune","potentialAction":[{"@type":"SearchAction","target":{"@type":"EntryPoint","urlTemplate":"https:\/\/etival.fr\/?s={search_term_string}"},"query-input":{"@type":"PropertyValueSpecification","valueRequired":true,"valueName":"search_term_string"}}],"inLanguage":"fr-FR"},{"@type":"Person","@id":"https:\/\/etival.fr\/#\/schema\/person\/966767531f422984430588510b8d4c3f","name":"Catherine","image":{"@type":"ImageObject","inLanguage":"fr-FR","@id":"https:\/\/etival.fr\/#\/schema\/person\/image\/","url":"https:\/\/secure.gravatar.com\/avatar\/b99eff3bf59bd614e6c532df451dc649?s=96&d=mm&r=g","contentUrl":"https:\/\/secure.gravatar.com\/avatar\/b99eff3bf59bd614e6c532df451dc649?s=96&d=mm&r=g","caption":"Catherine"},"url":"https:\/\/etival.fr\/?author=2"}]}},"_links":{"self":[{"href":"https:\/\/etival.fr\/index.php?rest_route=\/wp\/v2\/posts\/12972","targetHints":{"allow":["GET"]}}],"collection":[{"href":"https:\/\/etival.fr\/index.php?rest_route=\/wp\/v2\/posts"}],"about":[{"href":"https:\/\/etival.fr\/index.php?rest_route=\/wp\/v2\/types\/post"}],"author":[{"embeddable":true,"href":"https:\/\/etival.fr\/index.php?rest_route=\/wp\/v2\/users\/2"}],"replies":[{"embeddable":true,"href":"https:\/\/etival.fr\/index.php?rest_route=%2Fwp%2Fv2%2Fcomments&post=12972"}],"version-history":[{"count":1,"href":"https:\/\/etival.fr\/index.php?rest_route=\/wp\/v2\/posts\/12972\/revisions"}],"predecessor-version":[{"id":12974,"href":"https:\/\/etival.fr\/index.php?rest_route=\/wp\/v2\/posts\/12972\/revisions\/12974"}],"wp:attachment":[{"href":"https:\/\/etival.fr\/index.php?rest_route=%2Fwp%2Fv2%2Fmedia&parent=12972"}],"wp:term":[{"taxonomy":"category","embeddable":true,"href":"https:\/\/etival.fr\/index.php?rest_route=%2Fwp%2Fv2%2Fcategories&post=12972"},{"taxonomy":"post_tag","embeddable":true,"href":"https:\/\/etival.fr\/index.php?rest_route=%2Fwp%2Fv2%2Ftags&post=12972"}],"curies":[{"name":"wp","href":"https:\/\/api.w.org\/{rel}","templated":true}]}}