{"id":12975,"date":"2025-06-19T06:18:48","date_gmt":"2025-06-19T05:18:48","guid":{"rendered":"https:\/\/etival.fr\/?p=12975"},"modified":"2025-06-19T06:19:10","modified_gmt":"2025-06-19T05:19:10","slug":"balade-a-enigmes","status":"publish","type":"post","link":"https:\/\/etival.fr\/?p=12975","title":{"rendered":"Balade \u00e0 \u00e9nigmes"},"content":{"rendered":"\n<p>La Communaut\u00e9 d&rsquo;Agglom\u00e9ration organise une<br>\u00a0<strong>balade\u00a0\u00e0 \u00e9nigmes\u00a0le 27\u00a0juin 2025\u00a0\u00e0 La Bourgonce<\/strong>.<\/p>\n\n\n\n<p>Son parcours,&nbsp;<strong>ponctu\u00e9 d\u2019\u00e9nigmes&nbsp;\u00e0 r\u00e9soudre,&nbsp;<\/strong>fera d\u00e9couvrir,&nbsp;de fa\u00e7on ludique, le cadre naturel de La Bourgonce et notamment les traces de l&rsquo;eau en for\u00eat&nbsp;!<strong><\/strong><\/p>\n\n\n\n<p>Cette balade (sans inscription pr\u00e9alable) est accessible aux enfants \u00e0 partir de 6 ans (attention chemins non accessibles aux poussettes) \/ 189 m de d\u00e9nivel\u00e9 seulement !<\/p>\n\n\n\n<figure class=\"wp-block-image size-large\"><a href=\"https:\/\/etival.fr\/wp-content\/uploads\/2025\/06\/Agence_Eau_FaceBookVertical_LaBourgonce-scaled.jpg\"><img loading=\"lazy\" decoding=\"async\" width=\"576\" height=\"1024\" src=\"https:\/\/etival.fr\/wp-content\/uploads\/2025\/06\/Agence_Eau_FaceBookVertical_LaBourgonce-576x1024.jpg\" alt=\"\" class=\"wp-image-12976\" srcset=\"https:\/\/etival.fr\/wp-content\/uploads\/2025\/06\/Agence_Eau_FaceBookVertical_LaBourgonce-576x1024.jpg 576w, https:\/\/etival.fr\/wp-content\/uploads\/2025\/06\/Agence_Eau_FaceBookVertical_LaBourgonce-169x300.jpg 169w, https:\/\/etival.fr\/wp-content\/uploads\/2025\/06\/Agence_Eau_FaceBookVertical_LaBourgonce-768x1365.jpg 768w, https:\/\/etival.fr\/wp-content\/uploads\/2025\/06\/Agence_Eau_FaceBookVertical_LaBourgonce-864x1536.jpg 864w, https:\/\/etival.fr\/wp-content\/uploads\/2025\/06\/Agence_Eau_FaceBookVertical_LaBourgonce-1152x2048.jpg 1152w, https:\/\/etival.fr\/wp-content\/uploads\/2025\/06\/Agence_Eau_FaceBookVertical_LaBourgonce-624x1109.jpg 624w, https:\/\/etival.fr\/wp-content\/uploads\/2025\/06\/Agence_Eau_FaceBookVertical_LaBourgonce-scaled.jpg 1440w\" sizes=\"auto, (max-width: 576px) 100vw, 576px\" \/><\/a><\/figure>\n","protected":false},"excerpt":{"rendered":"<p>La Communaut\u00e9 d&rsquo;Agglom\u00e9ration organise une\u00a0balade\u00a0\u00e0 \u00e9nigmes\u00a0le 27\u00a0juin 2025\u00a0\u00e0 La Bourgonce. Son parcours,&nbsp;ponctu\u00e9 d\u2019\u00e9nigmes&nbsp;\u00e0 r\u00e9soudre,&nbsp;fera d\u00e9couvrir,&nbsp;de fa\u00e7on ludique, le cadre naturel de La Bourgonce et notamment les traces de l&rsquo;eau en for\u00eat&nbsp;! Cette balade (sans inscription pr\u00e9alable) est accessible aux enfants \u00e0 partir de 6 ans (attention chemins non accessibles aux poussettes) \/ 189 m de [&hellip;]<\/p>\n","protected":false},"author":2,"featured_media":0,"comment_status":"closed","ping_status":"open","sticky":false,"template":"","format":"standard","meta":{"footnotes":""},"categories":[9],"tags":[],"class_list":["post-12975","post","type-post","status-publish","format-standard","hentry","category-communaute-dagglomeration-de-saint-die-des-vosges"],"yoast_head":"<!-- This site is optimized with the Yoast SEO plugin v26.8 - https:\/\/yoast.com\/product\/yoast-seo-wordpress\/ -->\n<title>Balade \u00e0 \u00e9nigmes - Etival-Clairefontaine<\/title>\n<meta name=\"robots\" content=\"index, follow, max-snippet:-1, max-image-preview:large, max-video-preview:-1\" \/>\n<link rel=\"canonical\" href=\"https:\/\/etival.fr\/?p=12975\" \/>\n<meta property=\"og:locale\" content=\"fr_FR\" \/>\n<meta property=\"og:type\" content=\"article\" \/>\n<meta property=\"og:title\" content=\"Balade \u00e0 \u00e9nigmes - Etival-Clairefontaine\" \/>\n<meta property=\"og:description\" content=\"La Communaut\u00e9 d&rsquo;Agglom\u00e9ration organise une\u00a0balade\u00a0\u00e0 \u00e9nigmes\u00a0le 27\u00a0juin 2025\u00a0\u00e0 La Bourgonce. Son parcours,&nbsp;ponctu\u00e9 d\u2019\u00e9nigmes&nbsp;\u00e0 r\u00e9soudre,&nbsp;fera d\u00e9couvrir,&nbsp;de fa\u00e7on ludique, le cadre naturel de La Bourgonce et notamment les traces de l&rsquo;eau en for\u00eat&nbsp;! Cette balade (sans inscription pr\u00e9alable) est accessible aux enfants \u00e0 partir de 6 ans (attention chemins non accessibles aux poussettes) \/ 189 m de [&hellip;]\" \/>\n<meta property=\"og:url\" content=\"https:\/\/etival.fr\/?p=12975\" \/>\n<meta property=\"og:site_name\" content=\"Etival-Clairefontaine\" \/>\n<meta property=\"article:published_time\" content=\"2025-06-19T05:18:48+00:00\" \/>\n<meta property=\"article:modified_time\" content=\"2025-06-19T05:19:10+00:00\" \/>\n<meta property=\"og:image\" content=\"https:\/\/etival.fr\/wp-content\/uploads\/2025\/06\/Agence_Eau_FaceBookVertical_LaBourgonce-scaled.jpg\" \/>\n\t<meta property=\"og:image:width\" content=\"1440\" \/>\n\t<meta property=\"og:image:height\" content=\"2560\" \/>\n\t<meta property=\"og:image:type\" content=\"image\/jpeg\" \/>\n<meta name=\"author\" content=\"Catherine\" \/>\n<meta name=\"twitter:card\" content=\"summary_large_image\" \/>\n<meta name=\"twitter:label1\" content=\"\u00c9crit par\" \/>\n\t<meta name=\"twitter:data1\" content=\"Catherine\" \/>\n\t<meta name=\"twitter:label2\" content=\"Dur\u00e9e de lecture estim\u00e9e\" \/>\n\t<meta name=\"twitter:data2\" content=\"1 minute\" \/>\n<script type=\"application\/ld+json\" class=\"yoast-schema-graph\">{\"@context\":\"https:\/\/schema.org\",\"@graph\":[{\"@type\":\"Article\",\"@id\":\"https:\/\/etival.fr\/?p=12975#article\",\"isPartOf\":{\"@id\":\"https:\/\/etival.fr\/?p=12975\"},\"author\":{\"name\":\"Catherine\",\"@id\":\"https:\/\/etival.fr\/#\/schema\/person\/966767531f422984430588510b8d4c3f\"},\"headline\":\"Balade \u00e0 \u00e9nigmes\",\"datePublished\":\"2025-06-19T05:18:48+00:00\",\"dateModified\":\"2025-06-19T05:19:10+00:00\",\"mainEntityOfPage\":{\"@id\":\"https:\/\/etival.fr\/?p=12975\"},\"wordCount\":74,\"image\":{\"@id\":\"https:\/\/etival.fr\/?p=12975#primaryimage\"},\"thumbnailUrl\":\"https:\/\/etival.fr\/wp-content\/uploads\/2025\/06\/Agence_Eau_FaceBookVertical_LaBourgonce-576x1024.jpg\",\"articleSection\":[\"Communaut\u00e9 d'Agglom\u00e9ration de Saint-Di\u00e9-Des-Vosges\"],\"inLanguage\":\"fr-FR\"},{\"@type\":\"WebPage\",\"@id\":\"https:\/\/etival.fr\/?p=12975\",\"url\":\"https:\/\/etival.fr\/?p=12975\",\"name\":\"Balade \u00e0 \u00e9nigmes - Etival-Clairefontaine\",\"isPartOf\":{\"@id\":\"https:\/\/etival.fr\/#website\"},\"primaryImageOfPage\":{\"@id\":\"https:\/\/etival.fr\/?p=12975#primaryimage\"},\"image\":{\"@id\":\"https:\/\/etival.fr\/?p=12975#primaryimage\"},\"thumbnailUrl\":\"https:\/\/etival.fr\/wp-content\/uploads\/2025\/06\/Agence_Eau_FaceBookVertical_LaBourgonce-576x1024.jpg\",\"datePublished\":\"2025-06-19T05:18:48+00:00\",\"dateModified\":\"2025-06-19T05:19:10+00:00\",\"author\":{\"@id\":\"https:\/\/etival.fr\/#\/schema\/person\/966767531f422984430588510b8d4c3f\"},\"breadcrumb\":{\"@id\":\"https:\/\/etival.fr\/?p=12975#breadcrumb\"},\"inLanguage\":\"fr-FR\",\"potentialAction\":[{\"@type\":\"ReadAction\",\"target\":[\"https:\/\/etival.fr\/?p=12975\"]}]},{\"@type\":\"ImageObject\",\"inLanguage\":\"fr-FR\",\"@id\":\"https:\/\/etival.fr\/?p=12975#primaryimage\",\"url\":\"https:\/\/etival.fr\/wp-content\/uploads\/2025\/06\/Agence_Eau_FaceBookVertical_LaBourgonce-scaled.jpg\",\"contentUrl\":\"https:\/\/etival.fr\/wp-content\/uploads\/2025\/06\/Agence_Eau_FaceBookVertical_LaBourgonce-scaled.jpg\",\"width\":1440,\"height\":2560},{\"@type\":\"BreadcrumbList\",\"@id\":\"https:\/\/etival.fr\/?p=12975#breadcrumb\",\"itemListElement\":[{\"@type\":\"ListItem\",\"position\":1,\"name\":\"Accueil\",\"item\":\"https:\/\/etival.fr\/\"},{\"@type\":\"ListItem\",\"position\":2,\"name\":\"Balade \u00e0 \u00e9nigmes\"}]},{\"@type\":\"WebSite\",\"@id\":\"https:\/\/etival.fr\/#website\",\"url\":\"https:\/\/etival.fr\/\",\"name\":\"Etival-Clairefontaine\",\"description\":\"Informations et actualit\u00e9s de la commune\",\"potentialAction\":[{\"@type\":\"SearchAction\",\"target\":{\"@type\":\"EntryPoint\",\"urlTemplate\":\"https:\/\/etival.fr\/?s={search_term_string}\"},\"query-input\":{\"@type\":\"PropertyValueSpecification\",\"valueRequired\":true,\"valueName\":\"search_term_string\"}}],\"inLanguage\":\"fr-FR\"},{\"@type\":\"Person\",\"@id\":\"https:\/\/etival.fr\/#\/schema\/person\/966767531f422984430588510b8d4c3f\",\"name\":\"Catherine\",\"image\":{\"@type\":\"ImageObject\",\"inLanguage\":\"fr-FR\",\"@id\":\"https:\/\/etival.fr\/#\/schema\/person\/image\/\",\"url\":\"https:\/\/secure.gravatar.com\/avatar\/b99eff3bf59bd614e6c532df451dc649?s=96&d=mm&r=g\",\"contentUrl\":\"https:\/\/secure.gravatar.com\/avatar\/b99eff3bf59bd614e6c532df451dc649?s=96&d=mm&r=g\",\"caption\":\"Catherine\"},\"url\":\"https:\/\/etival.fr\/?author=2\"}]}<\/script>\n<!-- \/ Yoast SEO plugin. -->","yoast_head_json":{"title":"Balade \u00e0 \u00e9nigmes - Etival-Clairefontaine","robots":{"index":"index","follow":"follow","max-snippet":"max-snippet:-1","max-image-preview":"max-image-preview:large","max-video-preview":"max-video-preview:-1"},"canonical":"https:\/\/etival.fr\/?p=12975","og_locale":"fr_FR","og_type":"article","og_title":"Balade \u00e0 \u00e9nigmes - Etival-Clairefontaine","og_description":"La Communaut\u00e9 d&rsquo;Agglom\u00e9ration organise une\u00a0balade\u00a0\u00e0 \u00e9nigmes\u00a0le 27\u00a0juin 2025\u00a0\u00e0 La Bourgonce. Son parcours,&nbsp;ponctu\u00e9 d\u2019\u00e9nigmes&nbsp;\u00e0 r\u00e9soudre,&nbsp;fera d\u00e9couvrir,&nbsp;de fa\u00e7on ludique, le cadre naturel de La Bourgonce et notamment les traces de l&rsquo;eau en for\u00eat&nbsp;! Cette balade (sans inscription pr\u00e9alable) est accessible aux enfants \u00e0 partir de 6 ans (attention chemins non accessibles aux poussettes) \/ 189 m de [&hellip;]","og_url":"https:\/\/etival.fr\/?p=12975","og_site_name":"Etival-Clairefontaine","article_published_time":"2025-06-19T05:18:48+00:00","article_modified_time":"2025-06-19T05:19:10+00:00","og_image":[{"width":1440,"height":2560,"url":"https:\/\/etival.fr\/wp-content\/uploads\/2025\/06\/Agence_Eau_FaceBookVertical_LaBourgonce-scaled.jpg","type":"image\/jpeg"}],"author":"Catherine","twitter_card":"summary_large_image","twitter_misc":{"\u00c9crit par":"Catherine","Dur\u00e9e de lecture estim\u00e9e":"1 minute"},"schema":{"@context":"https:\/\/schema.org","@graph":[{"@type":"Article","@id":"https:\/\/etival.fr\/?p=12975#article","isPartOf":{"@id":"https:\/\/etival.fr\/?p=12975"},"author":{"name":"Catherine","@id":"https:\/\/etival.fr\/#\/schema\/person\/966767531f422984430588510b8d4c3f"},"headline":"Balade \u00e0 \u00e9nigmes","datePublished":"2025-06-19T05:18:48+00:00","dateModified":"2025-06-19T05:19:10+00:00","mainEntityOfPage":{"@id":"https:\/\/etival.fr\/?p=12975"},"wordCount":74,"image":{"@id":"https:\/\/etival.fr\/?p=12975#primaryimage"},"thumbnailUrl":"https:\/\/etival.fr\/wp-content\/uploads\/2025\/06\/Agence_Eau_FaceBookVertical_LaBourgonce-576x1024.jpg","articleSection":["Communaut\u00e9 d'Agglom\u00e9ration de Saint-Di\u00e9-Des-Vosges"],"inLanguage":"fr-FR"},{"@type":"WebPage","@id":"https:\/\/etival.fr\/?p=12975","url":"https:\/\/etival.fr\/?p=12975","name":"Balade \u00e0 \u00e9nigmes - Etival-Clairefontaine","isPartOf":{"@id":"https:\/\/etival.fr\/#website"},"primaryImageOfPage":{"@id":"https:\/\/etival.fr\/?p=12975#primaryimage"},"image":{"@id":"https:\/\/etival.fr\/?p=12975#primaryimage"},"thumbnailUrl":"https:\/\/etival.fr\/wp-content\/uploads\/2025\/06\/Agence_Eau_FaceBookVertical_LaBourgonce-576x1024.jpg","datePublished":"2025-06-19T05:18:48+00:00","dateModified":"2025-06-19T05:19:10+00:00","author":{"@id":"https:\/\/etival.fr\/#\/schema\/person\/966767531f422984430588510b8d4c3f"},"breadcrumb":{"@id":"https:\/\/etival.fr\/?p=12975#breadcrumb"},"inLanguage":"fr-FR","potentialAction":[{"@type":"ReadAction","target":["https:\/\/etival.fr\/?p=12975"]}]},{"@type":"ImageObject","inLanguage":"fr-FR","@id":"https:\/\/etival.fr\/?p=12975#primaryimage","url":"https:\/\/etival.fr\/wp-content\/uploads\/2025\/06\/Agence_Eau_FaceBookVertical_LaBourgonce-scaled.jpg","contentUrl":"https:\/\/etival.fr\/wp-content\/uploads\/2025\/06\/Agence_Eau_FaceBookVertical_LaBourgonce-scaled.jpg","width":1440,"height":2560},{"@type":"BreadcrumbList","@id":"https:\/\/etival.fr\/?p=12975#breadcrumb","itemListElement":[{"@type":"ListItem","position":1,"name":"Accueil","item":"https:\/\/etival.fr\/"},{"@type":"ListItem","position":2,"name":"Balade \u00e0 \u00e9nigmes"}]},{"@type":"WebSite","@id":"https:\/\/etival.fr\/#website","url":"https:\/\/etival.fr\/","name":"Etival-Clairefontaine","description":"Informations et actualit\u00e9s de la commune","potentialAction":[{"@type":"SearchAction","target":{"@type":"EntryPoint","urlTemplate":"https:\/\/etival.fr\/?s={search_term_string}"},"query-input":{"@type":"PropertyValueSpecification","valueRequired":true,"valueName":"search_term_string"}}],"inLanguage":"fr-FR"},{"@type":"Person","@id":"https:\/\/etival.fr\/#\/schema\/person\/966767531f422984430588510b8d4c3f","name":"Catherine","image":{"@type":"ImageObject","inLanguage":"fr-FR","@id":"https:\/\/etival.fr\/#\/schema\/person\/image\/","url":"https:\/\/secure.gravatar.com\/avatar\/b99eff3bf59bd614e6c532df451dc649?s=96&d=mm&r=g","contentUrl":"https:\/\/secure.gravatar.com\/avatar\/b99eff3bf59bd614e6c532df451dc649?s=96&d=mm&r=g","caption":"Catherine"},"url":"https:\/\/etival.fr\/?author=2"}]}},"_links":{"self":[{"href":"https:\/\/etival.fr\/index.php?rest_route=\/wp\/v2\/posts\/12975","targetHints":{"allow":["GET"]}}],"collection":[{"href":"https:\/\/etival.fr\/index.php?rest_route=\/wp\/v2\/posts"}],"about":[{"href":"https:\/\/etival.fr\/index.php?rest_route=\/wp\/v2\/types\/post"}],"author":[{"embeddable":true,"href":"https:\/\/etival.fr\/index.php?rest_route=\/wp\/v2\/users\/2"}],"replies":[{"embeddable":true,"href":"https:\/\/etival.fr\/index.php?rest_route=%2Fwp%2Fv2%2Fcomments&post=12975"}],"version-history":[{"count":1,"href":"https:\/\/etival.fr\/index.php?rest_route=\/wp\/v2\/posts\/12975\/revisions"}],"predecessor-version":[{"id":12977,"href":"https:\/\/etival.fr\/index.php?rest_route=\/wp\/v2\/posts\/12975\/revisions\/12977"}],"wp:attachment":[{"href":"https:\/\/etival.fr\/index.php?rest_route=%2Fwp%2Fv2%2Fmedia&parent=12975"}],"wp:term":[{"taxonomy":"category","embeddable":true,"href":"https:\/\/etival.fr\/index.php?rest_route=%2Fwp%2Fv2%2Fcategories&post=12975"},{"taxonomy":"post_tag","embeddable":true,"href":"https:\/\/etival.fr\/index.php?rest_route=%2Fwp%2Fv2%2Ftags&post=12975"}],"curies":[{"name":"wp","href":"https:\/\/api.w.org\/{rel}","templated":true}]}}