{"id":13025,"date":"2025-07-25T07:58:12","date_gmt":"2025-07-25T06:58:12","guid":{"rendered":"https:\/\/etival.fr\/?p=13025"},"modified":"2025-07-25T07:59:06","modified_gmt":"2025-07-25T06:59:06","slug":"fermeture-estivale-de-la-mairie-les-samedis","status":"publish","type":"post","link":"https:\/\/etival.fr\/?p=13025","title":{"rendered":"Fermeture estivale de la Mairie les samedis."},"content":{"rendered":"\n<p>Comme chaque \u00e9t\u00e9, les services de la Mairie seront ferm\u00e9s tous les samedis matins, du samedi 12 juillet au samedi 16 ao\u00fbt inclus (R\u00e9ouverture le samedi 23 ao\u00fbt 2025).<\/p>\n\n\n\n<p>La Mairie reste ouverte les autres jours de la semaine, aux horaires habituels :<\/p>\n\n\n\n<p><strong>du lundi au vendredi de 9h \u00e0 12h et de 14h \u00e0 17h<\/strong>.<\/p>\n\n\n\n<figure class=\"wp-block-image size-large\"><a href=\"https:\/\/etival.fr\/wp-content\/uploads\/2025\/07\/977256d0-c0ce-497e-90dd-6827fd2ca881.jpeg\"><img loading=\"lazy\" decoding=\"async\" width=\"768\" height=\"1024\" src=\"https:\/\/etival.fr\/wp-content\/uploads\/2025\/07\/977256d0-c0ce-497e-90dd-6827fd2ca881-768x1024.jpeg\" alt=\"\" class=\"wp-image-13026\" srcset=\"https:\/\/etival.fr\/wp-content\/uploads\/2025\/07\/977256d0-c0ce-497e-90dd-6827fd2ca881-768x1024.jpeg 768w, https:\/\/etival.fr\/wp-content\/uploads\/2025\/07\/977256d0-c0ce-497e-90dd-6827fd2ca881-225x300.jpeg 225w, https:\/\/etival.fr\/wp-content\/uploads\/2025\/07\/977256d0-c0ce-497e-90dd-6827fd2ca881-1152x1536.jpeg 1152w, https:\/\/etival.fr\/wp-content\/uploads\/2025\/07\/977256d0-c0ce-497e-90dd-6827fd2ca881-624x832.jpeg 624w, https:\/\/etival.fr\/wp-content\/uploads\/2025\/07\/977256d0-c0ce-497e-90dd-6827fd2ca881.jpeg 1536w\" sizes=\"auto, (max-width: 768px) 100vw, 768px\" \/><\/a><\/figure>\n\n\n\n<p><\/p>\n","protected":false},"excerpt":{"rendered":"<p>Comme chaque \u00e9t\u00e9, les services de la Mairie seront ferm\u00e9s tous les samedis matins, du samedi 12 juillet au samedi 16 ao\u00fbt inclus (R\u00e9ouverture le samedi 23 ao\u00fbt 2025). La Mairie reste ouverte les autres jours de la semaine, aux horaires habituels : du lundi au vendredi de 9h \u00e0 12h et de 14h \u00e0 [&hellip;]<\/p>\n","protected":false},"author":2,"featured_media":0,"comment_status":"closed","ping_status":"open","sticky":false,"template":"","format":"standard","meta":{"footnotes":""},"categories":[6],"tags":[],"class_list":["post-13025","post","type-post","status-publish","format-standard","hentry","category-informations-municipales"],"yoast_head":"<!-- This site is optimized with the Yoast SEO plugin v26.8 - https:\/\/yoast.com\/product\/yoast-seo-wordpress\/ -->\n<title>Fermeture estivale de la Mairie les samedis. - Etival-Clairefontaine<\/title>\n<meta name=\"robots\" content=\"index, follow, max-snippet:-1, max-image-preview:large, max-video-preview:-1\" \/>\n<link rel=\"canonical\" href=\"https:\/\/etival.fr\/?p=13025\" \/>\n<meta property=\"og:locale\" content=\"fr_FR\" \/>\n<meta property=\"og:type\" content=\"article\" \/>\n<meta property=\"og:title\" content=\"Fermeture estivale de la Mairie les samedis. - Etival-Clairefontaine\" \/>\n<meta property=\"og:description\" content=\"Comme chaque \u00e9t\u00e9, les services de la Mairie seront ferm\u00e9s tous les samedis matins, du samedi 12 juillet au samedi 16 ao\u00fbt inclus (R\u00e9ouverture le samedi 23 ao\u00fbt 2025). La Mairie reste ouverte les autres jours de la semaine, aux horaires habituels : du lundi au vendredi de 9h \u00e0 12h et de 14h \u00e0 [&hellip;]\" \/>\n<meta property=\"og:url\" content=\"https:\/\/etival.fr\/?p=13025\" \/>\n<meta property=\"og:site_name\" content=\"Etival-Clairefontaine\" \/>\n<meta property=\"article:published_time\" content=\"2025-07-25T06:58:12+00:00\" \/>\n<meta property=\"article:modified_time\" content=\"2025-07-25T06:59:06+00:00\" \/>\n<meta property=\"og:image\" content=\"https:\/\/etival.fr\/wp-content\/uploads\/2025\/07\/977256d0-c0ce-497e-90dd-6827fd2ca881.jpeg\" \/>\n\t<meta property=\"og:image:width\" content=\"1536\" \/>\n\t<meta property=\"og:image:height\" content=\"2048\" \/>\n\t<meta property=\"og:image:type\" content=\"image\/jpeg\" \/>\n<meta name=\"author\" content=\"Catherine\" \/>\n<meta name=\"twitter:card\" content=\"summary_large_image\" \/>\n<meta name=\"twitter:label1\" content=\"\u00c9crit par\" \/>\n\t<meta name=\"twitter:data1\" content=\"Catherine\" \/>\n\t<meta name=\"twitter:label2\" content=\"Dur\u00e9e de lecture estim\u00e9e\" \/>\n\t<meta name=\"twitter:data2\" content=\"1 minute\" \/>\n<script type=\"application\/ld+json\" class=\"yoast-schema-graph\">{\"@context\":\"https:\/\/schema.org\",\"@graph\":[{\"@type\":\"Article\",\"@id\":\"https:\/\/etival.fr\/?p=13025#article\",\"isPartOf\":{\"@id\":\"https:\/\/etival.fr\/?p=13025\"},\"author\":{\"name\":\"Catherine\",\"@id\":\"https:\/\/etival.fr\/#\/schema\/person\/966767531f422984430588510b8d4c3f\"},\"headline\":\"Fermeture estivale de la Mairie les samedis.\",\"datePublished\":\"2025-07-25T06:58:12+00:00\",\"dateModified\":\"2025-07-25T06:59:06+00:00\",\"mainEntityOfPage\":{\"@id\":\"https:\/\/etival.fr\/?p=13025\"},\"wordCount\":60,\"image\":{\"@id\":\"https:\/\/etival.fr\/?p=13025#primaryimage\"},\"thumbnailUrl\":\"https:\/\/etival.fr\/wp-content\/uploads\/2025\/07\/977256d0-c0ce-497e-90dd-6827fd2ca881-768x1024.jpeg\",\"articleSection\":[\"Informations Municipales\"],\"inLanguage\":\"fr-FR\"},{\"@type\":\"WebPage\",\"@id\":\"https:\/\/etival.fr\/?p=13025\",\"url\":\"https:\/\/etival.fr\/?p=13025\",\"name\":\"Fermeture estivale de la Mairie les samedis. - Etival-Clairefontaine\",\"isPartOf\":{\"@id\":\"https:\/\/etival.fr\/#website\"},\"primaryImageOfPage\":{\"@id\":\"https:\/\/etival.fr\/?p=13025#primaryimage\"},\"image\":{\"@id\":\"https:\/\/etival.fr\/?p=13025#primaryimage\"},\"thumbnailUrl\":\"https:\/\/etival.fr\/wp-content\/uploads\/2025\/07\/977256d0-c0ce-497e-90dd-6827fd2ca881-768x1024.jpeg\",\"datePublished\":\"2025-07-25T06:58:12+00:00\",\"dateModified\":\"2025-07-25T06:59:06+00:00\",\"author\":{\"@id\":\"https:\/\/etival.fr\/#\/schema\/person\/966767531f422984430588510b8d4c3f\"},\"breadcrumb\":{\"@id\":\"https:\/\/etival.fr\/?p=13025#breadcrumb\"},\"inLanguage\":\"fr-FR\",\"potentialAction\":[{\"@type\":\"ReadAction\",\"target\":[\"https:\/\/etival.fr\/?p=13025\"]}]},{\"@type\":\"ImageObject\",\"inLanguage\":\"fr-FR\",\"@id\":\"https:\/\/etival.fr\/?p=13025#primaryimage\",\"url\":\"https:\/\/etival.fr\/wp-content\/uploads\/2025\/07\/977256d0-c0ce-497e-90dd-6827fd2ca881.jpeg\",\"contentUrl\":\"https:\/\/etival.fr\/wp-content\/uploads\/2025\/07\/977256d0-c0ce-497e-90dd-6827fd2ca881.jpeg\",\"width\":1536,\"height\":2048},{\"@type\":\"BreadcrumbList\",\"@id\":\"https:\/\/etival.fr\/?p=13025#breadcrumb\",\"itemListElement\":[{\"@type\":\"ListItem\",\"position\":1,\"name\":\"Accueil\",\"item\":\"https:\/\/etival.fr\/\"},{\"@type\":\"ListItem\",\"position\":2,\"name\":\"Fermeture estivale de la Mairie les samedis.\"}]},{\"@type\":\"WebSite\",\"@id\":\"https:\/\/etival.fr\/#website\",\"url\":\"https:\/\/etival.fr\/\",\"name\":\"Etival-Clairefontaine\",\"description\":\"Informations et actualit\u00e9s de la commune\",\"potentialAction\":[{\"@type\":\"SearchAction\",\"target\":{\"@type\":\"EntryPoint\",\"urlTemplate\":\"https:\/\/etival.fr\/?s={search_term_string}\"},\"query-input\":{\"@type\":\"PropertyValueSpecification\",\"valueRequired\":true,\"valueName\":\"search_term_string\"}}],\"inLanguage\":\"fr-FR\"},{\"@type\":\"Person\",\"@id\":\"https:\/\/etival.fr\/#\/schema\/person\/966767531f422984430588510b8d4c3f\",\"name\":\"Catherine\",\"image\":{\"@type\":\"ImageObject\",\"inLanguage\":\"fr-FR\",\"@id\":\"https:\/\/etival.fr\/#\/schema\/person\/image\/\",\"url\":\"https:\/\/secure.gravatar.com\/avatar\/b99eff3bf59bd614e6c532df451dc649?s=96&d=mm&r=g\",\"contentUrl\":\"https:\/\/secure.gravatar.com\/avatar\/b99eff3bf59bd614e6c532df451dc649?s=96&d=mm&r=g\",\"caption\":\"Catherine\"},\"url\":\"https:\/\/etival.fr\/?author=2\"}]}<\/script>\n<!-- \/ Yoast SEO plugin. -->","yoast_head_json":{"title":"Fermeture estivale de la Mairie les samedis. - Etival-Clairefontaine","robots":{"index":"index","follow":"follow","max-snippet":"max-snippet:-1","max-image-preview":"max-image-preview:large","max-video-preview":"max-video-preview:-1"},"canonical":"https:\/\/etival.fr\/?p=13025","og_locale":"fr_FR","og_type":"article","og_title":"Fermeture estivale de la Mairie les samedis. - Etival-Clairefontaine","og_description":"Comme chaque \u00e9t\u00e9, les services de la Mairie seront ferm\u00e9s tous les samedis matins, du samedi 12 juillet au samedi 16 ao\u00fbt inclus (R\u00e9ouverture le samedi 23 ao\u00fbt 2025). La Mairie reste ouverte les autres jours de la semaine, aux horaires habituels : du lundi au vendredi de 9h \u00e0 12h et de 14h \u00e0 [&hellip;]","og_url":"https:\/\/etival.fr\/?p=13025","og_site_name":"Etival-Clairefontaine","article_published_time":"2025-07-25T06:58:12+00:00","article_modified_time":"2025-07-25T06:59:06+00:00","og_image":[{"width":1536,"height":2048,"url":"https:\/\/etival.fr\/wp-content\/uploads\/2025\/07\/977256d0-c0ce-497e-90dd-6827fd2ca881.jpeg","type":"image\/jpeg"}],"author":"Catherine","twitter_card":"summary_large_image","twitter_misc":{"\u00c9crit par":"Catherine","Dur\u00e9e de lecture estim\u00e9e":"1 minute"},"schema":{"@context":"https:\/\/schema.org","@graph":[{"@type":"Article","@id":"https:\/\/etival.fr\/?p=13025#article","isPartOf":{"@id":"https:\/\/etival.fr\/?p=13025"},"author":{"name":"Catherine","@id":"https:\/\/etival.fr\/#\/schema\/person\/966767531f422984430588510b8d4c3f"},"headline":"Fermeture estivale de la Mairie les samedis.","datePublished":"2025-07-25T06:58:12+00:00","dateModified":"2025-07-25T06:59:06+00:00","mainEntityOfPage":{"@id":"https:\/\/etival.fr\/?p=13025"},"wordCount":60,"image":{"@id":"https:\/\/etival.fr\/?p=13025#primaryimage"},"thumbnailUrl":"https:\/\/etival.fr\/wp-content\/uploads\/2025\/07\/977256d0-c0ce-497e-90dd-6827fd2ca881-768x1024.jpeg","articleSection":["Informations Municipales"],"inLanguage":"fr-FR"},{"@type":"WebPage","@id":"https:\/\/etival.fr\/?p=13025","url":"https:\/\/etival.fr\/?p=13025","name":"Fermeture estivale de la Mairie les samedis. - Etival-Clairefontaine","isPartOf":{"@id":"https:\/\/etival.fr\/#website"},"primaryImageOfPage":{"@id":"https:\/\/etival.fr\/?p=13025#primaryimage"},"image":{"@id":"https:\/\/etival.fr\/?p=13025#primaryimage"},"thumbnailUrl":"https:\/\/etival.fr\/wp-content\/uploads\/2025\/07\/977256d0-c0ce-497e-90dd-6827fd2ca881-768x1024.jpeg","datePublished":"2025-07-25T06:58:12+00:00","dateModified":"2025-07-25T06:59:06+00:00","author":{"@id":"https:\/\/etival.fr\/#\/schema\/person\/966767531f422984430588510b8d4c3f"},"breadcrumb":{"@id":"https:\/\/etival.fr\/?p=13025#breadcrumb"},"inLanguage":"fr-FR","potentialAction":[{"@type":"ReadAction","target":["https:\/\/etival.fr\/?p=13025"]}]},{"@type":"ImageObject","inLanguage":"fr-FR","@id":"https:\/\/etival.fr\/?p=13025#primaryimage","url":"https:\/\/etival.fr\/wp-content\/uploads\/2025\/07\/977256d0-c0ce-497e-90dd-6827fd2ca881.jpeg","contentUrl":"https:\/\/etival.fr\/wp-content\/uploads\/2025\/07\/977256d0-c0ce-497e-90dd-6827fd2ca881.jpeg","width":1536,"height":2048},{"@type":"BreadcrumbList","@id":"https:\/\/etival.fr\/?p=13025#breadcrumb","itemListElement":[{"@type":"ListItem","position":1,"name":"Accueil","item":"https:\/\/etival.fr\/"},{"@type":"ListItem","position":2,"name":"Fermeture estivale de la Mairie les samedis."}]},{"@type":"WebSite","@id":"https:\/\/etival.fr\/#website","url":"https:\/\/etival.fr\/","name":"Etival-Clairefontaine","description":"Informations et actualit\u00e9s de la commune","potentialAction":[{"@type":"SearchAction","target":{"@type":"EntryPoint","urlTemplate":"https:\/\/etival.fr\/?s={search_term_string}"},"query-input":{"@type":"PropertyValueSpecification","valueRequired":true,"valueName":"search_term_string"}}],"inLanguage":"fr-FR"},{"@type":"Person","@id":"https:\/\/etival.fr\/#\/schema\/person\/966767531f422984430588510b8d4c3f","name":"Catherine","image":{"@type":"ImageObject","inLanguage":"fr-FR","@id":"https:\/\/etival.fr\/#\/schema\/person\/image\/","url":"https:\/\/secure.gravatar.com\/avatar\/b99eff3bf59bd614e6c532df451dc649?s=96&d=mm&r=g","contentUrl":"https:\/\/secure.gravatar.com\/avatar\/b99eff3bf59bd614e6c532df451dc649?s=96&d=mm&r=g","caption":"Catherine"},"url":"https:\/\/etival.fr\/?author=2"}]}},"_links":{"self":[{"href":"https:\/\/etival.fr\/index.php?rest_route=\/wp\/v2\/posts\/13025","targetHints":{"allow":["GET"]}}],"collection":[{"href":"https:\/\/etival.fr\/index.php?rest_route=\/wp\/v2\/posts"}],"about":[{"href":"https:\/\/etival.fr\/index.php?rest_route=\/wp\/v2\/types\/post"}],"author":[{"embeddable":true,"href":"https:\/\/etival.fr\/index.php?rest_route=\/wp\/v2\/users\/2"}],"replies":[{"embeddable":true,"href":"https:\/\/etival.fr\/index.php?rest_route=%2Fwp%2Fv2%2Fcomments&post=13025"}],"version-history":[{"count":1,"href":"https:\/\/etival.fr\/index.php?rest_route=\/wp\/v2\/posts\/13025\/revisions"}],"predecessor-version":[{"id":13027,"href":"https:\/\/etival.fr\/index.php?rest_route=\/wp\/v2\/posts\/13025\/revisions\/13027"}],"wp:attachment":[{"href":"https:\/\/etival.fr\/index.php?rest_route=%2Fwp%2Fv2%2Fmedia&parent=13025"}],"wp:term":[{"taxonomy":"category","embeddable":true,"href":"https:\/\/etival.fr\/index.php?rest_route=%2Fwp%2Fv2%2Fcategories&post=13025"},{"taxonomy":"post_tag","embeddable":true,"href":"https:\/\/etival.fr\/index.php?rest_route=%2Fwp%2Fv2%2Ftags&post=13025"}],"curies":[{"name":"wp","href":"https:\/\/api.w.org\/{rel}","templated":true}]}}