{"id":13072,"date":"2025-09-13T10:07:48","date_gmt":"2025-09-13T09:07:48","guid":{"rendered":"https:\/\/etival.fr\/?p=13072"},"modified":"2025-09-13T10:15:46","modified_gmt":"2025-09-13T09:15:46","slug":"semaine-bleue-du-6-au-12-octobre-2025","status":"publish","type":"post","link":"https:\/\/etival.fr\/?p=13072","title":{"rendered":"Semaine bleue du 6 au 12 octobre 2025"},"content":{"rendered":"\n<p>A l\u2019occasion de la semaine bleue, le Stiva\u2019liens organise, pour les s\u00e9niors, une initiation aux arts du cirque anim\u00e9e par l\u2019Ecole des nez rouges.<\/p>\n\n\n\n<p>Animation gratuite, ouverte et adapt\u00e9e \u00e0 tous. <br>Les places sont limit\u00e9es\u00a0; inscription obligatoire.<\/p>\n\n\n\n<figure class=\"wp-block-image size-large\"><a href=\"https:\/\/etival.fr\/wp-content\/uploads\/2025\/09\/arts-du-cirque-9-octobre.jpg\"><img loading=\"lazy\" decoding=\"async\" width=\"724\" height=\"1024\" src=\"https:\/\/etival.fr\/wp-content\/uploads\/2025\/09\/arts-du-cirque-9-octobre-724x1024.jpg\" alt=\"\" class=\"wp-image-13073\" srcset=\"https:\/\/etival.fr\/wp-content\/uploads\/2025\/09\/arts-du-cirque-9-octobre-724x1024.jpg 724w, https:\/\/etival.fr\/wp-content\/uploads\/2025\/09\/arts-du-cirque-9-octobre-212x300.jpg 212w, https:\/\/etival.fr\/wp-content\/uploads\/2025\/09\/arts-du-cirque-9-octobre-768x1086.jpg 768w, https:\/\/etival.fr\/wp-content\/uploads\/2025\/09\/arts-du-cirque-9-octobre-1086x1536.jpg 1086w, https:\/\/etival.fr\/wp-content\/uploads\/2025\/09\/arts-du-cirque-9-octobre-1448x2048.jpg 1448w, https:\/\/etival.fr\/wp-content\/uploads\/2025\/09\/arts-du-cirque-9-octobre-624x883.jpg 624w, https:\/\/etival.fr\/wp-content\/uploads\/2025\/09\/arts-du-cirque-9-octobre.jpg 1587w\" sizes=\"auto, (max-width: 724px) 100vw, 724px\" \/><\/a><\/figure>\n","protected":false},"excerpt":{"rendered":"<p>A l\u2019occasion de la semaine bleue, le Stiva\u2019liens organise, pour les s\u00e9niors, une initiation aux arts du cirque anim\u00e9e par l\u2019Ecole des nez rouges. Animation gratuite, ouverte et adapt\u00e9e \u00e0 tous. Les places sont limit\u00e9es\u00a0; inscription obligatoire.<\/p>\n","protected":false},"author":2,"featured_media":0,"comment_status":"closed","ping_status":"open","sticky":false,"template":"","format":"standard","meta":{"footnotes":""},"categories":[5],"tags":[],"class_list":["post-13072","post","type-post","status-publish","format-standard","hentry","category-informations-associations"],"yoast_head":"<!-- This site is optimized with the Yoast SEO plugin v26.8 - https:\/\/yoast.com\/product\/yoast-seo-wordpress\/ -->\n<title>Semaine bleue du 6 au 12 octobre 2025 - Etival-Clairefontaine<\/title>\n<meta name=\"robots\" content=\"index, follow, max-snippet:-1, max-image-preview:large, max-video-preview:-1\" \/>\n<link rel=\"canonical\" href=\"https:\/\/etival.fr\/?p=13072\" \/>\n<meta property=\"og:locale\" content=\"fr_FR\" \/>\n<meta property=\"og:type\" content=\"article\" \/>\n<meta property=\"og:title\" content=\"Semaine bleue du 6 au 12 octobre 2025 - Etival-Clairefontaine\" \/>\n<meta property=\"og:description\" content=\"A l\u2019occasion de la semaine bleue, le Stiva\u2019liens organise, pour les s\u00e9niors, une initiation aux arts du cirque anim\u00e9e par l\u2019Ecole des nez rouges. Animation gratuite, ouverte et adapt\u00e9e \u00e0 tous. Les places sont limit\u00e9es\u00a0; inscription obligatoire.\" \/>\n<meta property=\"og:url\" content=\"https:\/\/etival.fr\/?p=13072\" \/>\n<meta property=\"og:site_name\" content=\"Etival-Clairefontaine\" \/>\n<meta property=\"article:published_time\" content=\"2025-09-13T09:07:48+00:00\" \/>\n<meta property=\"article:modified_time\" content=\"2025-09-13T09:15:46+00:00\" \/>\n<meta property=\"og:image\" content=\"https:\/\/etival.fr\/wp-content\/uploads\/2025\/09\/arts-du-cirque-9-octobre.jpg\" \/>\n\t<meta property=\"og:image:width\" content=\"1587\" \/>\n\t<meta property=\"og:image:height\" content=\"2245\" \/>\n\t<meta property=\"og:image:type\" content=\"image\/jpeg\" \/>\n<meta name=\"author\" content=\"Catherine\" \/>\n<meta name=\"twitter:card\" content=\"summary_large_image\" \/>\n<meta name=\"twitter:label1\" content=\"\u00c9crit par\" \/>\n\t<meta name=\"twitter:data1\" content=\"Catherine\" \/>\n\t<meta name=\"twitter:label2\" content=\"Dur\u00e9e de lecture estim\u00e9e\" \/>\n\t<meta name=\"twitter:data2\" content=\"1 minute\" \/>\n<script type=\"application\/ld+json\" class=\"yoast-schema-graph\">{\"@context\":\"https:\/\/schema.org\",\"@graph\":[{\"@type\":\"Article\",\"@id\":\"https:\/\/etival.fr\/?p=13072#article\",\"isPartOf\":{\"@id\":\"https:\/\/etival.fr\/?p=13072\"},\"author\":{\"name\":\"Catherine\",\"@id\":\"https:\/\/etival.fr\/#\/schema\/person\/966767531f422984430588510b8d4c3f\"},\"headline\":\"Semaine bleue du 6 au 12 octobre 2025\",\"datePublished\":\"2025-09-13T09:07:48+00:00\",\"dateModified\":\"2025-09-13T09:15:46+00:00\",\"mainEntityOfPage\":{\"@id\":\"https:\/\/etival.fr\/?p=13072\"},\"wordCount\":48,\"image\":{\"@id\":\"https:\/\/etival.fr\/?p=13072#primaryimage\"},\"thumbnailUrl\":\"https:\/\/etival.fr\/wp-content\/uploads\/2025\/09\/arts-du-cirque-9-octobre-724x1024.jpg\",\"articleSection\":[\"Informations Associations\"],\"inLanguage\":\"fr-FR\"},{\"@type\":\"WebPage\",\"@id\":\"https:\/\/etival.fr\/?p=13072\",\"url\":\"https:\/\/etival.fr\/?p=13072\",\"name\":\"Semaine bleue du 6 au 12 octobre 2025 - Etival-Clairefontaine\",\"isPartOf\":{\"@id\":\"https:\/\/etival.fr\/#website\"},\"primaryImageOfPage\":{\"@id\":\"https:\/\/etival.fr\/?p=13072#primaryimage\"},\"image\":{\"@id\":\"https:\/\/etival.fr\/?p=13072#primaryimage\"},\"thumbnailUrl\":\"https:\/\/etival.fr\/wp-content\/uploads\/2025\/09\/arts-du-cirque-9-octobre-724x1024.jpg\",\"datePublished\":\"2025-09-13T09:07:48+00:00\",\"dateModified\":\"2025-09-13T09:15:46+00:00\",\"author\":{\"@id\":\"https:\/\/etival.fr\/#\/schema\/person\/966767531f422984430588510b8d4c3f\"},\"breadcrumb\":{\"@id\":\"https:\/\/etival.fr\/?p=13072#breadcrumb\"},\"inLanguage\":\"fr-FR\",\"potentialAction\":[{\"@type\":\"ReadAction\",\"target\":[\"https:\/\/etival.fr\/?p=13072\"]}]},{\"@type\":\"ImageObject\",\"inLanguage\":\"fr-FR\",\"@id\":\"https:\/\/etival.fr\/?p=13072#primaryimage\",\"url\":\"https:\/\/etival.fr\/wp-content\/uploads\/2025\/09\/arts-du-cirque-9-octobre.jpg\",\"contentUrl\":\"https:\/\/etival.fr\/wp-content\/uploads\/2025\/09\/arts-du-cirque-9-octobre.jpg\",\"width\":1587,\"height\":2245},{\"@type\":\"BreadcrumbList\",\"@id\":\"https:\/\/etival.fr\/?p=13072#breadcrumb\",\"itemListElement\":[{\"@type\":\"ListItem\",\"position\":1,\"name\":\"Accueil\",\"item\":\"https:\/\/etival.fr\/\"},{\"@type\":\"ListItem\",\"position\":2,\"name\":\"Semaine bleue du 6 au 12 octobre 2025\"}]},{\"@type\":\"WebSite\",\"@id\":\"https:\/\/etival.fr\/#website\",\"url\":\"https:\/\/etival.fr\/\",\"name\":\"Etival-Clairefontaine\",\"description\":\"Informations et actualit\u00e9s de la commune\",\"potentialAction\":[{\"@type\":\"SearchAction\",\"target\":{\"@type\":\"EntryPoint\",\"urlTemplate\":\"https:\/\/etival.fr\/?s={search_term_string}\"},\"query-input\":{\"@type\":\"PropertyValueSpecification\",\"valueRequired\":true,\"valueName\":\"search_term_string\"}}],\"inLanguage\":\"fr-FR\"},{\"@type\":\"Person\",\"@id\":\"https:\/\/etival.fr\/#\/schema\/person\/966767531f422984430588510b8d4c3f\",\"name\":\"Catherine\",\"image\":{\"@type\":\"ImageObject\",\"inLanguage\":\"fr-FR\",\"@id\":\"https:\/\/etival.fr\/#\/schema\/person\/image\/\",\"url\":\"https:\/\/secure.gravatar.com\/avatar\/b99eff3bf59bd614e6c532df451dc649?s=96&d=mm&r=g\",\"contentUrl\":\"https:\/\/secure.gravatar.com\/avatar\/b99eff3bf59bd614e6c532df451dc649?s=96&d=mm&r=g\",\"caption\":\"Catherine\"},\"url\":\"https:\/\/etival.fr\/?author=2\"}]}<\/script>\n<!-- \/ Yoast SEO plugin. -->","yoast_head_json":{"title":"Semaine bleue du 6 au 12 octobre 2025 - Etival-Clairefontaine","robots":{"index":"index","follow":"follow","max-snippet":"max-snippet:-1","max-image-preview":"max-image-preview:large","max-video-preview":"max-video-preview:-1"},"canonical":"https:\/\/etival.fr\/?p=13072","og_locale":"fr_FR","og_type":"article","og_title":"Semaine bleue du 6 au 12 octobre 2025 - Etival-Clairefontaine","og_description":"A l\u2019occasion de la semaine bleue, le Stiva\u2019liens organise, pour les s\u00e9niors, une initiation aux arts du cirque anim\u00e9e par l\u2019Ecole des nez rouges. Animation gratuite, ouverte et adapt\u00e9e \u00e0 tous. Les places sont limit\u00e9es\u00a0; inscription obligatoire.","og_url":"https:\/\/etival.fr\/?p=13072","og_site_name":"Etival-Clairefontaine","article_published_time":"2025-09-13T09:07:48+00:00","article_modified_time":"2025-09-13T09:15:46+00:00","og_image":[{"width":1587,"height":2245,"url":"https:\/\/etival.fr\/wp-content\/uploads\/2025\/09\/arts-du-cirque-9-octobre.jpg","type":"image\/jpeg"}],"author":"Catherine","twitter_card":"summary_large_image","twitter_misc":{"\u00c9crit par":"Catherine","Dur\u00e9e de lecture estim\u00e9e":"1 minute"},"schema":{"@context":"https:\/\/schema.org","@graph":[{"@type":"Article","@id":"https:\/\/etival.fr\/?p=13072#article","isPartOf":{"@id":"https:\/\/etival.fr\/?p=13072"},"author":{"name":"Catherine","@id":"https:\/\/etival.fr\/#\/schema\/person\/966767531f422984430588510b8d4c3f"},"headline":"Semaine bleue du 6 au 12 octobre 2025","datePublished":"2025-09-13T09:07:48+00:00","dateModified":"2025-09-13T09:15:46+00:00","mainEntityOfPage":{"@id":"https:\/\/etival.fr\/?p=13072"},"wordCount":48,"image":{"@id":"https:\/\/etival.fr\/?p=13072#primaryimage"},"thumbnailUrl":"https:\/\/etival.fr\/wp-content\/uploads\/2025\/09\/arts-du-cirque-9-octobre-724x1024.jpg","articleSection":["Informations Associations"],"inLanguage":"fr-FR"},{"@type":"WebPage","@id":"https:\/\/etival.fr\/?p=13072","url":"https:\/\/etival.fr\/?p=13072","name":"Semaine bleue du 6 au 12 octobre 2025 - Etival-Clairefontaine","isPartOf":{"@id":"https:\/\/etival.fr\/#website"},"primaryImageOfPage":{"@id":"https:\/\/etival.fr\/?p=13072#primaryimage"},"image":{"@id":"https:\/\/etival.fr\/?p=13072#primaryimage"},"thumbnailUrl":"https:\/\/etival.fr\/wp-content\/uploads\/2025\/09\/arts-du-cirque-9-octobre-724x1024.jpg","datePublished":"2025-09-13T09:07:48+00:00","dateModified":"2025-09-13T09:15:46+00:00","author":{"@id":"https:\/\/etival.fr\/#\/schema\/person\/966767531f422984430588510b8d4c3f"},"breadcrumb":{"@id":"https:\/\/etival.fr\/?p=13072#breadcrumb"},"inLanguage":"fr-FR","potentialAction":[{"@type":"ReadAction","target":["https:\/\/etival.fr\/?p=13072"]}]},{"@type":"ImageObject","inLanguage":"fr-FR","@id":"https:\/\/etival.fr\/?p=13072#primaryimage","url":"https:\/\/etival.fr\/wp-content\/uploads\/2025\/09\/arts-du-cirque-9-octobre.jpg","contentUrl":"https:\/\/etival.fr\/wp-content\/uploads\/2025\/09\/arts-du-cirque-9-octobre.jpg","width":1587,"height":2245},{"@type":"BreadcrumbList","@id":"https:\/\/etival.fr\/?p=13072#breadcrumb","itemListElement":[{"@type":"ListItem","position":1,"name":"Accueil","item":"https:\/\/etival.fr\/"},{"@type":"ListItem","position":2,"name":"Semaine bleue du 6 au 12 octobre 2025"}]},{"@type":"WebSite","@id":"https:\/\/etival.fr\/#website","url":"https:\/\/etival.fr\/","name":"Etival-Clairefontaine","description":"Informations et actualit\u00e9s de la commune","potentialAction":[{"@type":"SearchAction","target":{"@type":"EntryPoint","urlTemplate":"https:\/\/etival.fr\/?s={search_term_string}"},"query-input":{"@type":"PropertyValueSpecification","valueRequired":true,"valueName":"search_term_string"}}],"inLanguage":"fr-FR"},{"@type":"Person","@id":"https:\/\/etival.fr\/#\/schema\/person\/966767531f422984430588510b8d4c3f","name":"Catherine","image":{"@type":"ImageObject","inLanguage":"fr-FR","@id":"https:\/\/etival.fr\/#\/schema\/person\/image\/","url":"https:\/\/secure.gravatar.com\/avatar\/b99eff3bf59bd614e6c532df451dc649?s=96&d=mm&r=g","contentUrl":"https:\/\/secure.gravatar.com\/avatar\/b99eff3bf59bd614e6c532df451dc649?s=96&d=mm&r=g","caption":"Catherine"},"url":"https:\/\/etival.fr\/?author=2"}]}},"_links":{"self":[{"href":"https:\/\/etival.fr\/index.php?rest_route=\/wp\/v2\/posts\/13072","targetHints":{"allow":["GET"]}}],"collection":[{"href":"https:\/\/etival.fr\/index.php?rest_route=\/wp\/v2\/posts"}],"about":[{"href":"https:\/\/etival.fr\/index.php?rest_route=\/wp\/v2\/types\/post"}],"author":[{"embeddable":true,"href":"https:\/\/etival.fr\/index.php?rest_route=\/wp\/v2\/users\/2"}],"replies":[{"embeddable":true,"href":"https:\/\/etival.fr\/index.php?rest_route=%2Fwp%2Fv2%2Fcomments&post=13072"}],"version-history":[{"count":1,"href":"https:\/\/etival.fr\/index.php?rest_route=\/wp\/v2\/posts\/13072\/revisions"}],"predecessor-version":[{"id":13074,"href":"https:\/\/etival.fr\/index.php?rest_route=\/wp\/v2\/posts\/13072\/revisions\/13074"}],"wp:attachment":[{"href":"https:\/\/etival.fr\/index.php?rest_route=%2Fwp%2Fv2%2Fmedia&parent=13072"}],"wp:term":[{"taxonomy":"category","embeddable":true,"href":"https:\/\/etival.fr\/index.php?rest_route=%2Fwp%2Fv2%2Fcategories&post=13072"},{"taxonomy":"post_tag","embeddable":true,"href":"https:\/\/etival.fr\/index.php?rest_route=%2Fwp%2Fv2%2Ftags&post=13072"}],"curies":[{"name":"wp","href":"https:\/\/api.w.org\/{rel}","templated":true}]}}