{"id":13075,"date":"2025-09-17T06:11:16","date_gmt":"2025-09-17T05:11:16","guid":{"rendered":"https:\/\/etival.fr\/?p=13075"},"modified":"2025-09-17T06:12:29","modified_gmt":"2025-09-17T05:12:29","slug":"bourse-aux-livres-5","status":"publish","type":"post","link":"https:\/\/etival.fr\/?p=13075","title":{"rendered":"Bourse aux livres"},"content":{"rendered":"\n<figure class=\"wp-block-image size-large\"><a href=\"https:\/\/etival.fr\/wp-content\/uploads\/2025\/09\/AFFICHE-A3-scaled.jpg\"><img loading=\"lazy\" decoding=\"async\" width=\"717\" height=\"1024\" src=\"https:\/\/etival.fr\/wp-content\/uploads\/2025\/09\/AFFICHE-A3-717x1024.jpg\" alt=\"\" class=\"wp-image-13076\" srcset=\"https:\/\/etival.fr\/wp-content\/uploads\/2025\/09\/AFFICHE-A3-717x1024.jpg 717w, https:\/\/etival.fr\/wp-content\/uploads\/2025\/09\/AFFICHE-A3-210x300.jpg 210w, https:\/\/etival.fr\/wp-content\/uploads\/2025\/09\/AFFICHE-A3-768x1097.jpg 768w, https:\/\/etival.fr\/wp-content\/uploads\/2025\/09\/AFFICHE-A3-1075x1536.jpg 1075w, https:\/\/etival.fr\/wp-content\/uploads\/2025\/09\/AFFICHE-A3-1433x2048.jpg 1433w, https:\/\/etival.fr\/wp-content\/uploads\/2025\/09\/AFFICHE-A3-624x892.jpg 624w, https:\/\/etival.fr\/wp-content\/uploads\/2025\/09\/AFFICHE-A3-scaled.jpg 1791w\" sizes=\"auto, (max-width: 717px) 100vw, 717px\" \/><\/a><\/figure>\n\n\n\n<p>Si vous le d\u00e9sirez, vous pouvez t\u00e9l\u00e9charger le formulaire <a href=\"https:\/\/etival.fr\/wp-content\/uploads\/2025\/09\/Formulaire-dinscription-Bouse-aux-livres-2024.pdf\">ICI<\/a> et le transmettre par mail \u00e0 faysi88@laposte.net<\/p>\n\n\n\n<p><\/p>\n","protected":false},"excerpt":{"rendered":"<p>Si vous le d\u00e9sirez, vous pouvez t\u00e9l\u00e9charger le formulaire ICI et le transmettre par mail \u00e0 faysi88@laposte.net<\/p>\n","protected":false},"author":2,"featured_media":0,"comment_status":"closed","ping_status":"open","sticky":false,"template":"","format":"standard","meta":{"footnotes":""},"categories":[5],"tags":[],"class_list":["post-13075","post","type-post","status-publish","format-standard","hentry","category-informations-associations"],"yoast_head":"<!-- This site is optimized with the Yoast SEO plugin v26.8 - https:\/\/yoast.com\/product\/yoast-seo-wordpress\/ -->\n<title>Bourse aux livres - Etival-Clairefontaine<\/title>\n<meta name=\"robots\" content=\"index, follow, max-snippet:-1, max-image-preview:large, max-video-preview:-1\" \/>\n<link rel=\"canonical\" href=\"https:\/\/etival.fr\/?p=13075\" \/>\n<meta property=\"og:locale\" content=\"fr_FR\" \/>\n<meta property=\"og:type\" content=\"article\" \/>\n<meta property=\"og:title\" content=\"Bourse aux livres - Etival-Clairefontaine\" \/>\n<meta property=\"og:description\" content=\"Si vous le d\u00e9sirez, vous pouvez t\u00e9l\u00e9charger le formulaire ICI et le transmettre par mail \u00e0 faysi88@laposte.net\" \/>\n<meta property=\"og:url\" content=\"https:\/\/etival.fr\/?p=13075\" \/>\n<meta property=\"og:site_name\" content=\"Etival-Clairefontaine\" \/>\n<meta property=\"article:published_time\" content=\"2025-09-17T05:11:16+00:00\" \/>\n<meta property=\"article:modified_time\" content=\"2025-09-17T05:12:29+00:00\" \/>\n<meta property=\"og:image\" content=\"https:\/\/etival.fr\/wp-content\/uploads\/2025\/09\/AFFICHE-A3-scaled.jpg\" \/>\n\t<meta property=\"og:image:width\" content=\"1791\" \/>\n\t<meta property=\"og:image:height\" content=\"2560\" \/>\n\t<meta property=\"og:image:type\" content=\"image\/jpeg\" \/>\n<meta name=\"author\" content=\"Catherine\" \/>\n<meta name=\"twitter:card\" content=\"summary_large_image\" \/>\n<meta name=\"twitter:label1\" content=\"\u00c9crit par\" \/>\n\t<meta name=\"twitter:data1\" content=\"Catherine\" \/>\n\t<meta name=\"twitter:label2\" content=\"Dur\u00e9e de lecture estim\u00e9e\" \/>\n\t<meta name=\"twitter:data2\" content=\"1 minute\" \/>\n<script type=\"application\/ld+json\" class=\"yoast-schema-graph\">{\"@context\":\"https:\/\/schema.org\",\"@graph\":[{\"@type\":\"Article\",\"@id\":\"https:\/\/etival.fr\/?p=13075#article\",\"isPartOf\":{\"@id\":\"https:\/\/etival.fr\/?p=13075\"},\"author\":{\"name\":\"Catherine\",\"@id\":\"https:\/\/etival.fr\/#\/schema\/person\/966767531f422984430588510b8d4c3f\"},\"headline\":\"Bourse aux livres\",\"datePublished\":\"2025-09-17T05:11:16+00:00\",\"dateModified\":\"2025-09-17T05:12:29+00:00\",\"mainEntityOfPage\":{\"@id\":\"https:\/\/etival.fr\/?p=13075\"},\"wordCount\":24,\"image\":{\"@id\":\"https:\/\/etival.fr\/?p=13075#primaryimage\"},\"thumbnailUrl\":\"https:\/\/etival.fr\/wp-content\/uploads\/2025\/09\/AFFICHE-A3-717x1024.jpg\",\"articleSection\":[\"Informations Associations\"],\"inLanguage\":\"fr-FR\"},{\"@type\":\"WebPage\",\"@id\":\"https:\/\/etival.fr\/?p=13075\",\"url\":\"https:\/\/etival.fr\/?p=13075\",\"name\":\"Bourse aux livres - Etival-Clairefontaine\",\"isPartOf\":{\"@id\":\"https:\/\/etival.fr\/#website\"},\"primaryImageOfPage\":{\"@id\":\"https:\/\/etival.fr\/?p=13075#primaryimage\"},\"image\":{\"@id\":\"https:\/\/etival.fr\/?p=13075#primaryimage\"},\"thumbnailUrl\":\"https:\/\/etival.fr\/wp-content\/uploads\/2025\/09\/AFFICHE-A3-717x1024.jpg\",\"datePublished\":\"2025-09-17T05:11:16+00:00\",\"dateModified\":\"2025-09-17T05:12:29+00:00\",\"author\":{\"@id\":\"https:\/\/etival.fr\/#\/schema\/person\/966767531f422984430588510b8d4c3f\"},\"breadcrumb\":{\"@id\":\"https:\/\/etival.fr\/?p=13075#breadcrumb\"},\"inLanguage\":\"fr-FR\",\"potentialAction\":[{\"@type\":\"ReadAction\",\"target\":[\"https:\/\/etival.fr\/?p=13075\"]}]},{\"@type\":\"ImageObject\",\"inLanguage\":\"fr-FR\",\"@id\":\"https:\/\/etival.fr\/?p=13075#primaryimage\",\"url\":\"https:\/\/etival.fr\/wp-content\/uploads\/2025\/09\/AFFICHE-A3-scaled.jpg\",\"contentUrl\":\"https:\/\/etival.fr\/wp-content\/uploads\/2025\/09\/AFFICHE-A3-scaled.jpg\",\"width\":1791,\"height\":2560},{\"@type\":\"BreadcrumbList\",\"@id\":\"https:\/\/etival.fr\/?p=13075#breadcrumb\",\"itemListElement\":[{\"@type\":\"ListItem\",\"position\":1,\"name\":\"Accueil\",\"item\":\"https:\/\/etival.fr\/\"},{\"@type\":\"ListItem\",\"position\":2,\"name\":\"Bourse aux livres\"}]},{\"@type\":\"WebSite\",\"@id\":\"https:\/\/etival.fr\/#website\",\"url\":\"https:\/\/etival.fr\/\",\"name\":\"Etival-Clairefontaine\",\"description\":\"Informations et actualit\u00e9s de la commune\",\"potentialAction\":[{\"@type\":\"SearchAction\",\"target\":{\"@type\":\"EntryPoint\",\"urlTemplate\":\"https:\/\/etival.fr\/?s={search_term_string}\"},\"query-input\":{\"@type\":\"PropertyValueSpecification\",\"valueRequired\":true,\"valueName\":\"search_term_string\"}}],\"inLanguage\":\"fr-FR\"},{\"@type\":\"Person\",\"@id\":\"https:\/\/etival.fr\/#\/schema\/person\/966767531f422984430588510b8d4c3f\",\"name\":\"Catherine\",\"image\":{\"@type\":\"ImageObject\",\"inLanguage\":\"fr-FR\",\"@id\":\"https:\/\/etival.fr\/#\/schema\/person\/image\/\",\"url\":\"https:\/\/secure.gravatar.com\/avatar\/b99eff3bf59bd614e6c532df451dc649?s=96&d=mm&r=g\",\"contentUrl\":\"https:\/\/secure.gravatar.com\/avatar\/b99eff3bf59bd614e6c532df451dc649?s=96&d=mm&r=g\",\"caption\":\"Catherine\"},\"url\":\"https:\/\/etival.fr\/?author=2\"}]}<\/script>\n<!-- \/ Yoast SEO plugin. -->","yoast_head_json":{"title":"Bourse aux livres - Etival-Clairefontaine","robots":{"index":"index","follow":"follow","max-snippet":"max-snippet:-1","max-image-preview":"max-image-preview:large","max-video-preview":"max-video-preview:-1"},"canonical":"https:\/\/etival.fr\/?p=13075","og_locale":"fr_FR","og_type":"article","og_title":"Bourse aux livres - Etival-Clairefontaine","og_description":"Si vous le d\u00e9sirez, vous pouvez t\u00e9l\u00e9charger le formulaire ICI et le transmettre par mail \u00e0 faysi88@laposte.net","og_url":"https:\/\/etival.fr\/?p=13075","og_site_name":"Etival-Clairefontaine","article_published_time":"2025-09-17T05:11:16+00:00","article_modified_time":"2025-09-17T05:12:29+00:00","og_image":[{"width":1791,"height":2560,"url":"https:\/\/etival.fr\/wp-content\/uploads\/2025\/09\/AFFICHE-A3-scaled.jpg","type":"image\/jpeg"}],"author":"Catherine","twitter_card":"summary_large_image","twitter_misc":{"\u00c9crit par":"Catherine","Dur\u00e9e de lecture estim\u00e9e":"1 minute"},"schema":{"@context":"https:\/\/schema.org","@graph":[{"@type":"Article","@id":"https:\/\/etival.fr\/?p=13075#article","isPartOf":{"@id":"https:\/\/etival.fr\/?p=13075"},"author":{"name":"Catherine","@id":"https:\/\/etival.fr\/#\/schema\/person\/966767531f422984430588510b8d4c3f"},"headline":"Bourse aux livres","datePublished":"2025-09-17T05:11:16+00:00","dateModified":"2025-09-17T05:12:29+00:00","mainEntityOfPage":{"@id":"https:\/\/etival.fr\/?p=13075"},"wordCount":24,"image":{"@id":"https:\/\/etival.fr\/?p=13075#primaryimage"},"thumbnailUrl":"https:\/\/etival.fr\/wp-content\/uploads\/2025\/09\/AFFICHE-A3-717x1024.jpg","articleSection":["Informations Associations"],"inLanguage":"fr-FR"},{"@type":"WebPage","@id":"https:\/\/etival.fr\/?p=13075","url":"https:\/\/etival.fr\/?p=13075","name":"Bourse aux livres - Etival-Clairefontaine","isPartOf":{"@id":"https:\/\/etival.fr\/#website"},"primaryImageOfPage":{"@id":"https:\/\/etival.fr\/?p=13075#primaryimage"},"image":{"@id":"https:\/\/etival.fr\/?p=13075#primaryimage"},"thumbnailUrl":"https:\/\/etival.fr\/wp-content\/uploads\/2025\/09\/AFFICHE-A3-717x1024.jpg","datePublished":"2025-09-17T05:11:16+00:00","dateModified":"2025-09-17T05:12:29+00:00","author":{"@id":"https:\/\/etival.fr\/#\/schema\/person\/966767531f422984430588510b8d4c3f"},"breadcrumb":{"@id":"https:\/\/etival.fr\/?p=13075#breadcrumb"},"inLanguage":"fr-FR","potentialAction":[{"@type":"ReadAction","target":["https:\/\/etival.fr\/?p=13075"]}]},{"@type":"ImageObject","inLanguage":"fr-FR","@id":"https:\/\/etival.fr\/?p=13075#primaryimage","url":"https:\/\/etival.fr\/wp-content\/uploads\/2025\/09\/AFFICHE-A3-scaled.jpg","contentUrl":"https:\/\/etival.fr\/wp-content\/uploads\/2025\/09\/AFFICHE-A3-scaled.jpg","width":1791,"height":2560},{"@type":"BreadcrumbList","@id":"https:\/\/etival.fr\/?p=13075#breadcrumb","itemListElement":[{"@type":"ListItem","position":1,"name":"Accueil","item":"https:\/\/etival.fr\/"},{"@type":"ListItem","position":2,"name":"Bourse aux livres"}]},{"@type":"WebSite","@id":"https:\/\/etival.fr\/#website","url":"https:\/\/etival.fr\/","name":"Etival-Clairefontaine","description":"Informations et actualit\u00e9s de la commune","potentialAction":[{"@type":"SearchAction","target":{"@type":"EntryPoint","urlTemplate":"https:\/\/etival.fr\/?s={search_term_string}"},"query-input":{"@type":"PropertyValueSpecification","valueRequired":true,"valueName":"search_term_string"}}],"inLanguage":"fr-FR"},{"@type":"Person","@id":"https:\/\/etival.fr\/#\/schema\/person\/966767531f422984430588510b8d4c3f","name":"Catherine","image":{"@type":"ImageObject","inLanguage":"fr-FR","@id":"https:\/\/etival.fr\/#\/schema\/person\/image\/","url":"https:\/\/secure.gravatar.com\/avatar\/b99eff3bf59bd614e6c532df451dc649?s=96&d=mm&r=g","contentUrl":"https:\/\/secure.gravatar.com\/avatar\/b99eff3bf59bd614e6c532df451dc649?s=96&d=mm&r=g","caption":"Catherine"},"url":"https:\/\/etival.fr\/?author=2"}]}},"_links":{"self":[{"href":"https:\/\/etival.fr\/index.php?rest_route=\/wp\/v2\/posts\/13075","targetHints":{"allow":["GET"]}}],"collection":[{"href":"https:\/\/etival.fr\/index.php?rest_route=\/wp\/v2\/posts"}],"about":[{"href":"https:\/\/etival.fr\/index.php?rest_route=\/wp\/v2\/types\/post"}],"author":[{"embeddable":true,"href":"https:\/\/etival.fr\/index.php?rest_route=\/wp\/v2\/users\/2"}],"replies":[{"embeddable":true,"href":"https:\/\/etival.fr\/index.php?rest_route=%2Fwp%2Fv2%2Fcomments&post=13075"}],"version-history":[{"count":2,"href":"https:\/\/etival.fr\/index.php?rest_route=\/wp\/v2\/posts\/13075\/revisions"}],"predecessor-version":[{"id":13080,"href":"https:\/\/etival.fr\/index.php?rest_route=\/wp\/v2\/posts\/13075\/revisions\/13080"}],"wp:attachment":[{"href":"https:\/\/etival.fr\/index.php?rest_route=%2Fwp%2Fv2%2Fmedia&parent=13075"}],"wp:term":[{"taxonomy":"category","embeddable":true,"href":"https:\/\/etival.fr\/index.php?rest_route=%2Fwp%2Fv2%2Fcategories&post=13075"},{"taxonomy":"post_tag","embeddable":true,"href":"https:\/\/etival.fr\/index.php?rest_route=%2Fwp%2Fv2%2Ftags&post=13075"}],"curies":[{"name":"wp","href":"https:\/\/api.w.org\/{rel}","templated":true}]}}