{"id":13119,"date":"2025-09-23T13:50:40","date_gmt":"2025-09-23T12:50:40","guid":{"rendered":"https:\/\/etival.fr\/?p=13119"},"modified":"2025-09-23T13:57:11","modified_gmt":"2025-09-23T12:57:11","slug":"enquete-publique-pluih","status":"publish","type":"post","link":"https:\/\/etival.fr\/?p=13119","title":{"rendered":"Enqu\u00eate publique PLUiH"},"content":{"rendered":"\n<figure class=\"wp-block-image size-large\"><a href=\"https:\/\/etival.fr\/wp-content\/uploads\/2025\/09\/542761518_1189914383174252_4040360038169966625_n.jpg\"><img loading=\"lazy\" decoding=\"async\" width=\"1024\" height=\"698\" src=\"https:\/\/etival.fr\/wp-content\/uploads\/2025\/09\/542761518_1189914383174252_4040360038169966625_n-1024x698.jpg\" alt=\"\" class=\"wp-image-13120\" srcset=\"https:\/\/etival.fr\/wp-content\/uploads\/2025\/09\/542761518_1189914383174252_4040360038169966625_n-1024x698.jpg 1024w, https:\/\/etival.fr\/wp-content\/uploads\/2025\/09\/542761518_1189914383174252_4040360038169966625_n-300x204.jpg 300w, https:\/\/etival.fr\/wp-content\/uploads\/2025\/09\/542761518_1189914383174252_4040360038169966625_n-768x523.jpg 768w, https:\/\/etival.fr\/wp-content\/uploads\/2025\/09\/542761518_1189914383174252_4040360038169966625_n-624x425.jpg 624w, https:\/\/etival.fr\/wp-content\/uploads\/2025\/09\/542761518_1189914383174252_4040360038169966625_n.jpg 1048w\" sizes=\"auto, (max-width: 1024px) 100vw, 1024px\" \/><\/a><\/figure>\n\n\n\n<p>Dans le cadre de l\u2019\u00e9laboration du Plan Local d\u2019Urbanisme intercommunal, valant programme local de l\u2019Habitat (PLUiH), une commission d\u2019enqu\u00eate compos\u00e9e de cinq commissaires-enqu\u00eateurs a \u00e9t\u00e9 nomm\u00e9e.<br>Ils r\u00e9aliseront une permanence dans chacune des <strong>77 communes de l\u2019Agglom\u00e9ration<\/strong>, aux dates et heures mentionn\u00e9es sur l\u2019avis d\u2019enqu\u00eate publique pour recueillir les remarques des habitants.<br>Pour notre commune d&rsquo;\u00c9tival-Clairefontaine, ce sera<strong> <\/strong>le<strong> <\/strong><br><strong>mardi 14 octobre de 14h30 \u00e0 18h30.<\/strong><\/p>\n\n\n\n<p>Vous pourrez venir consulter les plans et r\u00e8glements du PLUiH et apporter d\u2019\u00e9ventuelles remarques aupr\u00e8s du commissaire-enqu\u00eateur.<br>Vous n\u2019\u00eates pas disponible sur le cr\u00e9neau propos\u00e9 ?<br>Pour prendre connaissance des documents, vous pouvez :<\/p>\n\n\n\n<ul class=\"wp-block-list\">\n<li>Consulter les documents disponibles en mairie, aux horaires d\u2019ouverture habituels.<\/li>\n\n\n\n<li>Consulter le dossier au si\u00e8ge de l\u2019Agglom\u00e9ration, 7 place Saint-Martin \u00e0 Saint-Di\u00e9-des-Vosges, aux horaires d\u2019ouverture habituels.<\/li>\n\n\n\n<li>Consulter et t\u00e9l\u00e9charger les documents sur le site de l\u2019enqu\u00eate <strong><em>https:\/\/www.registre-dematerialise.fr\/6512<\/em><\/strong>  <em>(site disponible que durant l&rsquo;enqu\u00eate, soit du 25 septembre \u00e0 9h au 5 novembre \u00e0 12h).<\/em><\/li>\n<\/ul>\n\n\n\n<p>Pour apporter vos observations, vous pouvez :<\/p>\n\n\n\n<ul class=\"wp-block-list\">\n<li>Inscrire votre remarque sur le registre d\u2019enqu\u00eate pr\u00e9sent en mairie.<\/li>\n\n\n\n<li>Vous rendre dans n\u2019importe quelle commune de l\u2019Agglom\u00e9ration lors d\u2019une permanence des commissaires-enqu\u00eateurs, quel que soit votre lieu de r\u00e9sidence (la liste compl\u00e8te des permanences est l\u2019avis affich\u00e9 en mairie).<strong>*<\/strong><\/li>\n\n\n\n<li>Inscrire une remarque dans le registre qui est au si\u00e8ge de l\u2019Agglom\u00e9ration, 7 place Saint-Martin \u00e0 Saint-Di\u00e9-des-Vosges<\/li>\n\n\n\n<li>Vous pouvez envoyer un mail \u00e0 l\u2019adresse enquete-publique-6512@registre-dematerialise.fr<\/li>\n\n\n\n<li>Envoyer un courrier \u00e0 Monsieur le Pr\u00e9sident de la Commission d\u2019Enqu\u00eate <br>Projet de PLUiH \u2013 Communaut\u00e9 d\u2019Agglom\u00e9ration de<br>Saint-Di\u00e9-des-Vosges, 7 place Saint-Martin \u2013 88100 Saint-Di\u00e9-des-Vosges.<\/li>\n<\/ul>\n\n\n\n<p><strong>*<\/strong><\/p>\n\n\n\n<figure class=\"wp-block-gallery has-nested-images columns-default is-cropped wp-block-gallery-1 is-layout-flex wp-block-gallery-is-layout-flex\">\n<figure class=\"wp-block-image size-large\"><a href=\"https:\/\/etival.fr\/wp-content\/uploads\/2025\/09\/539555187_1187225796776444_7503138977397080180_n-1.jpg\"><img loading=\"lazy\" decoding=\"async\" width=\"1024\" height=\"724\" data-id=\"13125\" src=\"https:\/\/etival.fr\/wp-content\/uploads\/2025\/09\/539555187_1187225796776444_7503138977397080180_n-1-1024x724.jpg\" alt=\"\" class=\"wp-image-13125\" srcset=\"https:\/\/etival.fr\/wp-content\/uploads\/2025\/09\/539555187_1187225796776444_7503138977397080180_n-1-1024x724.jpg 1024w, https:\/\/etival.fr\/wp-content\/uploads\/2025\/09\/539555187_1187225796776444_7503138977397080180_n-1-300x212.jpg 300w, https:\/\/etival.fr\/wp-content\/uploads\/2025\/09\/539555187_1187225796776444_7503138977397080180_n-1-768x543.jpg 768w, https:\/\/etival.fr\/wp-content\/uploads\/2025\/09\/539555187_1187225796776444_7503138977397080180_n-1-1536x1086.jpg 1536w, https:\/\/etival.fr\/wp-content\/uploads\/2025\/09\/539555187_1187225796776444_7503138977397080180_n-1-624x441.jpg 624w, https:\/\/etival.fr\/wp-content\/uploads\/2025\/09\/539555187_1187225796776444_7503138977397080180_n-1.jpg 2048w\" sizes=\"auto, (max-width: 1024px) 100vw, 1024px\" \/><\/a><\/figure>\n\n\n\n<figure class=\"wp-block-image size-large\"><a href=\"https:\/\/etival.fr\/wp-content\/uploads\/2025\/09\/541438355_1187225776776446_4737263645785902043_n.jpg\"><img loading=\"lazy\" decoding=\"async\" width=\"1024\" height=\"724\" data-id=\"13124\" src=\"https:\/\/etival.fr\/wp-content\/uploads\/2025\/09\/541438355_1187225776776446_4737263645785902043_n-1024x724.jpg\" alt=\"\" class=\"wp-image-13124\" srcset=\"https:\/\/etival.fr\/wp-content\/uploads\/2025\/09\/541438355_1187225776776446_4737263645785902043_n-1024x724.jpg 1024w, https:\/\/etival.fr\/wp-content\/uploads\/2025\/09\/541438355_1187225776776446_4737263645785902043_n-300x212.jpg 300w, https:\/\/etival.fr\/wp-content\/uploads\/2025\/09\/541438355_1187225776776446_4737263645785902043_n-768x543.jpg 768w, https:\/\/etival.fr\/wp-content\/uploads\/2025\/09\/541438355_1187225776776446_4737263645785902043_n-1536x1086.jpg 1536w, https:\/\/etival.fr\/wp-content\/uploads\/2025\/09\/541438355_1187225776776446_4737263645785902043_n-624x441.jpg 624w, https:\/\/etival.fr\/wp-content\/uploads\/2025\/09\/541438355_1187225776776446_4737263645785902043_n.jpg 2048w\" sizes=\"auto, (max-width: 1024px) 100vw, 1024px\" \/><\/a><\/figure>\n<\/figure>\n","protected":false},"excerpt":{"rendered":"<p>Dans le cadre de l\u2019\u00e9laboration du Plan Local d\u2019Urbanisme intercommunal, valant programme local de l\u2019Habitat (PLUiH), une commission d\u2019enqu\u00eate compos\u00e9e de cinq commissaires-enqu\u00eateurs a \u00e9t\u00e9 nomm\u00e9e.Ils r\u00e9aliseront une permanence dans chacune des 77 communes de l\u2019Agglom\u00e9ration, aux dates et heures mentionn\u00e9es sur l\u2019avis d\u2019enqu\u00eate publique pour recueillir les remarques des habitants.Pour notre commune d&rsquo;\u00c9tival-Clairefontaine, ce [&hellip;]<\/p>\n","protected":false},"author":2,"featured_media":0,"comment_status":"closed","ping_status":"open","sticky":false,"template":"","format":"standard","meta":{"footnotes":""},"categories":[9],"tags":[],"class_list":["post-13119","post","type-post","status-publish","format-standard","hentry","category-communaute-dagglomeration-de-saint-die-des-vosges"],"yoast_head":"<!-- This site is optimized with the Yoast SEO plugin v26.8 - https:\/\/yoast.com\/product\/yoast-seo-wordpress\/ -->\n<title>Enqu\u00eate publique PLUiH - Etival-Clairefontaine<\/title>\n<meta name=\"robots\" content=\"index, follow, max-snippet:-1, max-image-preview:large, max-video-preview:-1\" \/>\n<link rel=\"canonical\" href=\"https:\/\/etival.fr\/?p=13119\" \/>\n<meta property=\"og:locale\" content=\"fr_FR\" \/>\n<meta property=\"og:type\" content=\"article\" \/>\n<meta property=\"og:title\" content=\"Enqu\u00eate publique PLUiH - Etival-Clairefontaine\" \/>\n<meta property=\"og:description\" content=\"Dans le cadre de l\u2019\u00e9laboration du Plan Local d\u2019Urbanisme intercommunal, valant programme local de l\u2019Habitat (PLUiH), une commission d\u2019enqu\u00eate compos\u00e9e de cinq commissaires-enqu\u00eateurs a \u00e9t\u00e9 nomm\u00e9e.Ils r\u00e9aliseront une permanence dans chacune des 77 communes de l\u2019Agglom\u00e9ration, aux dates et heures mentionn\u00e9es sur l\u2019avis d\u2019enqu\u00eate publique pour recueillir les remarques des habitants.Pour notre commune d&rsquo;\u00c9tival-Clairefontaine, ce [&hellip;]\" \/>\n<meta property=\"og:url\" content=\"https:\/\/etival.fr\/?p=13119\" \/>\n<meta property=\"og:site_name\" content=\"Etival-Clairefontaine\" \/>\n<meta property=\"article:published_time\" content=\"2025-09-23T12:50:40+00:00\" \/>\n<meta property=\"article:modified_time\" content=\"2025-09-23T12:57:11+00:00\" \/>\n<meta property=\"og:image\" content=\"https:\/\/etival.fr\/wp-content\/uploads\/2025\/09\/542761518_1189914383174252_4040360038169966625_n.jpg\" \/>\n\t<meta property=\"og:image:width\" content=\"1048\" \/>\n\t<meta property=\"og:image:height\" content=\"714\" \/>\n\t<meta property=\"og:image:type\" content=\"image\/jpeg\" \/>\n<meta name=\"author\" content=\"Catherine\" \/>\n<meta name=\"twitter:card\" content=\"summary_large_image\" \/>\n<meta name=\"twitter:label1\" content=\"\u00c9crit par\" \/>\n\t<meta name=\"twitter:data1\" content=\"Catherine\" \/>\n\t<meta name=\"twitter:label2\" content=\"Dur\u00e9e de lecture estim\u00e9e\" \/>\n\t<meta name=\"twitter:data2\" content=\"2 minutes\" \/>\n<script type=\"application\/ld+json\" class=\"yoast-schema-graph\">{\"@context\":\"https:\/\/schema.org\",\"@graph\":[{\"@type\":\"Article\",\"@id\":\"https:\/\/etival.fr\/?p=13119#article\",\"isPartOf\":{\"@id\":\"https:\/\/etival.fr\/?p=13119\"},\"author\":{\"name\":\"Catherine\",\"@id\":\"https:\/\/etival.fr\/#\/schema\/person\/966767531f422984430588510b8d4c3f\"},\"headline\":\"Enqu\u00eate publique PLUiH\",\"datePublished\":\"2025-09-23T12:50:40+00:00\",\"dateModified\":\"2025-09-23T12:57:11+00:00\",\"mainEntityOfPage\":{\"@id\":\"https:\/\/etival.fr\/?p=13119\"},\"wordCount\":295,\"image\":{\"@id\":\"https:\/\/etival.fr\/?p=13119#primaryimage\"},\"thumbnailUrl\":\"https:\/\/etival.fr\/wp-content\/uploads\/2025\/09\/542761518_1189914383174252_4040360038169966625_n-1024x698.jpg\",\"articleSection\":[\"Communaut\u00e9 d'Agglom\u00e9ration de Saint-Di\u00e9-Des-Vosges\"],\"inLanguage\":\"fr-FR\"},{\"@type\":\"WebPage\",\"@id\":\"https:\/\/etival.fr\/?p=13119\",\"url\":\"https:\/\/etival.fr\/?p=13119\",\"name\":\"Enqu\u00eate publique PLUiH - Etival-Clairefontaine\",\"isPartOf\":{\"@id\":\"https:\/\/etival.fr\/#website\"},\"primaryImageOfPage\":{\"@id\":\"https:\/\/etival.fr\/?p=13119#primaryimage\"},\"image\":{\"@id\":\"https:\/\/etival.fr\/?p=13119#primaryimage\"},\"thumbnailUrl\":\"https:\/\/etival.fr\/wp-content\/uploads\/2025\/09\/542761518_1189914383174252_4040360038169966625_n-1024x698.jpg\",\"datePublished\":\"2025-09-23T12:50:40+00:00\",\"dateModified\":\"2025-09-23T12:57:11+00:00\",\"author\":{\"@id\":\"https:\/\/etival.fr\/#\/schema\/person\/966767531f422984430588510b8d4c3f\"},\"breadcrumb\":{\"@id\":\"https:\/\/etival.fr\/?p=13119#breadcrumb\"},\"inLanguage\":\"fr-FR\",\"potentialAction\":[{\"@type\":\"ReadAction\",\"target\":[\"https:\/\/etival.fr\/?p=13119\"]}]},{\"@type\":\"ImageObject\",\"inLanguage\":\"fr-FR\",\"@id\":\"https:\/\/etival.fr\/?p=13119#primaryimage\",\"url\":\"https:\/\/etival.fr\/wp-content\/uploads\/2025\/09\/542761518_1189914383174252_4040360038169966625_n.jpg\",\"contentUrl\":\"https:\/\/etival.fr\/wp-content\/uploads\/2025\/09\/542761518_1189914383174252_4040360038169966625_n.jpg\",\"width\":1048,\"height\":714},{\"@type\":\"BreadcrumbList\",\"@id\":\"https:\/\/etival.fr\/?p=13119#breadcrumb\",\"itemListElement\":[{\"@type\":\"ListItem\",\"position\":1,\"name\":\"Accueil\",\"item\":\"https:\/\/etival.fr\/\"},{\"@type\":\"ListItem\",\"position\":2,\"name\":\"Enqu\u00eate publique PLUiH\"}]},{\"@type\":\"WebSite\",\"@id\":\"https:\/\/etival.fr\/#website\",\"url\":\"https:\/\/etival.fr\/\",\"name\":\"Etival-Clairefontaine\",\"description\":\"Informations et actualit\u00e9s de la commune\",\"potentialAction\":[{\"@type\":\"SearchAction\",\"target\":{\"@type\":\"EntryPoint\",\"urlTemplate\":\"https:\/\/etival.fr\/?s={search_term_string}\"},\"query-input\":{\"@type\":\"PropertyValueSpecification\",\"valueRequired\":true,\"valueName\":\"search_term_string\"}}],\"inLanguage\":\"fr-FR\"},{\"@type\":\"Person\",\"@id\":\"https:\/\/etival.fr\/#\/schema\/person\/966767531f422984430588510b8d4c3f\",\"name\":\"Catherine\",\"image\":{\"@type\":\"ImageObject\",\"inLanguage\":\"fr-FR\",\"@id\":\"https:\/\/etival.fr\/#\/schema\/person\/image\/\",\"url\":\"https:\/\/secure.gravatar.com\/avatar\/b99eff3bf59bd614e6c532df451dc649?s=96&d=mm&r=g\",\"contentUrl\":\"https:\/\/secure.gravatar.com\/avatar\/b99eff3bf59bd614e6c532df451dc649?s=96&d=mm&r=g\",\"caption\":\"Catherine\"},\"url\":\"https:\/\/etival.fr\/?author=2\"}]}<\/script>\n<!-- \/ Yoast SEO plugin. -->","yoast_head_json":{"title":"Enqu\u00eate publique PLUiH - Etival-Clairefontaine","robots":{"index":"index","follow":"follow","max-snippet":"max-snippet:-1","max-image-preview":"max-image-preview:large","max-video-preview":"max-video-preview:-1"},"canonical":"https:\/\/etival.fr\/?p=13119","og_locale":"fr_FR","og_type":"article","og_title":"Enqu\u00eate publique PLUiH - Etival-Clairefontaine","og_description":"Dans le cadre de l\u2019\u00e9laboration du Plan Local d\u2019Urbanisme intercommunal, valant programme local de l\u2019Habitat (PLUiH), une commission d\u2019enqu\u00eate compos\u00e9e de cinq commissaires-enqu\u00eateurs a \u00e9t\u00e9 nomm\u00e9e.Ils r\u00e9aliseront une permanence dans chacune des 77 communes de l\u2019Agglom\u00e9ration, aux dates et heures mentionn\u00e9es sur l\u2019avis d\u2019enqu\u00eate publique pour recueillir les remarques des habitants.Pour notre commune d&rsquo;\u00c9tival-Clairefontaine, ce [&hellip;]","og_url":"https:\/\/etival.fr\/?p=13119","og_site_name":"Etival-Clairefontaine","article_published_time":"2025-09-23T12:50:40+00:00","article_modified_time":"2025-09-23T12:57:11+00:00","og_image":[{"width":1048,"height":714,"url":"https:\/\/etival.fr\/wp-content\/uploads\/2025\/09\/542761518_1189914383174252_4040360038169966625_n.jpg","type":"image\/jpeg"}],"author":"Catherine","twitter_card":"summary_large_image","twitter_misc":{"\u00c9crit par":"Catherine","Dur\u00e9e de lecture estim\u00e9e":"2 minutes"},"schema":{"@context":"https:\/\/schema.org","@graph":[{"@type":"Article","@id":"https:\/\/etival.fr\/?p=13119#article","isPartOf":{"@id":"https:\/\/etival.fr\/?p=13119"},"author":{"name":"Catherine","@id":"https:\/\/etival.fr\/#\/schema\/person\/966767531f422984430588510b8d4c3f"},"headline":"Enqu\u00eate publique PLUiH","datePublished":"2025-09-23T12:50:40+00:00","dateModified":"2025-09-23T12:57:11+00:00","mainEntityOfPage":{"@id":"https:\/\/etival.fr\/?p=13119"},"wordCount":295,"image":{"@id":"https:\/\/etival.fr\/?p=13119#primaryimage"},"thumbnailUrl":"https:\/\/etival.fr\/wp-content\/uploads\/2025\/09\/542761518_1189914383174252_4040360038169966625_n-1024x698.jpg","articleSection":["Communaut\u00e9 d'Agglom\u00e9ration de Saint-Di\u00e9-Des-Vosges"],"inLanguage":"fr-FR"},{"@type":"WebPage","@id":"https:\/\/etival.fr\/?p=13119","url":"https:\/\/etival.fr\/?p=13119","name":"Enqu\u00eate publique PLUiH - Etival-Clairefontaine","isPartOf":{"@id":"https:\/\/etival.fr\/#website"},"primaryImageOfPage":{"@id":"https:\/\/etival.fr\/?p=13119#primaryimage"},"image":{"@id":"https:\/\/etival.fr\/?p=13119#primaryimage"},"thumbnailUrl":"https:\/\/etival.fr\/wp-content\/uploads\/2025\/09\/542761518_1189914383174252_4040360038169966625_n-1024x698.jpg","datePublished":"2025-09-23T12:50:40+00:00","dateModified":"2025-09-23T12:57:11+00:00","author":{"@id":"https:\/\/etival.fr\/#\/schema\/person\/966767531f422984430588510b8d4c3f"},"breadcrumb":{"@id":"https:\/\/etival.fr\/?p=13119#breadcrumb"},"inLanguage":"fr-FR","potentialAction":[{"@type":"ReadAction","target":["https:\/\/etival.fr\/?p=13119"]}]},{"@type":"ImageObject","inLanguage":"fr-FR","@id":"https:\/\/etival.fr\/?p=13119#primaryimage","url":"https:\/\/etival.fr\/wp-content\/uploads\/2025\/09\/542761518_1189914383174252_4040360038169966625_n.jpg","contentUrl":"https:\/\/etival.fr\/wp-content\/uploads\/2025\/09\/542761518_1189914383174252_4040360038169966625_n.jpg","width":1048,"height":714},{"@type":"BreadcrumbList","@id":"https:\/\/etival.fr\/?p=13119#breadcrumb","itemListElement":[{"@type":"ListItem","position":1,"name":"Accueil","item":"https:\/\/etival.fr\/"},{"@type":"ListItem","position":2,"name":"Enqu\u00eate publique PLUiH"}]},{"@type":"WebSite","@id":"https:\/\/etival.fr\/#website","url":"https:\/\/etival.fr\/","name":"Etival-Clairefontaine","description":"Informations et actualit\u00e9s de la commune","potentialAction":[{"@type":"SearchAction","target":{"@type":"EntryPoint","urlTemplate":"https:\/\/etival.fr\/?s={search_term_string}"},"query-input":{"@type":"PropertyValueSpecification","valueRequired":true,"valueName":"search_term_string"}}],"inLanguage":"fr-FR"},{"@type":"Person","@id":"https:\/\/etival.fr\/#\/schema\/person\/966767531f422984430588510b8d4c3f","name":"Catherine","image":{"@type":"ImageObject","inLanguage":"fr-FR","@id":"https:\/\/etival.fr\/#\/schema\/person\/image\/","url":"https:\/\/secure.gravatar.com\/avatar\/b99eff3bf59bd614e6c532df451dc649?s=96&d=mm&r=g","contentUrl":"https:\/\/secure.gravatar.com\/avatar\/b99eff3bf59bd614e6c532df451dc649?s=96&d=mm&r=g","caption":"Catherine"},"url":"https:\/\/etival.fr\/?author=2"}]}},"_links":{"self":[{"href":"https:\/\/etival.fr\/index.php?rest_route=\/wp\/v2\/posts\/13119","targetHints":{"allow":["GET"]}}],"collection":[{"href":"https:\/\/etival.fr\/index.php?rest_route=\/wp\/v2\/posts"}],"about":[{"href":"https:\/\/etival.fr\/index.php?rest_route=\/wp\/v2\/types\/post"}],"author":[{"embeddable":true,"href":"https:\/\/etival.fr\/index.php?rest_route=\/wp\/v2\/users\/2"}],"replies":[{"embeddable":true,"href":"https:\/\/etival.fr\/index.php?rest_route=%2Fwp%2Fv2%2Fcomments&post=13119"}],"version-history":[{"count":3,"href":"https:\/\/etival.fr\/index.php?rest_route=\/wp\/v2\/posts\/13119\/revisions"}],"predecessor-version":[{"id":13128,"href":"https:\/\/etival.fr\/index.php?rest_route=\/wp\/v2\/posts\/13119\/revisions\/13128"}],"wp:attachment":[{"href":"https:\/\/etival.fr\/index.php?rest_route=%2Fwp%2Fv2%2Fmedia&parent=13119"}],"wp:term":[{"taxonomy":"category","embeddable":true,"href":"https:\/\/etival.fr\/index.php?rest_route=%2Fwp%2Fv2%2Fcategories&post=13119"},{"taxonomy":"post_tag","embeddable":true,"href":"https:\/\/etival.fr\/index.php?rest_route=%2Fwp%2Fv2%2Ftags&post=13119"}],"curies":[{"name":"wp","href":"https:\/\/api.w.org\/{rel}","templated":true}]}}