{"id":13204,"date":"2025-10-16T09:10:08","date_gmt":"2025-10-16T08:10:08","guid":{"rendered":"https:\/\/etival.fr\/?p=13204"},"modified":"2025-10-16T09:13:41","modified_gmt":"2025-10-16T08:13:41","slug":"les-animations-du-mois-de-novembre-de-la-mediatheque-detival","status":"publish","type":"post","link":"https:\/\/etival.fr\/?p=13204","title":{"rendered":"Les animations du mois de novembre de la m\u00e9diath\u00e8que d&rsquo;\u00c9tival."},"content":{"rendered":"\n<figure class=\"wp-block-gallery has-nested-images columns-default is-cropped wp-block-gallery-1 is-layout-flex wp-block-gallery-is-layout-flex\">\n<figure class=\"wp-block-image size-large\"><a href=\"https:\/\/etival.fr\/wp-content\/uploads\/2025\/10\/11_5-Conference-JYH.jpg\"><img loading=\"lazy\" decoding=\"async\" width=\"724\" height=\"1024\" data-id=\"13205\" src=\"https:\/\/etival.fr\/wp-content\/uploads\/2025\/10\/11_5-Conference-JYH-724x1024.jpg\" alt=\"\" class=\"wp-image-13205\" srcset=\"https:\/\/etival.fr\/wp-content\/uploads\/2025\/10\/11_5-Conference-JYH-724x1024.jpg 724w, https:\/\/etival.fr\/wp-content\/uploads\/2025\/10\/11_5-Conference-JYH-212x300.jpg 212w, https:\/\/etival.fr\/wp-content\/uploads\/2025\/10\/11_5-Conference-JYH-768x1087.jpg 768w, https:\/\/etival.fr\/wp-content\/uploads\/2025\/10\/11_5-Conference-JYH-624x883.jpg 624w, https:\/\/etival.fr\/wp-content\/uploads\/2025\/10\/11_5-Conference-JYH.jpg 892w\" sizes=\"auto, (max-width: 724px) 100vw, 724px\" \/><\/a><\/figure>\n\n\n\n<figure class=\"wp-block-image size-large\"><a href=\"https:\/\/etival.fr\/wp-content\/uploads\/2025\/10\/11_7-Rencontre-Vandermeerschen.jpg\"><img loading=\"lazy\" decoding=\"async\" width=\"724\" height=\"1024\" data-id=\"13208\" src=\"https:\/\/etival.fr\/wp-content\/uploads\/2025\/10\/11_7-Rencontre-Vandermeerschen-724x1024.jpg\" alt=\"\" class=\"wp-image-13208\" srcset=\"https:\/\/etival.fr\/wp-content\/uploads\/2025\/10\/11_7-Rencontre-Vandermeerschen-724x1024.jpg 724w, https:\/\/etival.fr\/wp-content\/uploads\/2025\/10\/11_7-Rencontre-Vandermeerschen-212x300.jpg 212w, https:\/\/etival.fr\/wp-content\/uploads\/2025\/10\/11_7-Rencontre-Vandermeerschen-768x1087.jpg 768w, https:\/\/etival.fr\/wp-content\/uploads\/2025\/10\/11_7-Rencontre-Vandermeerschen-624x883.jpg 624w, https:\/\/etival.fr\/wp-content\/uploads\/2025\/10\/11_7-Rencontre-Vandermeerschen.jpg 892w\" sizes=\"auto, (max-width: 724px) 100vw, 724px\" \/><\/a><\/figure>\n\n\n\n<figure class=\"wp-block-image size-large\"><a href=\"https:\/\/etival.fr\/wp-content\/uploads\/2025\/10\/11_8-Rencontre-Penafiel.png\"><img loading=\"lazy\" decoding=\"async\" width=\"724\" height=\"1024\" data-id=\"13210\" src=\"https:\/\/etival.fr\/wp-content\/uploads\/2025\/10\/11_8-Rencontre-Penafiel-724x1024.png\" alt=\"\" class=\"wp-image-13210\" srcset=\"https:\/\/etival.fr\/wp-content\/uploads\/2025\/10\/11_8-Rencontre-Penafiel-724x1024.png 724w, https:\/\/etival.fr\/wp-content\/uploads\/2025\/10\/11_8-Rencontre-Penafiel-212x300.png 212w, https:\/\/etival.fr\/wp-content\/uploads\/2025\/10\/11_8-Rencontre-Penafiel-768x1087.png 768w, https:\/\/etival.fr\/wp-content\/uploads\/2025\/10\/11_8-Rencontre-Penafiel-624x883.png 624w, https:\/\/etival.fr\/wp-content\/uploads\/2025\/10\/11_8-Rencontre-Penafiel.png 892w\" sizes=\"auto, (max-width: 724px) 100vw, 724px\" \/><\/a><\/figure>\n\n\n\n<figure class=\"wp-block-image size-large\"><a href=\"https:\/\/etival.fr\/wp-content\/uploads\/2025\/10\/11_12-Dapres-nature.jpg\"><img loading=\"lazy\" decoding=\"async\" width=\"724\" height=\"1024\" data-id=\"13207\" src=\"https:\/\/etival.fr\/wp-content\/uploads\/2025\/10\/11_12-Dapres-nature-724x1024.jpg\" alt=\"\" class=\"wp-image-13207\" srcset=\"https:\/\/etival.fr\/wp-content\/uploads\/2025\/10\/11_12-Dapres-nature-724x1024.jpg 724w, https:\/\/etival.fr\/wp-content\/uploads\/2025\/10\/11_12-Dapres-nature-212x300.jpg 212w, https:\/\/etival.fr\/wp-content\/uploads\/2025\/10\/11_12-Dapres-nature-768x1087.jpg 768w, https:\/\/etival.fr\/wp-content\/uploads\/2025\/10\/11_12-Dapres-nature-624x883.jpg 624w, https:\/\/etival.fr\/wp-content\/uploads\/2025\/10\/11_12-Dapres-nature.jpg 892w\" sizes=\"auto, (max-width: 724px) 100vw, 724px\" \/><\/a><\/figure>\n\n\n\n<figure class=\"wp-block-image size-large\"><a href=\"https:\/\/etival.fr\/wp-content\/uploads\/2025\/10\/11_12-Rencontre-Vinter.png\"><img loading=\"lazy\" decoding=\"async\" width=\"724\" height=\"1024\" data-id=\"13211\" src=\"https:\/\/etival.fr\/wp-content\/uploads\/2025\/10\/11_12-Rencontre-Vinter-724x1024.png\" alt=\"\" class=\"wp-image-13211\" srcset=\"https:\/\/etival.fr\/wp-content\/uploads\/2025\/10\/11_12-Rencontre-Vinter-724x1024.png 724w, https:\/\/etival.fr\/wp-content\/uploads\/2025\/10\/11_12-Rencontre-Vinter-212x300.png 212w, https:\/\/etival.fr\/wp-content\/uploads\/2025\/10\/11_12-Rencontre-Vinter-768x1087.png 768w, https:\/\/etival.fr\/wp-content\/uploads\/2025\/10\/11_12-Rencontre-Vinter-624x883.png 624w, https:\/\/etival.fr\/wp-content\/uploads\/2025\/10\/11_12-Rencontre-Vinter.png 892w\" sizes=\"auto, (max-width: 724px) 100vw, 724px\" \/><\/a><\/figure>\n\n\n\n<figure class=\"wp-block-image size-large\"><a href=\"https:\/\/etival.fr\/wp-content\/uploads\/2025\/10\/11_21-Lire-et-dire-EAB.jpg\"><img loading=\"lazy\" decoding=\"async\" width=\"724\" height=\"1024\" data-id=\"13206\" src=\"https:\/\/etival.fr\/wp-content\/uploads\/2025\/10\/11_21-Lire-et-dire-EAB-724x1024.jpg\" alt=\"\" class=\"wp-image-13206\" srcset=\"https:\/\/etival.fr\/wp-content\/uploads\/2025\/10\/11_21-Lire-et-dire-EAB-724x1024.jpg 724w, https:\/\/etival.fr\/wp-content\/uploads\/2025\/10\/11_21-Lire-et-dire-EAB-212x300.jpg 212w, https:\/\/etival.fr\/wp-content\/uploads\/2025\/10\/11_21-Lire-et-dire-EAB-768x1087.jpg 768w, https:\/\/etival.fr\/wp-content\/uploads\/2025\/10\/11_21-Lire-et-dire-EAB-624x883.jpg 624w, https:\/\/etival.fr\/wp-content\/uploads\/2025\/10\/11_21-Lire-et-dire-EAB.jpg 892w\" sizes=\"auto, (max-width: 724px) 100vw, 724px\" \/><\/a><\/figure>\n\n\n\n<figure class=\"wp-block-image size-large\"><a href=\"https:\/\/etival.fr\/wp-content\/uploads\/2025\/10\/11_29-Tricote-papote-1.png\"><img loading=\"lazy\" decoding=\"async\" width=\"724\" height=\"1024\" data-id=\"13209\" src=\"https:\/\/etival.fr\/wp-content\/uploads\/2025\/10\/11_29-Tricote-papote-1-724x1024.png\" alt=\"\" class=\"wp-image-13209\" srcset=\"https:\/\/etival.fr\/wp-content\/uploads\/2025\/10\/11_29-Tricote-papote-1-724x1024.png 724w, https:\/\/etival.fr\/wp-content\/uploads\/2025\/10\/11_29-Tricote-papote-1-212x300.png 212w, https:\/\/etival.fr\/wp-content\/uploads\/2025\/10\/11_29-Tricote-papote-1-768x1087.png 768w, https:\/\/etival.fr\/wp-content\/uploads\/2025\/10\/11_29-Tricote-papote-1-624x883.png 624w, https:\/\/etival.fr\/wp-content\/uploads\/2025\/10\/11_29-Tricote-papote-1.png 892w\" sizes=\"auto, (max-width: 724px) 100vw, 724px\" \/><\/a><\/figure>\n<\/figure>\n","protected":false},"excerpt":{"rendered":"","protected":false},"author":2,"featured_media":0,"comment_status":"closed","ping_status":"open","sticky":false,"template":"","format":"standard","meta":{"footnotes":""},"categories":[9],"tags":[],"class_list":["post-13204","post","type-post","status-publish","format-standard","hentry","category-communaute-dagglomeration-de-saint-die-des-vosges"],"yoast_head":"<!-- This site is optimized with the Yoast SEO plugin v26.8 - https:\/\/yoast.com\/product\/yoast-seo-wordpress\/ -->\n<title>Les animations du mois de novembre de la m\u00e9diath\u00e8que d&#039;\u00c9tival. - Etival-Clairefontaine<\/title>\n<meta name=\"robots\" content=\"index, follow, max-snippet:-1, max-image-preview:large, max-video-preview:-1\" \/>\n<link rel=\"canonical\" href=\"https:\/\/etival.fr\/?p=13204\" \/>\n<meta property=\"og:locale\" content=\"fr_FR\" \/>\n<meta property=\"og:type\" content=\"article\" \/>\n<meta property=\"og:title\" content=\"Les animations du mois de novembre de la m\u00e9diath\u00e8que d&#039;\u00c9tival. - Etival-Clairefontaine\" \/>\n<meta property=\"og:url\" content=\"https:\/\/etival.fr\/?p=13204\" \/>\n<meta property=\"og:site_name\" content=\"Etival-Clairefontaine\" \/>\n<meta property=\"article:published_time\" content=\"2025-10-16T08:10:08+00:00\" \/>\n<meta property=\"article:modified_time\" content=\"2025-10-16T08:13:41+00:00\" \/>\n<meta property=\"og:image\" content=\"https:\/\/etival.fr\/wp-content\/uploads\/2025\/10\/11_5-Conference-JYH.jpg\" \/>\n\t<meta property=\"og:image:width\" content=\"892\" \/>\n\t<meta property=\"og:image:height\" content=\"1262\" \/>\n\t<meta property=\"og:image:type\" content=\"image\/jpeg\" \/>\n<meta name=\"author\" content=\"Catherine\" \/>\n<meta name=\"twitter:card\" content=\"summary_large_image\" \/>\n<meta name=\"twitter:label1\" content=\"\u00c9crit par\" \/>\n\t<meta name=\"twitter:data1\" content=\"Catherine\" \/>\n\t<meta name=\"twitter:label2\" content=\"Dur\u00e9e de lecture estim\u00e9e\" \/>\n\t<meta name=\"twitter:data2\" content=\"2 minutes\" \/>\n<script type=\"application\/ld+json\" class=\"yoast-schema-graph\">{\"@context\":\"https:\/\/schema.org\",\"@graph\":[{\"@type\":\"Article\",\"@id\":\"https:\/\/etival.fr\/?p=13204#article\",\"isPartOf\":{\"@id\":\"https:\/\/etival.fr\/?p=13204\"},\"author\":{\"name\":\"Catherine\",\"@id\":\"https:\/\/etival.fr\/#\/schema\/person\/966767531f422984430588510b8d4c3f\"},\"headline\":\"Les animations du mois de novembre de la m\u00e9diath\u00e8que d&rsquo;\u00c9tival.\",\"datePublished\":\"2025-10-16T08:10:08+00:00\",\"dateModified\":\"2025-10-16T08:13:41+00:00\",\"mainEntityOfPage\":{\"@id\":\"https:\/\/etival.fr\/?p=13204\"},\"wordCount\":13,\"image\":{\"@id\":\"https:\/\/etival.fr\/?p=13204#primaryimage\"},\"thumbnailUrl\":\"https:\/\/etival.fr\/wp-content\/uploads\/2025\/10\/11_5-Conference-JYH-724x1024.jpg\",\"articleSection\":[\"Communaut\u00e9 d'Agglom\u00e9ration de Saint-Di\u00e9-Des-Vosges\"],\"inLanguage\":\"fr-FR\"},{\"@type\":\"WebPage\",\"@id\":\"https:\/\/etival.fr\/?p=13204\",\"url\":\"https:\/\/etival.fr\/?p=13204\",\"name\":\"Les animations du mois de novembre de la m\u00e9diath\u00e8que d'\u00c9tival. - Etival-Clairefontaine\",\"isPartOf\":{\"@id\":\"https:\/\/etival.fr\/#website\"},\"primaryImageOfPage\":{\"@id\":\"https:\/\/etival.fr\/?p=13204#primaryimage\"},\"image\":{\"@id\":\"https:\/\/etival.fr\/?p=13204#primaryimage\"},\"thumbnailUrl\":\"https:\/\/etival.fr\/wp-content\/uploads\/2025\/10\/11_5-Conference-JYH-724x1024.jpg\",\"datePublished\":\"2025-10-16T08:10:08+00:00\",\"dateModified\":\"2025-10-16T08:13:41+00:00\",\"author\":{\"@id\":\"https:\/\/etival.fr\/#\/schema\/person\/966767531f422984430588510b8d4c3f\"},\"breadcrumb\":{\"@id\":\"https:\/\/etival.fr\/?p=13204#breadcrumb\"},\"inLanguage\":\"fr-FR\",\"potentialAction\":[{\"@type\":\"ReadAction\",\"target\":[\"https:\/\/etival.fr\/?p=13204\"]}]},{\"@type\":\"ImageObject\",\"inLanguage\":\"fr-FR\",\"@id\":\"https:\/\/etival.fr\/?p=13204#primaryimage\",\"url\":\"https:\/\/etival.fr\/wp-content\/uploads\/2025\/10\/11_5-Conference-JYH.jpg\",\"contentUrl\":\"https:\/\/etival.fr\/wp-content\/uploads\/2025\/10\/11_5-Conference-JYH.jpg\",\"width\":892,\"height\":1262},{\"@type\":\"BreadcrumbList\",\"@id\":\"https:\/\/etival.fr\/?p=13204#breadcrumb\",\"itemListElement\":[{\"@type\":\"ListItem\",\"position\":1,\"name\":\"Accueil\",\"item\":\"https:\/\/etival.fr\/\"},{\"@type\":\"ListItem\",\"position\":2,\"name\":\"Les animations du mois de novembre de la m\u00e9diath\u00e8que d&rsquo;\u00c9tival.\"}]},{\"@type\":\"WebSite\",\"@id\":\"https:\/\/etival.fr\/#website\",\"url\":\"https:\/\/etival.fr\/\",\"name\":\"Etival-Clairefontaine\",\"description\":\"Informations et actualit\u00e9s de la commune\",\"potentialAction\":[{\"@type\":\"SearchAction\",\"target\":{\"@type\":\"EntryPoint\",\"urlTemplate\":\"https:\/\/etival.fr\/?s={search_term_string}\"},\"query-input\":{\"@type\":\"PropertyValueSpecification\",\"valueRequired\":true,\"valueName\":\"search_term_string\"}}],\"inLanguage\":\"fr-FR\"},{\"@type\":\"Person\",\"@id\":\"https:\/\/etival.fr\/#\/schema\/person\/966767531f422984430588510b8d4c3f\",\"name\":\"Catherine\",\"image\":{\"@type\":\"ImageObject\",\"inLanguage\":\"fr-FR\",\"@id\":\"https:\/\/etival.fr\/#\/schema\/person\/image\/\",\"url\":\"https:\/\/secure.gravatar.com\/avatar\/b99eff3bf59bd614e6c532df451dc649?s=96&d=mm&r=g\",\"contentUrl\":\"https:\/\/secure.gravatar.com\/avatar\/b99eff3bf59bd614e6c532df451dc649?s=96&d=mm&r=g\",\"caption\":\"Catherine\"},\"url\":\"https:\/\/etival.fr\/?author=2\"}]}<\/script>\n<!-- \/ Yoast SEO plugin. -->","yoast_head_json":{"title":"Les animations du mois de novembre de la m\u00e9diath\u00e8que d'\u00c9tival. - Etival-Clairefontaine","robots":{"index":"index","follow":"follow","max-snippet":"max-snippet:-1","max-image-preview":"max-image-preview:large","max-video-preview":"max-video-preview:-1"},"canonical":"https:\/\/etival.fr\/?p=13204","og_locale":"fr_FR","og_type":"article","og_title":"Les animations du mois de novembre de la m\u00e9diath\u00e8que d'\u00c9tival. - Etival-Clairefontaine","og_url":"https:\/\/etival.fr\/?p=13204","og_site_name":"Etival-Clairefontaine","article_published_time":"2025-10-16T08:10:08+00:00","article_modified_time":"2025-10-16T08:13:41+00:00","og_image":[{"width":892,"height":1262,"url":"https:\/\/etival.fr\/wp-content\/uploads\/2025\/10\/11_5-Conference-JYH.jpg","type":"image\/jpeg"}],"author":"Catherine","twitter_card":"summary_large_image","twitter_misc":{"\u00c9crit par":"Catherine","Dur\u00e9e de lecture estim\u00e9e":"2 minutes"},"schema":{"@context":"https:\/\/schema.org","@graph":[{"@type":"Article","@id":"https:\/\/etival.fr\/?p=13204#article","isPartOf":{"@id":"https:\/\/etival.fr\/?p=13204"},"author":{"name":"Catherine","@id":"https:\/\/etival.fr\/#\/schema\/person\/966767531f422984430588510b8d4c3f"},"headline":"Les animations du mois de novembre de la m\u00e9diath\u00e8que d&rsquo;\u00c9tival.","datePublished":"2025-10-16T08:10:08+00:00","dateModified":"2025-10-16T08:13:41+00:00","mainEntityOfPage":{"@id":"https:\/\/etival.fr\/?p=13204"},"wordCount":13,"image":{"@id":"https:\/\/etival.fr\/?p=13204#primaryimage"},"thumbnailUrl":"https:\/\/etival.fr\/wp-content\/uploads\/2025\/10\/11_5-Conference-JYH-724x1024.jpg","articleSection":["Communaut\u00e9 d'Agglom\u00e9ration de Saint-Di\u00e9-Des-Vosges"],"inLanguage":"fr-FR"},{"@type":"WebPage","@id":"https:\/\/etival.fr\/?p=13204","url":"https:\/\/etival.fr\/?p=13204","name":"Les animations du mois de novembre de la m\u00e9diath\u00e8que d'\u00c9tival. - Etival-Clairefontaine","isPartOf":{"@id":"https:\/\/etival.fr\/#website"},"primaryImageOfPage":{"@id":"https:\/\/etival.fr\/?p=13204#primaryimage"},"image":{"@id":"https:\/\/etival.fr\/?p=13204#primaryimage"},"thumbnailUrl":"https:\/\/etival.fr\/wp-content\/uploads\/2025\/10\/11_5-Conference-JYH-724x1024.jpg","datePublished":"2025-10-16T08:10:08+00:00","dateModified":"2025-10-16T08:13:41+00:00","author":{"@id":"https:\/\/etival.fr\/#\/schema\/person\/966767531f422984430588510b8d4c3f"},"breadcrumb":{"@id":"https:\/\/etival.fr\/?p=13204#breadcrumb"},"inLanguage":"fr-FR","potentialAction":[{"@type":"ReadAction","target":["https:\/\/etival.fr\/?p=13204"]}]},{"@type":"ImageObject","inLanguage":"fr-FR","@id":"https:\/\/etival.fr\/?p=13204#primaryimage","url":"https:\/\/etival.fr\/wp-content\/uploads\/2025\/10\/11_5-Conference-JYH.jpg","contentUrl":"https:\/\/etival.fr\/wp-content\/uploads\/2025\/10\/11_5-Conference-JYH.jpg","width":892,"height":1262},{"@type":"BreadcrumbList","@id":"https:\/\/etival.fr\/?p=13204#breadcrumb","itemListElement":[{"@type":"ListItem","position":1,"name":"Accueil","item":"https:\/\/etival.fr\/"},{"@type":"ListItem","position":2,"name":"Les animations du mois de novembre de la m\u00e9diath\u00e8que d&rsquo;\u00c9tival."}]},{"@type":"WebSite","@id":"https:\/\/etival.fr\/#website","url":"https:\/\/etival.fr\/","name":"Etival-Clairefontaine","description":"Informations et actualit\u00e9s de la commune","potentialAction":[{"@type":"SearchAction","target":{"@type":"EntryPoint","urlTemplate":"https:\/\/etival.fr\/?s={search_term_string}"},"query-input":{"@type":"PropertyValueSpecification","valueRequired":true,"valueName":"search_term_string"}}],"inLanguage":"fr-FR"},{"@type":"Person","@id":"https:\/\/etival.fr\/#\/schema\/person\/966767531f422984430588510b8d4c3f","name":"Catherine","image":{"@type":"ImageObject","inLanguage":"fr-FR","@id":"https:\/\/etival.fr\/#\/schema\/person\/image\/","url":"https:\/\/secure.gravatar.com\/avatar\/b99eff3bf59bd614e6c532df451dc649?s=96&d=mm&r=g","contentUrl":"https:\/\/secure.gravatar.com\/avatar\/b99eff3bf59bd614e6c532df451dc649?s=96&d=mm&r=g","caption":"Catherine"},"url":"https:\/\/etival.fr\/?author=2"}]}},"_links":{"self":[{"href":"https:\/\/etival.fr\/index.php?rest_route=\/wp\/v2\/posts\/13204","targetHints":{"allow":["GET"]}}],"collection":[{"href":"https:\/\/etival.fr\/index.php?rest_route=\/wp\/v2\/posts"}],"about":[{"href":"https:\/\/etival.fr\/index.php?rest_route=\/wp\/v2\/types\/post"}],"author":[{"embeddable":true,"href":"https:\/\/etival.fr\/index.php?rest_route=\/wp\/v2\/users\/2"}],"replies":[{"embeddable":true,"href":"https:\/\/etival.fr\/index.php?rest_route=%2Fwp%2Fv2%2Fcomments&post=13204"}],"version-history":[{"count":1,"href":"https:\/\/etival.fr\/index.php?rest_route=\/wp\/v2\/posts\/13204\/revisions"}],"predecessor-version":[{"id":13212,"href":"https:\/\/etival.fr\/index.php?rest_route=\/wp\/v2\/posts\/13204\/revisions\/13212"}],"wp:attachment":[{"href":"https:\/\/etival.fr\/index.php?rest_route=%2Fwp%2Fv2%2Fmedia&parent=13204"}],"wp:term":[{"taxonomy":"category","embeddable":true,"href":"https:\/\/etival.fr\/index.php?rest_route=%2Fwp%2Fv2%2Fcategories&post=13204"},{"taxonomy":"post_tag","embeddable":true,"href":"https:\/\/etival.fr\/index.php?rest_route=%2Fwp%2Fv2%2Ftags&post=13204"}],"curies":[{"name":"wp","href":"https:\/\/api.w.org\/{rel}","templated":true}]}}