{"id":13213,"date":"2025-10-16T09:23:13","date_gmt":"2025-10-16T08:23:13","guid":{"rendered":"https:\/\/etival.fr\/?p=13213"},"modified":"2025-10-16T09:31:12","modified_gmt":"2025-10-16T08:31:12","slug":"rappel-recensement-citoyen","status":"publish","type":"post","link":"https:\/\/etival.fr\/?p=13213","title":{"rendered":"RAPPEL ! RECENSEMENT CITOYEN"},"content":{"rendered":"\n<p>Le recensement citoyen est une d\u00e9marche obligatoire et indispensable pour pouvoir participer \u00e0 la journ\u00e9e d\u00e9fense et citoyennet\u00e9.<\/p>\n\n\n\n<p><img loading=\"lazy\" decoding=\"async\" height=\"16\" width=\"16\" alt=\"\u27a1\ufe0f\" src=\"https:\/\/static.xx.fbcdn.net\/images\/emoji.php\/v9\/t9e\/1\/16\/27a1.png\">Qui est concern\u00e9 ?<\/p>\n\n\n\n<p>Tous les jeunes Fran\u00e7ais ayant atteint l&rsquo;\u00e2ge de 16 ans, les filles comme les gar\u00e7ons.<\/p>\n\n\n\n<p><a><\/a><img loading=\"lazy\" decoding=\"async\" height=\"16\" width=\"16\" alt=\"\u27a1\ufe0f\" src=\"https:\/\/static.xx.fbcdn.net\/images\/emoji.php\/v9\/t9e\/1\/16\/27a1.png\">Comment se faire recenser ?<\/p>\n\n\n\n<p>Qui doit faire la d\u00e9marche? Si le jeune est mineur, il peut faire la d\u00e9marche seul ou se faire repr\u00e9senter par l&rsquo;un de ses parents.<\/p>\n\n\n\n<p>Si le jeune est majeur, il doit faire la d\u00e9marche seul.<\/p>\n\n\n\n<p><img loading=\"lazy\" decoding=\"async\" height=\"16\" width=\"16\" alt=\"\u27a1\ufe0f\" src=\"https:\/\/static.xx.fbcdn.net\/images\/emoji.php\/v9\/t9e\/1\/16\/27a1.png\">O\u00f9 se faire recenser ?<\/p>\n\n\n\n<p>&#8211; \u00e0 la mairie du domicile.<\/p>\n\n\n\n<p>&#8211; au consulat ou \u00e0 l&rsquo;ambassade de France, si le jeune r\u00e9side \u00e0 l&rsquo;\u00e9tranger.<\/p>\n\n\n\n<p><img loading=\"lazy\" decoding=\"async\" height=\"16\" width=\"16\" alt=\"\u27a1\ufe0f\" src=\"https:\/\/static.xx.fbcdn.net\/images\/emoji.php\/v9\/t9e\/1\/16\/27a1.png\">Quelles pi\u00e8ces fournir ?<\/p>\n\n\n\n<p>&#8211; une pi\u00e8ce d&rsquo;identit\u00e9 (carte nationale d&rsquo;identit\u00e9, passeport ou tout autre document justifiant de la nationalit\u00e9 fran\u00e7aise)<\/p>\n\n\n\n<p>&#8211; un livret de famille<\/p>\n\n\n\n<p>&#8211; Il n&rsquo;est pas n\u00e9cessaire de fournir un justificatif de domicile.<\/p>\n\n\n\n<p><img loading=\"lazy\" decoding=\"async\" height=\"16\" width=\"16\" alt=\"\u27a1\ufe0f\" src=\"https:\/\/static.xx.fbcdn.net\/images\/emoji.php\/v9\/t9e\/1\/16\/27a1.png\">Quand se faire recenser ?<\/p>\n\n\n\n<p>Les jeunes Fran\u00e7ais de naissance doivent se faire recenser entre le jour de leurs 16 ans et le dernier jour du 3\u00e8me mois qui suit celui de l&rsquo;anniversaire. Les jeunes devenus Fran\u00e7ais entre 16 et 25 ans doivent se faire recenser dans le mois qui suit la date d&rsquo;acquisition de la nationalit\u00e9 fran\u00e7aise.<\/p>\n\n\n\n<p><img loading=\"lazy\" decoding=\"async\" height=\"16\" width=\"16\" alt=\"\u27a1\ufe0f\" src=\"https:\/\/static.xx.fbcdn.net\/images\/emoji.php\/v9\/t9e\/1\/16\/27a1.png\">Quels sont les effets du recensement ?<\/p>\n\n\n\n<p>\u00c0 la suite du recensement, la mairie d\u00e9livre une attestation de recensement. Cette attestation est notamment n\u00e9cessaire pour se pr\u00e9senter aux examens et concours publics (dont le permis de conduire) avant l&rsquo;\u00e2ge de 25 ans.<\/p>\n\n\n\n<p>La mairie ne d\u00e9livre pas de duplicata. Cette attestation doit donc \u00eatre conserv\u00e9e soigneusement.<\/p>\n\n\n\n<p>D\u00e9faut de recensement : En cas d&rsquo;absence de recensement dans les d\u00e9lais, vous \u00eates en irr\u00e9gularit\u00e9. Vous serez sanctionn\u00e9 par le fait :<\/p>\n\n\n\n<p>&#8211; de ne pas pouvoir participer \u00e0 la journ\u00e9e d\u00e9fense et citoyennet\u00e9,<\/p>\n\n\n\n<p>&#8211; de ne pas \u00eatre inscrit sur les listes \u00e9lectorales \u00e0 18 ans,<\/p>\n\n\n\n<p>&#8211; de ne pouvoir passer aucun concours ou examen d&rsquo;\u00c9tat (baccalaur\u00e9at ou permis de conduire par exemple) avant l&rsquo;\u00e2ge de 25 ans.<\/p>\n\n\n\n<figure class=\"wp-block-image size-full\"><a href=\"https:\/\/etival.fr\/wp-content\/uploads\/2025\/10\/recensement_news_image_top.jpg\"><img loading=\"lazy\" decoding=\"async\" width=\"754\" height=\"582\" src=\"https:\/\/etival.fr\/wp-content\/uploads\/2025\/10\/recensement_news_image_top.jpg\" alt=\"\" class=\"wp-image-13214\" srcset=\"https:\/\/etival.fr\/wp-content\/uploads\/2025\/10\/recensement_news_image_top.jpg 754w, https:\/\/etival.fr\/wp-content\/uploads\/2025\/10\/recensement_news_image_top-300x232.jpg 300w, https:\/\/etival.fr\/wp-content\/uploads\/2025\/10\/recensement_news_image_top-624x482.jpg 624w\" sizes=\"auto, (max-width: 754px) 100vw, 754px\" \/><\/a><\/figure>\n","protected":false},"excerpt":{"rendered":"<p>Le recensement citoyen est une d\u00e9marche obligatoire et indispensable pour pouvoir participer \u00e0 la journ\u00e9e d\u00e9fense et citoyennet\u00e9. Qui est concern\u00e9 ? Tous les jeunes Fran\u00e7ais ayant atteint l&rsquo;\u00e2ge de 16 ans, les filles comme les gar\u00e7ons. Comment se faire recenser ? Qui doit faire la d\u00e9marche? Si le jeune est mineur, il peut faire [&hellip;]<\/p>\n","protected":false},"author":2,"featured_media":0,"comment_status":"closed","ping_status":"open","sticky":false,"template":"","format":"standard","meta":{"footnotes":""},"categories":[6],"tags":[],"class_list":["post-13213","post","type-post","status-publish","format-standard","hentry","category-informations-municipales"],"yoast_head":"<!-- This site is optimized with the Yoast SEO plugin v26.8 - https:\/\/yoast.com\/product\/yoast-seo-wordpress\/ -->\n<title>RAPPEL ! RECENSEMENT CITOYEN - Etival-Clairefontaine<\/title>\n<meta name=\"robots\" content=\"index, follow, max-snippet:-1, max-image-preview:large, max-video-preview:-1\" \/>\n<link rel=\"canonical\" href=\"https:\/\/etival.fr\/?p=13213\" \/>\n<meta property=\"og:locale\" content=\"fr_FR\" \/>\n<meta property=\"og:type\" content=\"article\" \/>\n<meta property=\"og:title\" content=\"RAPPEL ! RECENSEMENT CITOYEN - Etival-Clairefontaine\" \/>\n<meta property=\"og:description\" content=\"Le recensement citoyen est une d\u00e9marche obligatoire et indispensable pour pouvoir participer \u00e0 la journ\u00e9e d\u00e9fense et citoyennet\u00e9. Qui est concern\u00e9 ? Tous les jeunes Fran\u00e7ais ayant atteint l&rsquo;\u00e2ge de 16 ans, les filles comme les gar\u00e7ons. Comment se faire recenser ? Qui doit faire la d\u00e9marche? Si le jeune est mineur, il peut faire [&hellip;]\" \/>\n<meta property=\"og:url\" content=\"https:\/\/etival.fr\/?p=13213\" \/>\n<meta property=\"og:site_name\" content=\"Etival-Clairefontaine\" \/>\n<meta property=\"article:published_time\" content=\"2025-10-16T08:23:13+00:00\" \/>\n<meta property=\"article:modified_time\" content=\"2025-10-16T08:31:12+00:00\" \/>\n<meta property=\"og:image\" content=\"https:\/\/static.xx.fbcdn.net\/images\/emoji.php\/v9\/t9e\/1\/16\/27a1.png\" \/>\n<meta name=\"author\" content=\"Catherine\" \/>\n<meta name=\"twitter:card\" content=\"summary_large_image\" \/>\n<meta name=\"twitter:label1\" content=\"\u00c9crit par\" \/>\n\t<meta name=\"twitter:data1\" content=\"Catherine\" \/>\n\t<meta name=\"twitter:label2\" content=\"Dur\u00e9e de lecture estim\u00e9e\" \/>\n\t<meta name=\"twitter:data2\" content=\"3 minutes\" \/>\n<script type=\"application\/ld+json\" class=\"yoast-schema-graph\">{\"@context\":\"https:\/\/schema.org\",\"@graph\":[{\"@type\":\"Article\",\"@id\":\"https:\/\/etival.fr\/?p=13213#article\",\"isPartOf\":{\"@id\":\"https:\/\/etival.fr\/?p=13213\"},\"author\":{\"name\":\"Catherine\",\"@id\":\"https:\/\/etival.fr\/#\/schema\/person\/966767531f422984430588510b8d4c3f\"},\"headline\":\"RAPPEL ! RECENSEMENT CITOYEN\",\"datePublished\":\"2025-10-16T08:23:13+00:00\",\"dateModified\":\"2025-10-16T08:31:12+00:00\",\"mainEntityOfPage\":{\"@id\":\"https:\/\/etival.fr\/?p=13213\"},\"wordCount\":346,\"image\":{\"@id\":\"https:\/\/etival.fr\/?p=13213#primaryimage\"},\"thumbnailUrl\":\"https:\/\/static.xx.fbcdn.net\/images\/emoji.php\/v9\/t9e\/1\/16\/27a1.png\",\"articleSection\":[\"Informations Municipales\"],\"inLanguage\":\"fr-FR\"},{\"@type\":\"WebPage\",\"@id\":\"https:\/\/etival.fr\/?p=13213\",\"url\":\"https:\/\/etival.fr\/?p=13213\",\"name\":\"RAPPEL ! RECENSEMENT CITOYEN - Etival-Clairefontaine\",\"isPartOf\":{\"@id\":\"https:\/\/etival.fr\/#website\"},\"primaryImageOfPage\":{\"@id\":\"https:\/\/etival.fr\/?p=13213#primaryimage\"},\"image\":{\"@id\":\"https:\/\/etival.fr\/?p=13213#primaryimage\"},\"thumbnailUrl\":\"https:\/\/static.xx.fbcdn.net\/images\/emoji.php\/v9\/t9e\/1\/16\/27a1.png\",\"datePublished\":\"2025-10-16T08:23:13+00:00\",\"dateModified\":\"2025-10-16T08:31:12+00:00\",\"author\":{\"@id\":\"https:\/\/etival.fr\/#\/schema\/person\/966767531f422984430588510b8d4c3f\"},\"breadcrumb\":{\"@id\":\"https:\/\/etival.fr\/?p=13213#breadcrumb\"},\"inLanguage\":\"fr-FR\",\"potentialAction\":[{\"@type\":\"ReadAction\",\"target\":[\"https:\/\/etival.fr\/?p=13213\"]}]},{\"@type\":\"ImageObject\",\"inLanguage\":\"fr-FR\",\"@id\":\"https:\/\/etival.fr\/?p=13213#primaryimage\",\"url\":\"https:\/\/static.xx.fbcdn.net\/images\/emoji.php\/v9\/t9e\/1\/16\/27a1.png\",\"contentUrl\":\"https:\/\/static.xx.fbcdn.net\/images\/emoji.php\/v9\/t9e\/1\/16\/27a1.png\"},{\"@type\":\"BreadcrumbList\",\"@id\":\"https:\/\/etival.fr\/?p=13213#breadcrumb\",\"itemListElement\":[{\"@type\":\"ListItem\",\"position\":1,\"name\":\"Accueil\",\"item\":\"https:\/\/etival.fr\/\"},{\"@type\":\"ListItem\",\"position\":2,\"name\":\"RAPPEL ! RECENSEMENT CITOYEN\"}]},{\"@type\":\"WebSite\",\"@id\":\"https:\/\/etival.fr\/#website\",\"url\":\"https:\/\/etival.fr\/\",\"name\":\"Etival-Clairefontaine\",\"description\":\"Informations et actualit\u00e9s de la commune\",\"potentialAction\":[{\"@type\":\"SearchAction\",\"target\":{\"@type\":\"EntryPoint\",\"urlTemplate\":\"https:\/\/etival.fr\/?s={search_term_string}\"},\"query-input\":{\"@type\":\"PropertyValueSpecification\",\"valueRequired\":true,\"valueName\":\"search_term_string\"}}],\"inLanguage\":\"fr-FR\"},{\"@type\":\"Person\",\"@id\":\"https:\/\/etival.fr\/#\/schema\/person\/966767531f422984430588510b8d4c3f\",\"name\":\"Catherine\",\"image\":{\"@type\":\"ImageObject\",\"inLanguage\":\"fr-FR\",\"@id\":\"https:\/\/etival.fr\/#\/schema\/person\/image\/\",\"url\":\"https:\/\/secure.gravatar.com\/avatar\/b99eff3bf59bd614e6c532df451dc649?s=96&d=mm&r=g\",\"contentUrl\":\"https:\/\/secure.gravatar.com\/avatar\/b99eff3bf59bd614e6c532df451dc649?s=96&d=mm&r=g\",\"caption\":\"Catherine\"},\"url\":\"https:\/\/etival.fr\/?author=2\"}]}<\/script>\n<!-- \/ Yoast SEO plugin. -->","yoast_head_json":{"title":"RAPPEL ! RECENSEMENT CITOYEN - Etival-Clairefontaine","robots":{"index":"index","follow":"follow","max-snippet":"max-snippet:-1","max-image-preview":"max-image-preview:large","max-video-preview":"max-video-preview:-1"},"canonical":"https:\/\/etival.fr\/?p=13213","og_locale":"fr_FR","og_type":"article","og_title":"RAPPEL ! RECENSEMENT CITOYEN - Etival-Clairefontaine","og_description":"Le recensement citoyen est une d\u00e9marche obligatoire et indispensable pour pouvoir participer \u00e0 la journ\u00e9e d\u00e9fense et citoyennet\u00e9. Qui est concern\u00e9 ? Tous les jeunes Fran\u00e7ais ayant atteint l&rsquo;\u00e2ge de 16 ans, les filles comme les gar\u00e7ons. Comment se faire recenser ? Qui doit faire la d\u00e9marche? Si le jeune est mineur, il peut faire [&hellip;]","og_url":"https:\/\/etival.fr\/?p=13213","og_site_name":"Etival-Clairefontaine","article_published_time":"2025-10-16T08:23:13+00:00","article_modified_time":"2025-10-16T08:31:12+00:00","og_image":[{"url":"https:\/\/static.xx.fbcdn.net\/images\/emoji.php\/v9\/t9e\/1\/16\/27a1.png","type":"","width":"","height":""}],"author":"Catherine","twitter_card":"summary_large_image","twitter_misc":{"\u00c9crit par":"Catherine","Dur\u00e9e de lecture estim\u00e9e":"3 minutes"},"schema":{"@context":"https:\/\/schema.org","@graph":[{"@type":"Article","@id":"https:\/\/etival.fr\/?p=13213#article","isPartOf":{"@id":"https:\/\/etival.fr\/?p=13213"},"author":{"name":"Catherine","@id":"https:\/\/etival.fr\/#\/schema\/person\/966767531f422984430588510b8d4c3f"},"headline":"RAPPEL ! RECENSEMENT CITOYEN","datePublished":"2025-10-16T08:23:13+00:00","dateModified":"2025-10-16T08:31:12+00:00","mainEntityOfPage":{"@id":"https:\/\/etival.fr\/?p=13213"},"wordCount":346,"image":{"@id":"https:\/\/etival.fr\/?p=13213#primaryimage"},"thumbnailUrl":"https:\/\/static.xx.fbcdn.net\/images\/emoji.php\/v9\/t9e\/1\/16\/27a1.png","articleSection":["Informations Municipales"],"inLanguage":"fr-FR"},{"@type":"WebPage","@id":"https:\/\/etival.fr\/?p=13213","url":"https:\/\/etival.fr\/?p=13213","name":"RAPPEL ! RECENSEMENT CITOYEN - Etival-Clairefontaine","isPartOf":{"@id":"https:\/\/etival.fr\/#website"},"primaryImageOfPage":{"@id":"https:\/\/etival.fr\/?p=13213#primaryimage"},"image":{"@id":"https:\/\/etival.fr\/?p=13213#primaryimage"},"thumbnailUrl":"https:\/\/static.xx.fbcdn.net\/images\/emoji.php\/v9\/t9e\/1\/16\/27a1.png","datePublished":"2025-10-16T08:23:13+00:00","dateModified":"2025-10-16T08:31:12+00:00","author":{"@id":"https:\/\/etival.fr\/#\/schema\/person\/966767531f422984430588510b8d4c3f"},"breadcrumb":{"@id":"https:\/\/etival.fr\/?p=13213#breadcrumb"},"inLanguage":"fr-FR","potentialAction":[{"@type":"ReadAction","target":["https:\/\/etival.fr\/?p=13213"]}]},{"@type":"ImageObject","inLanguage":"fr-FR","@id":"https:\/\/etival.fr\/?p=13213#primaryimage","url":"https:\/\/static.xx.fbcdn.net\/images\/emoji.php\/v9\/t9e\/1\/16\/27a1.png","contentUrl":"https:\/\/static.xx.fbcdn.net\/images\/emoji.php\/v9\/t9e\/1\/16\/27a1.png"},{"@type":"BreadcrumbList","@id":"https:\/\/etival.fr\/?p=13213#breadcrumb","itemListElement":[{"@type":"ListItem","position":1,"name":"Accueil","item":"https:\/\/etival.fr\/"},{"@type":"ListItem","position":2,"name":"RAPPEL ! RECENSEMENT CITOYEN"}]},{"@type":"WebSite","@id":"https:\/\/etival.fr\/#website","url":"https:\/\/etival.fr\/","name":"Etival-Clairefontaine","description":"Informations et actualit\u00e9s de la commune","potentialAction":[{"@type":"SearchAction","target":{"@type":"EntryPoint","urlTemplate":"https:\/\/etival.fr\/?s={search_term_string}"},"query-input":{"@type":"PropertyValueSpecification","valueRequired":true,"valueName":"search_term_string"}}],"inLanguage":"fr-FR"},{"@type":"Person","@id":"https:\/\/etival.fr\/#\/schema\/person\/966767531f422984430588510b8d4c3f","name":"Catherine","image":{"@type":"ImageObject","inLanguage":"fr-FR","@id":"https:\/\/etival.fr\/#\/schema\/person\/image\/","url":"https:\/\/secure.gravatar.com\/avatar\/b99eff3bf59bd614e6c532df451dc649?s=96&d=mm&r=g","contentUrl":"https:\/\/secure.gravatar.com\/avatar\/b99eff3bf59bd614e6c532df451dc649?s=96&d=mm&r=g","caption":"Catherine"},"url":"https:\/\/etival.fr\/?author=2"}]}},"_links":{"self":[{"href":"https:\/\/etival.fr\/index.php?rest_route=\/wp\/v2\/posts\/13213","targetHints":{"allow":["GET"]}}],"collection":[{"href":"https:\/\/etival.fr\/index.php?rest_route=\/wp\/v2\/posts"}],"about":[{"href":"https:\/\/etival.fr\/index.php?rest_route=\/wp\/v2\/types\/post"}],"author":[{"embeddable":true,"href":"https:\/\/etival.fr\/index.php?rest_route=\/wp\/v2\/users\/2"}],"replies":[{"embeddable":true,"href":"https:\/\/etival.fr\/index.php?rest_route=%2Fwp%2Fv2%2Fcomments&post=13213"}],"version-history":[{"count":1,"href":"https:\/\/etival.fr\/index.php?rest_route=\/wp\/v2\/posts\/13213\/revisions"}],"predecessor-version":[{"id":13215,"href":"https:\/\/etival.fr\/index.php?rest_route=\/wp\/v2\/posts\/13213\/revisions\/13215"}],"wp:attachment":[{"href":"https:\/\/etival.fr\/index.php?rest_route=%2Fwp%2Fv2%2Fmedia&parent=13213"}],"wp:term":[{"taxonomy":"category","embeddable":true,"href":"https:\/\/etival.fr\/index.php?rest_route=%2Fwp%2Fv2%2Fcategories&post=13213"},{"taxonomy":"post_tag","embeddable":true,"href":"https:\/\/etival.fr\/index.php?rest_route=%2Fwp%2Fv2%2Ftags&post=13213"}],"curies":[{"name":"wp","href":"https:\/\/api.w.org\/{rel}","templated":true}]}}