{"id":13467,"date":"2026-01-28T07:28:59","date_gmt":"2026-01-28T06:28:59","guid":{"rendered":"https:\/\/etival.fr\/?p=13467"},"modified":"2026-01-29T07:29:21","modified_gmt":"2026-01-29T06:29:21","slug":"repi-deodat","status":"publish","type":"post","link":"https:\/\/etival.fr\/?p=13467","title":{"rendered":"R\u00e9pi D\u00e9odat"},"content":{"rendered":"\n<p>Plateforme d\u2019accompagnement et de r\u00e9pit pour les aidants vous informe qu\u2019une permanence sera d\u00e9sormais organis\u00e9e en maison France Service \u00e0 Kellermann, \u00e0 compter du mois de f\u00e9vrier, jusqu\u2019en avril 2026 pour commencer.<\/p>\n\n\n\n<p>Celle-ci aura lieu les 2\u1d49 mardis de chaque mois, de 9h00 \u00e0 12h30.<\/p>\n\n\n\n<p>Ces permanences ont pour objectif de faciliter l\u2019acc\u00e8s \u00e0 nos services et de r\u00e9pondre \u00e0 vos questions ou \u00e0 celles des personnes que vous accompagnez.<\/p>\n\n\n\n<p>19 Avenue de Robache &#8211; 88100 Saint-Di\u00e9-des Vosges<\/p>\n\n\n\n<p>T\u00e9l : 06 69 95 06 48<\/p>\n\n\n\n<p>Site internet : <a href=\"https:\/\/www.soutenirlesaidants.fr\/plateforme-de-repit-saint-die\/saint-die-des-vosges\/?fbclid=IwZXh0bgNhZW0CMTAAYnJpZBExckl5YVlCT0FTRjZ0QXNMOHNydGMGYXBwX2lkEDIyMjAzOTE3ODgyMDA4OTIAAR4akxbyseuVKKNPKitNxl7voNjRSR27u3m2MWU8IB3JUdOJjj_w68dOGa_TIQ_aem_o2Xz0CbzMsIWbShvDwUyig\" rel=\"noreferrer noopener\" target=\"_blank\">https:\/\/www.soutenirlesaidants.fr\/&#8230;\/saint-die-des-vosges\/<\/a><\/p>\n\n\n\n<figure class=\"wp-block-image size-large\"><a href=\"https:\/\/etival.fr\/wp-content\/uploads\/2026\/01\/619668662_894295709916659_2303705923938535304_n.jpg\"><img loading=\"lazy\" decoding=\"async\" width=\"724\" height=\"1024\" src=\"https:\/\/etival.fr\/wp-content\/uploads\/2026\/01\/619668662_894295709916659_2303705923938535304_n-724x1024.jpg\" alt=\"\" class=\"wp-image-13468\" srcset=\"https:\/\/etival.fr\/wp-content\/uploads\/2026\/01\/619668662_894295709916659_2303705923938535304_n-724x1024.jpg 724w, https:\/\/etival.fr\/wp-content\/uploads\/2026\/01\/619668662_894295709916659_2303705923938535304_n-212x300.jpg 212w, https:\/\/etival.fr\/wp-content\/uploads\/2026\/01\/619668662_894295709916659_2303705923938535304_n-768x1087.jpg 768w, https:\/\/etival.fr\/wp-content\/uploads\/2026\/01\/619668662_894295709916659_2303705923938535304_n-624x883.jpg 624w, https:\/\/etival.fr\/wp-content\/uploads\/2026\/01\/619668662_894295709916659_2303705923938535304_n.jpg 892w\" sizes=\"auto, (max-width: 724px) 100vw, 724px\" \/><\/a><\/figure>\n","protected":false},"excerpt":{"rendered":"<p>Plateforme d\u2019accompagnement et de r\u00e9pit pour les aidants vous informe qu\u2019une permanence sera d\u00e9sormais organis\u00e9e en maison France Service \u00e0 Kellermann, \u00e0 compter du mois de f\u00e9vrier, jusqu\u2019en avril 2026 pour commencer. Celle-ci aura lieu les 2\u1d49 mardis de chaque mois, de 9h00 \u00e0 12h30. Ces permanences ont pour objectif de faciliter l\u2019acc\u00e8s \u00e0 nos [&hellip;]<\/p>\n","protected":false},"author":2,"featured_media":0,"comment_status":"closed","ping_status":"open","sticky":false,"template":"","format":"standard","meta":{"footnotes":""},"categories":[7],"tags":[],"class_list":["post-13467","post","type-post","status-publish","format-standard","hentry","category-divers"],"yoast_head":"<!-- This site is optimized with the Yoast SEO plugin v26.8 - https:\/\/yoast.com\/product\/yoast-seo-wordpress\/ -->\n<title>R\u00e9pi D\u00e9odat - Etival-Clairefontaine<\/title>\n<meta name=\"robots\" content=\"index, follow, max-snippet:-1, max-image-preview:large, max-video-preview:-1\" \/>\n<link rel=\"canonical\" href=\"https:\/\/etival.fr\/?p=13467\" \/>\n<meta property=\"og:locale\" content=\"fr_FR\" \/>\n<meta property=\"og:type\" content=\"article\" \/>\n<meta property=\"og:title\" content=\"R\u00e9pi D\u00e9odat - Etival-Clairefontaine\" \/>\n<meta property=\"og:description\" content=\"Plateforme d\u2019accompagnement et de r\u00e9pit pour les aidants vous informe qu\u2019une permanence sera d\u00e9sormais organis\u00e9e en maison France Service \u00e0 Kellermann, \u00e0 compter du mois de f\u00e9vrier, jusqu\u2019en avril 2026 pour commencer. Celle-ci aura lieu les 2\u1d49 mardis de chaque mois, de 9h00 \u00e0 12h30. Ces permanences ont pour objectif de faciliter l\u2019acc\u00e8s \u00e0 nos [&hellip;]\" \/>\n<meta property=\"og:url\" content=\"https:\/\/etival.fr\/?p=13467\" \/>\n<meta property=\"og:site_name\" content=\"Etival-Clairefontaine\" \/>\n<meta property=\"article:published_time\" content=\"2026-01-28T06:28:59+00:00\" \/>\n<meta property=\"article:modified_time\" content=\"2026-01-29T06:29:21+00:00\" \/>\n<meta property=\"og:image\" content=\"https:\/\/etival.fr\/wp-content\/uploads\/2026\/01\/619668662_894295709916659_2303705923938535304_n.jpg\" \/>\n\t<meta property=\"og:image:width\" content=\"892\" \/>\n\t<meta property=\"og:image:height\" content=\"1262\" \/>\n\t<meta property=\"og:image:type\" content=\"image\/jpeg\" \/>\n<meta name=\"author\" content=\"Catherine\" \/>\n<meta name=\"twitter:card\" content=\"summary_large_image\" \/>\n<meta name=\"twitter:label1\" content=\"\u00c9crit par\" \/>\n\t<meta name=\"twitter:data1\" content=\"Catherine\" \/>\n\t<meta name=\"twitter:label2\" content=\"Dur\u00e9e de lecture estim\u00e9e\" \/>\n\t<meta name=\"twitter:data2\" content=\"1 minute\" \/>\n<script type=\"application\/ld+json\" class=\"yoast-schema-graph\">{\"@context\":\"https:\/\/schema.org\",\"@graph\":[{\"@type\":\"Article\",\"@id\":\"https:\/\/etival.fr\/?p=13467#article\",\"isPartOf\":{\"@id\":\"https:\/\/etival.fr\/?p=13467\"},\"author\":{\"name\":\"Catherine\",\"@id\":\"https:\/\/etival.fr\/#\/schema\/person\/966767531f422984430588510b8d4c3f\"},\"headline\":\"R\u00e9pi D\u00e9odat\",\"datePublished\":\"2026-01-28T06:28:59+00:00\",\"dateModified\":\"2026-01-29T06:29:21+00:00\",\"mainEntityOfPage\":{\"@id\":\"https:\/\/etival.fr\/?p=13467\"},\"wordCount\":92,\"image\":{\"@id\":\"https:\/\/etival.fr\/?p=13467#primaryimage\"},\"thumbnailUrl\":\"https:\/\/etival.fr\/wp-content\/uploads\/2026\/01\/619668662_894295709916659_2303705923938535304_n-724x1024.jpg\",\"articleSection\":[\"Divers\"],\"inLanguage\":\"fr-FR\"},{\"@type\":\"WebPage\",\"@id\":\"https:\/\/etival.fr\/?p=13467\",\"url\":\"https:\/\/etival.fr\/?p=13467\",\"name\":\"R\u00e9pi D\u00e9odat - Etival-Clairefontaine\",\"isPartOf\":{\"@id\":\"https:\/\/etival.fr\/#website\"},\"primaryImageOfPage\":{\"@id\":\"https:\/\/etival.fr\/?p=13467#primaryimage\"},\"image\":{\"@id\":\"https:\/\/etival.fr\/?p=13467#primaryimage\"},\"thumbnailUrl\":\"https:\/\/etival.fr\/wp-content\/uploads\/2026\/01\/619668662_894295709916659_2303705923938535304_n-724x1024.jpg\",\"datePublished\":\"2026-01-28T06:28:59+00:00\",\"dateModified\":\"2026-01-29T06:29:21+00:00\",\"author\":{\"@id\":\"https:\/\/etival.fr\/#\/schema\/person\/966767531f422984430588510b8d4c3f\"},\"breadcrumb\":{\"@id\":\"https:\/\/etival.fr\/?p=13467#breadcrumb\"},\"inLanguage\":\"fr-FR\",\"potentialAction\":[{\"@type\":\"ReadAction\",\"target\":[\"https:\/\/etival.fr\/?p=13467\"]}]},{\"@type\":\"ImageObject\",\"inLanguage\":\"fr-FR\",\"@id\":\"https:\/\/etival.fr\/?p=13467#primaryimage\",\"url\":\"https:\/\/etival.fr\/wp-content\/uploads\/2026\/01\/619668662_894295709916659_2303705923938535304_n.jpg\",\"contentUrl\":\"https:\/\/etival.fr\/wp-content\/uploads\/2026\/01\/619668662_894295709916659_2303705923938535304_n.jpg\",\"width\":892,\"height\":1262},{\"@type\":\"BreadcrumbList\",\"@id\":\"https:\/\/etival.fr\/?p=13467#breadcrumb\",\"itemListElement\":[{\"@type\":\"ListItem\",\"position\":1,\"name\":\"Accueil\",\"item\":\"https:\/\/etival.fr\/\"},{\"@type\":\"ListItem\",\"position\":2,\"name\":\"R\u00e9pi D\u00e9odat\"}]},{\"@type\":\"WebSite\",\"@id\":\"https:\/\/etival.fr\/#website\",\"url\":\"https:\/\/etival.fr\/\",\"name\":\"Etival-Clairefontaine\",\"description\":\"Informations et actualit\u00e9s de la commune\",\"potentialAction\":[{\"@type\":\"SearchAction\",\"target\":{\"@type\":\"EntryPoint\",\"urlTemplate\":\"https:\/\/etival.fr\/?s={search_term_string}\"},\"query-input\":{\"@type\":\"PropertyValueSpecification\",\"valueRequired\":true,\"valueName\":\"search_term_string\"}}],\"inLanguage\":\"fr-FR\"},{\"@type\":\"Person\",\"@id\":\"https:\/\/etival.fr\/#\/schema\/person\/966767531f422984430588510b8d4c3f\",\"name\":\"Catherine\",\"image\":{\"@type\":\"ImageObject\",\"inLanguage\":\"fr-FR\",\"@id\":\"https:\/\/etival.fr\/#\/schema\/person\/image\/\",\"url\":\"https:\/\/secure.gravatar.com\/avatar\/b99eff3bf59bd614e6c532df451dc649?s=96&d=mm&r=g\",\"contentUrl\":\"https:\/\/secure.gravatar.com\/avatar\/b99eff3bf59bd614e6c532df451dc649?s=96&d=mm&r=g\",\"caption\":\"Catherine\"},\"url\":\"https:\/\/etival.fr\/?author=2\"}]}<\/script>\n<!-- \/ Yoast SEO plugin. -->","yoast_head_json":{"title":"R\u00e9pi D\u00e9odat - Etival-Clairefontaine","robots":{"index":"index","follow":"follow","max-snippet":"max-snippet:-1","max-image-preview":"max-image-preview:large","max-video-preview":"max-video-preview:-1"},"canonical":"https:\/\/etival.fr\/?p=13467","og_locale":"fr_FR","og_type":"article","og_title":"R\u00e9pi D\u00e9odat - Etival-Clairefontaine","og_description":"Plateforme d\u2019accompagnement et de r\u00e9pit pour les aidants vous informe qu\u2019une permanence sera d\u00e9sormais organis\u00e9e en maison France Service \u00e0 Kellermann, \u00e0 compter du mois de f\u00e9vrier, jusqu\u2019en avril 2026 pour commencer. Celle-ci aura lieu les 2\u1d49 mardis de chaque mois, de 9h00 \u00e0 12h30. Ces permanences ont pour objectif de faciliter l\u2019acc\u00e8s \u00e0 nos [&hellip;]","og_url":"https:\/\/etival.fr\/?p=13467","og_site_name":"Etival-Clairefontaine","article_published_time":"2026-01-28T06:28:59+00:00","article_modified_time":"2026-01-29T06:29:21+00:00","og_image":[{"width":892,"height":1262,"url":"https:\/\/etival.fr\/wp-content\/uploads\/2026\/01\/619668662_894295709916659_2303705923938535304_n.jpg","type":"image\/jpeg"}],"author":"Catherine","twitter_card":"summary_large_image","twitter_misc":{"\u00c9crit par":"Catherine","Dur\u00e9e de lecture estim\u00e9e":"1 minute"},"schema":{"@context":"https:\/\/schema.org","@graph":[{"@type":"Article","@id":"https:\/\/etival.fr\/?p=13467#article","isPartOf":{"@id":"https:\/\/etival.fr\/?p=13467"},"author":{"name":"Catherine","@id":"https:\/\/etival.fr\/#\/schema\/person\/966767531f422984430588510b8d4c3f"},"headline":"R\u00e9pi D\u00e9odat","datePublished":"2026-01-28T06:28:59+00:00","dateModified":"2026-01-29T06:29:21+00:00","mainEntityOfPage":{"@id":"https:\/\/etival.fr\/?p=13467"},"wordCount":92,"image":{"@id":"https:\/\/etival.fr\/?p=13467#primaryimage"},"thumbnailUrl":"https:\/\/etival.fr\/wp-content\/uploads\/2026\/01\/619668662_894295709916659_2303705923938535304_n-724x1024.jpg","articleSection":["Divers"],"inLanguage":"fr-FR"},{"@type":"WebPage","@id":"https:\/\/etival.fr\/?p=13467","url":"https:\/\/etival.fr\/?p=13467","name":"R\u00e9pi D\u00e9odat - Etival-Clairefontaine","isPartOf":{"@id":"https:\/\/etival.fr\/#website"},"primaryImageOfPage":{"@id":"https:\/\/etival.fr\/?p=13467#primaryimage"},"image":{"@id":"https:\/\/etival.fr\/?p=13467#primaryimage"},"thumbnailUrl":"https:\/\/etival.fr\/wp-content\/uploads\/2026\/01\/619668662_894295709916659_2303705923938535304_n-724x1024.jpg","datePublished":"2026-01-28T06:28:59+00:00","dateModified":"2026-01-29T06:29:21+00:00","author":{"@id":"https:\/\/etival.fr\/#\/schema\/person\/966767531f422984430588510b8d4c3f"},"breadcrumb":{"@id":"https:\/\/etival.fr\/?p=13467#breadcrumb"},"inLanguage":"fr-FR","potentialAction":[{"@type":"ReadAction","target":["https:\/\/etival.fr\/?p=13467"]}]},{"@type":"ImageObject","inLanguage":"fr-FR","@id":"https:\/\/etival.fr\/?p=13467#primaryimage","url":"https:\/\/etival.fr\/wp-content\/uploads\/2026\/01\/619668662_894295709916659_2303705923938535304_n.jpg","contentUrl":"https:\/\/etival.fr\/wp-content\/uploads\/2026\/01\/619668662_894295709916659_2303705923938535304_n.jpg","width":892,"height":1262},{"@type":"BreadcrumbList","@id":"https:\/\/etival.fr\/?p=13467#breadcrumb","itemListElement":[{"@type":"ListItem","position":1,"name":"Accueil","item":"https:\/\/etival.fr\/"},{"@type":"ListItem","position":2,"name":"R\u00e9pi D\u00e9odat"}]},{"@type":"WebSite","@id":"https:\/\/etival.fr\/#website","url":"https:\/\/etival.fr\/","name":"Etival-Clairefontaine","description":"Informations et actualit\u00e9s de la commune","potentialAction":[{"@type":"SearchAction","target":{"@type":"EntryPoint","urlTemplate":"https:\/\/etival.fr\/?s={search_term_string}"},"query-input":{"@type":"PropertyValueSpecification","valueRequired":true,"valueName":"search_term_string"}}],"inLanguage":"fr-FR"},{"@type":"Person","@id":"https:\/\/etival.fr\/#\/schema\/person\/966767531f422984430588510b8d4c3f","name":"Catherine","image":{"@type":"ImageObject","inLanguage":"fr-FR","@id":"https:\/\/etival.fr\/#\/schema\/person\/image\/","url":"https:\/\/secure.gravatar.com\/avatar\/b99eff3bf59bd614e6c532df451dc649?s=96&d=mm&r=g","contentUrl":"https:\/\/secure.gravatar.com\/avatar\/b99eff3bf59bd614e6c532df451dc649?s=96&d=mm&r=g","caption":"Catherine"},"url":"https:\/\/etival.fr\/?author=2"}]}},"_links":{"self":[{"href":"https:\/\/etival.fr\/index.php?rest_route=\/wp\/v2\/posts\/13467","targetHints":{"allow":["GET"]}}],"collection":[{"href":"https:\/\/etival.fr\/index.php?rest_route=\/wp\/v2\/posts"}],"about":[{"href":"https:\/\/etival.fr\/index.php?rest_route=\/wp\/v2\/types\/post"}],"author":[{"embeddable":true,"href":"https:\/\/etival.fr\/index.php?rest_route=\/wp\/v2\/users\/2"}],"replies":[{"embeddable":true,"href":"https:\/\/etival.fr\/index.php?rest_route=%2Fwp%2Fv2%2Fcomments&post=13467"}],"version-history":[{"count":1,"href":"https:\/\/etival.fr\/index.php?rest_route=\/wp\/v2\/posts\/13467\/revisions"}],"predecessor-version":[{"id":13469,"href":"https:\/\/etival.fr\/index.php?rest_route=\/wp\/v2\/posts\/13467\/revisions\/13469"}],"wp:attachment":[{"href":"https:\/\/etival.fr\/index.php?rest_route=%2Fwp%2Fv2%2Fmedia&parent=13467"}],"wp:term":[{"taxonomy":"category","embeddable":true,"href":"https:\/\/etival.fr\/index.php?rest_route=%2Fwp%2Fv2%2Fcategories&post=13467"},{"taxonomy":"post_tag","embeddable":true,"href":"https:\/\/etival.fr\/index.php?rest_route=%2Fwp%2Fv2%2Ftags&post=13467"}],"curies":[{"name":"wp","href":"https:\/\/api.w.org\/{rel}","templated":true}]}}