{"id":13557,"date":"2026-03-18T09:43:02","date_gmt":"2026-03-18T08:43:02","guid":{"rendered":"https:\/\/etival.fr\/?p=13557"},"modified":"2026-03-18T09:43:16","modified_gmt":"2026-03-18T08:43:16","slug":"travaux-rue-de-bellefontaine-experimentation-dun-nouvel-amenagement","status":"publish","type":"post","link":"https:\/\/etival.fr\/?p=13557","title":{"rendered":"Travaux rue de Bellefontaine : exp\u00e9rimentation d\u2019un nouvel am\u00e9nagement"},"content":{"rendered":"\n<figure class=\"wp-block-image size-full is-resized\"><a href=\"https:\/\/etival.fr\/wp-content\/uploads\/2026\/03\/panneau.avif\"><img loading=\"lazy\" decoding=\"async\" width=\"500\" height=\"500\" src=\"https:\/\/etival.fr\/wp-content\/uploads\/2026\/03\/panneau.avif\" alt=\"\" class=\"wp-image-13558\" style=\"width:204px;height:auto\" srcset=\"https:\/\/etival.fr\/wp-content\/uploads\/2026\/03\/panneau.avif 500w, https:\/\/etival.fr\/wp-content\/uploads\/2026\/03\/panneau-300x300.avif 300w, https:\/\/etival.fr\/wp-content\/uploads\/2026\/03\/panneau-150x150.avif 150w\" sizes=\"auto, (max-width: 500px) 100vw, 500px\" \/><\/a><\/figure>\n\n\n\n<p>Dans le cadre des travaux de r\u00e9fection de la rue de Bellefontaine, la municipalit\u00e9 met en place, \u00e0 titre exp\u00e9rimental, un am\u00e9nagement routier de type \u00ab \u00e9cluse \u00bb afin de r\u00e9duire la vitesse des v\u00e9hicules et am\u00e9liorer la s\u00e9curit\u00e9.<\/p>\n\n\n\n<p> Ce dispositif sera install\u00e9 \u00e0 partir du <strong>19 mars<\/strong> pour une dur\u00e9e d\u2019environ <strong>un mois<\/strong>.<\/p>\n\n\n\n<p>\u00c0 l\u2019issue de cette p\u00e9riode, un bilan sera r\u00e9alis\u00e9 afin d\u2019\u00e9valuer son efficacit\u00e9 et d\u00e9cider de la suite \u00e0 donner \u00e0 cet am\u00e9nagement.<\/p>\n\n\n\n<p>Merci de votre compr\u00e9hension pendant la dur\u00e9e des travaux.<\/p>\n\n\n\n<p><\/p>\n","protected":false},"excerpt":{"rendered":"<p>Dans le cadre des travaux de r\u00e9fection de la rue de Bellefontaine, la municipalit\u00e9 met en place, \u00e0 titre exp\u00e9rimental, un am\u00e9nagement routier de type \u00ab \u00e9cluse \u00bb afin de r\u00e9duire la vitesse des v\u00e9hicules et am\u00e9liorer la s\u00e9curit\u00e9. Ce dispositif sera install\u00e9 \u00e0 partir du 19 mars pour une dur\u00e9e d\u2019environ un mois. \u00c0 [&hellip;]<\/p>\n","protected":false},"author":2,"featured_media":0,"comment_status":"closed","ping_status":"open","sticky":false,"template":"","format":"standard","meta":{"footnotes":""},"categories":[6],"tags":[],"class_list":["post-13557","post","type-post","status-publish","format-standard","hentry","category-informations-municipales"],"yoast_head":"<!-- This site is optimized with the Yoast SEO plugin v26.8 - https:\/\/yoast.com\/product\/yoast-seo-wordpress\/ -->\n<title>Travaux rue de Bellefontaine : exp\u00e9rimentation d\u2019un nouvel am\u00e9nagement - Etival-Clairefontaine<\/title>\n<meta name=\"robots\" content=\"index, follow, max-snippet:-1, max-image-preview:large, max-video-preview:-1\" \/>\n<link rel=\"canonical\" href=\"https:\/\/etival.fr\/?p=13557\" \/>\n<meta property=\"og:locale\" content=\"fr_FR\" \/>\n<meta property=\"og:type\" content=\"article\" \/>\n<meta property=\"og:title\" content=\"Travaux rue de Bellefontaine : exp\u00e9rimentation d\u2019un nouvel am\u00e9nagement - Etival-Clairefontaine\" \/>\n<meta property=\"og:description\" content=\"Dans le cadre des travaux de r\u00e9fection de la rue de Bellefontaine, la municipalit\u00e9 met en place, \u00e0 titre exp\u00e9rimental, un am\u00e9nagement routier de type \u00ab \u00e9cluse \u00bb afin de r\u00e9duire la vitesse des v\u00e9hicules et am\u00e9liorer la s\u00e9curit\u00e9. Ce dispositif sera install\u00e9 \u00e0 partir du 19 mars pour une dur\u00e9e d\u2019environ un mois. \u00c0 [&hellip;]\" \/>\n<meta property=\"og:url\" content=\"https:\/\/etival.fr\/?p=13557\" \/>\n<meta property=\"og:site_name\" content=\"Etival-Clairefontaine\" \/>\n<meta property=\"article:published_time\" content=\"2026-03-18T08:43:02+00:00\" \/>\n<meta property=\"article:modified_time\" content=\"2026-03-18T08:43:16+00:00\" \/>\n<meta name=\"author\" content=\"Catherine\" \/>\n<meta name=\"twitter:card\" content=\"summary_large_image\" \/>\n<meta name=\"twitter:label1\" content=\"\u00c9crit par\" \/>\n\t<meta name=\"twitter:data1\" content=\"Catherine\" \/>\n\t<meta name=\"twitter:label2\" content=\"Dur\u00e9e de lecture estim\u00e9e\" \/>\n\t<meta name=\"twitter:data2\" content=\"1 minute\" \/>\n<script type=\"application\/ld+json\" class=\"yoast-schema-graph\">{\"@context\":\"https:\/\/schema.org\",\"@graph\":[{\"@type\":\"Article\",\"@id\":\"https:\/\/etival.fr\/?p=13557#article\",\"isPartOf\":{\"@id\":\"https:\/\/etival.fr\/?p=13557\"},\"author\":{\"name\":\"Catherine\",\"@id\":\"https:\/\/etival.fr\/#\/schema\/person\/966767531f422984430588510b8d4c3f\"},\"headline\":\"Travaux rue de Bellefontaine : exp\u00e9rimentation d\u2019un nouvel am\u00e9nagement\",\"datePublished\":\"2026-03-18T08:43:02+00:00\",\"dateModified\":\"2026-03-18T08:43:16+00:00\",\"mainEntityOfPage\":{\"@id\":\"https:\/\/etival.fr\/?p=13557\"},\"wordCount\":106,\"image\":{\"@id\":\"https:\/\/etival.fr\/?p=13557#primaryimage\"},\"thumbnailUrl\":\"https:\/\/etival.fr\/wp-content\/uploads\/2026\/03\/panneau.avif\",\"articleSection\":[\"Informations Municipales\"],\"inLanguage\":\"fr-FR\"},{\"@type\":\"WebPage\",\"@id\":\"https:\/\/etival.fr\/?p=13557\",\"url\":\"https:\/\/etival.fr\/?p=13557\",\"name\":\"Travaux rue de Bellefontaine : exp\u00e9rimentation d\u2019un nouvel am\u00e9nagement - Etival-Clairefontaine\",\"isPartOf\":{\"@id\":\"https:\/\/etival.fr\/#website\"},\"primaryImageOfPage\":{\"@id\":\"https:\/\/etival.fr\/?p=13557#primaryimage\"},\"image\":{\"@id\":\"https:\/\/etival.fr\/?p=13557#primaryimage\"},\"thumbnailUrl\":\"https:\/\/etival.fr\/wp-content\/uploads\/2026\/03\/panneau.avif\",\"datePublished\":\"2026-03-18T08:43:02+00:00\",\"dateModified\":\"2026-03-18T08:43:16+00:00\",\"author\":{\"@id\":\"https:\/\/etival.fr\/#\/schema\/person\/966767531f422984430588510b8d4c3f\"},\"breadcrumb\":{\"@id\":\"https:\/\/etival.fr\/?p=13557#breadcrumb\"},\"inLanguage\":\"fr-FR\",\"potentialAction\":[{\"@type\":\"ReadAction\",\"target\":[\"https:\/\/etival.fr\/?p=13557\"]}]},{\"@type\":\"ImageObject\",\"inLanguage\":\"fr-FR\",\"@id\":\"https:\/\/etival.fr\/?p=13557#primaryimage\",\"url\":\"https:\/\/etival.fr\/wp-content\/uploads\/2026\/03\/panneau.avif\",\"contentUrl\":\"https:\/\/etival.fr\/wp-content\/uploads\/2026\/03\/panneau.avif\"},{\"@type\":\"BreadcrumbList\",\"@id\":\"https:\/\/etival.fr\/?p=13557#breadcrumb\",\"itemListElement\":[{\"@type\":\"ListItem\",\"position\":1,\"name\":\"Accueil\",\"item\":\"https:\/\/etival.fr\/\"},{\"@type\":\"ListItem\",\"position\":2,\"name\":\"Travaux rue de Bellefontaine : exp\u00e9rimentation d\u2019un nouvel am\u00e9nagement\"}]},{\"@type\":\"WebSite\",\"@id\":\"https:\/\/etival.fr\/#website\",\"url\":\"https:\/\/etival.fr\/\",\"name\":\"Etival-Clairefontaine\",\"description\":\"Informations et actualit\u00e9s de la commune\",\"potentialAction\":[{\"@type\":\"SearchAction\",\"target\":{\"@type\":\"EntryPoint\",\"urlTemplate\":\"https:\/\/etival.fr\/?s={search_term_string}\"},\"query-input\":{\"@type\":\"PropertyValueSpecification\",\"valueRequired\":true,\"valueName\":\"search_term_string\"}}],\"inLanguage\":\"fr-FR\"},{\"@type\":\"Person\",\"@id\":\"https:\/\/etival.fr\/#\/schema\/person\/966767531f422984430588510b8d4c3f\",\"name\":\"Catherine\",\"image\":{\"@type\":\"ImageObject\",\"inLanguage\":\"fr-FR\",\"@id\":\"https:\/\/etival.fr\/#\/schema\/person\/image\/\",\"url\":\"https:\/\/secure.gravatar.com\/avatar\/b99eff3bf59bd614e6c532df451dc649?s=96&d=mm&r=g\",\"contentUrl\":\"https:\/\/secure.gravatar.com\/avatar\/b99eff3bf59bd614e6c532df451dc649?s=96&d=mm&r=g\",\"caption\":\"Catherine\"},\"url\":\"https:\/\/etival.fr\/?author=2\"}]}<\/script>\n<!-- \/ Yoast SEO plugin. -->","yoast_head_json":{"title":"Travaux rue de Bellefontaine : exp\u00e9rimentation d\u2019un nouvel am\u00e9nagement - Etival-Clairefontaine","robots":{"index":"index","follow":"follow","max-snippet":"max-snippet:-1","max-image-preview":"max-image-preview:large","max-video-preview":"max-video-preview:-1"},"canonical":"https:\/\/etival.fr\/?p=13557","og_locale":"fr_FR","og_type":"article","og_title":"Travaux rue de Bellefontaine : exp\u00e9rimentation d\u2019un nouvel am\u00e9nagement - Etival-Clairefontaine","og_description":"Dans le cadre des travaux de r\u00e9fection de la rue de Bellefontaine, la municipalit\u00e9 met en place, \u00e0 titre exp\u00e9rimental, un am\u00e9nagement routier de type \u00ab \u00e9cluse \u00bb afin de r\u00e9duire la vitesse des v\u00e9hicules et am\u00e9liorer la s\u00e9curit\u00e9. Ce dispositif sera install\u00e9 \u00e0 partir du 19 mars pour une dur\u00e9e d\u2019environ un mois. \u00c0 [&hellip;]","og_url":"https:\/\/etival.fr\/?p=13557","og_site_name":"Etival-Clairefontaine","article_published_time":"2026-03-18T08:43:02+00:00","article_modified_time":"2026-03-18T08:43:16+00:00","author":"Catherine","twitter_card":"summary_large_image","twitter_misc":{"\u00c9crit par":"Catherine","Dur\u00e9e de lecture estim\u00e9e":"1 minute"},"schema":{"@context":"https:\/\/schema.org","@graph":[{"@type":"Article","@id":"https:\/\/etival.fr\/?p=13557#article","isPartOf":{"@id":"https:\/\/etival.fr\/?p=13557"},"author":{"name":"Catherine","@id":"https:\/\/etival.fr\/#\/schema\/person\/966767531f422984430588510b8d4c3f"},"headline":"Travaux rue de Bellefontaine : exp\u00e9rimentation d\u2019un nouvel am\u00e9nagement","datePublished":"2026-03-18T08:43:02+00:00","dateModified":"2026-03-18T08:43:16+00:00","mainEntityOfPage":{"@id":"https:\/\/etival.fr\/?p=13557"},"wordCount":106,"image":{"@id":"https:\/\/etival.fr\/?p=13557#primaryimage"},"thumbnailUrl":"https:\/\/etival.fr\/wp-content\/uploads\/2026\/03\/panneau.avif","articleSection":["Informations Municipales"],"inLanguage":"fr-FR"},{"@type":"WebPage","@id":"https:\/\/etival.fr\/?p=13557","url":"https:\/\/etival.fr\/?p=13557","name":"Travaux rue de Bellefontaine : exp\u00e9rimentation d\u2019un nouvel am\u00e9nagement - Etival-Clairefontaine","isPartOf":{"@id":"https:\/\/etival.fr\/#website"},"primaryImageOfPage":{"@id":"https:\/\/etival.fr\/?p=13557#primaryimage"},"image":{"@id":"https:\/\/etival.fr\/?p=13557#primaryimage"},"thumbnailUrl":"https:\/\/etival.fr\/wp-content\/uploads\/2026\/03\/panneau.avif","datePublished":"2026-03-18T08:43:02+00:00","dateModified":"2026-03-18T08:43:16+00:00","author":{"@id":"https:\/\/etival.fr\/#\/schema\/person\/966767531f422984430588510b8d4c3f"},"breadcrumb":{"@id":"https:\/\/etival.fr\/?p=13557#breadcrumb"},"inLanguage":"fr-FR","potentialAction":[{"@type":"ReadAction","target":["https:\/\/etival.fr\/?p=13557"]}]},{"@type":"ImageObject","inLanguage":"fr-FR","@id":"https:\/\/etival.fr\/?p=13557#primaryimage","url":"https:\/\/etival.fr\/wp-content\/uploads\/2026\/03\/panneau.avif","contentUrl":"https:\/\/etival.fr\/wp-content\/uploads\/2026\/03\/panneau.avif"},{"@type":"BreadcrumbList","@id":"https:\/\/etival.fr\/?p=13557#breadcrumb","itemListElement":[{"@type":"ListItem","position":1,"name":"Accueil","item":"https:\/\/etival.fr\/"},{"@type":"ListItem","position":2,"name":"Travaux rue de Bellefontaine : exp\u00e9rimentation d\u2019un nouvel am\u00e9nagement"}]},{"@type":"WebSite","@id":"https:\/\/etival.fr\/#website","url":"https:\/\/etival.fr\/","name":"Etival-Clairefontaine","description":"Informations et actualit\u00e9s de la commune","potentialAction":[{"@type":"SearchAction","target":{"@type":"EntryPoint","urlTemplate":"https:\/\/etival.fr\/?s={search_term_string}"},"query-input":{"@type":"PropertyValueSpecification","valueRequired":true,"valueName":"search_term_string"}}],"inLanguage":"fr-FR"},{"@type":"Person","@id":"https:\/\/etival.fr\/#\/schema\/person\/966767531f422984430588510b8d4c3f","name":"Catherine","image":{"@type":"ImageObject","inLanguage":"fr-FR","@id":"https:\/\/etival.fr\/#\/schema\/person\/image\/","url":"https:\/\/secure.gravatar.com\/avatar\/b99eff3bf59bd614e6c532df451dc649?s=96&d=mm&r=g","contentUrl":"https:\/\/secure.gravatar.com\/avatar\/b99eff3bf59bd614e6c532df451dc649?s=96&d=mm&r=g","caption":"Catherine"},"url":"https:\/\/etival.fr\/?author=2"}]}},"_links":{"self":[{"href":"https:\/\/etival.fr\/index.php?rest_route=\/wp\/v2\/posts\/13557","targetHints":{"allow":["GET"]}}],"collection":[{"href":"https:\/\/etival.fr\/index.php?rest_route=\/wp\/v2\/posts"}],"about":[{"href":"https:\/\/etival.fr\/index.php?rest_route=\/wp\/v2\/types\/post"}],"author":[{"embeddable":true,"href":"https:\/\/etival.fr\/index.php?rest_route=\/wp\/v2\/users\/2"}],"replies":[{"embeddable":true,"href":"https:\/\/etival.fr\/index.php?rest_route=%2Fwp%2Fv2%2Fcomments&post=13557"}],"version-history":[{"count":1,"href":"https:\/\/etival.fr\/index.php?rest_route=\/wp\/v2\/posts\/13557\/revisions"}],"predecessor-version":[{"id":13559,"href":"https:\/\/etival.fr\/index.php?rest_route=\/wp\/v2\/posts\/13557\/revisions\/13559"}],"wp:attachment":[{"href":"https:\/\/etival.fr\/index.php?rest_route=%2Fwp%2Fv2%2Fmedia&parent=13557"}],"wp:term":[{"taxonomy":"category","embeddable":true,"href":"https:\/\/etival.fr\/index.php?rest_route=%2Fwp%2Fv2%2Fcategories&post=13557"},{"taxonomy":"post_tag","embeddable":true,"href":"https:\/\/etival.fr\/index.php?rest_route=%2Fwp%2Fv2%2Ftags&post=13557"}],"curies":[{"name":"wp","href":"https:\/\/api.w.org\/{rel}","templated":true}]}}