{"id":13693,"date":"2026-04-28T08:23:49","date_gmt":"2026-04-28T07:23:49","guid":{"rendered":"https:\/\/etival.fr\/?p=13693"},"modified":"2026-04-28T08:23:49","modified_gmt":"2026-04-28T07:23:49","slug":"prenons-soin-de-nous-et-de-nos-proches","status":"publish","type":"post","link":"https:\/\/etival.fr\/?p=13693","title":{"rendered":"Prenons soin de nous&#8230; Et de nos proches"},"content":{"rendered":"\n<p>La Communaut\u00e9 d&rsquo;Agglom\u00e9ration de Saint-Di\u00e9-des-Vosges, la CPTS de la Vall\u00e9e de la Meurthe et la Plateforme de R\u00e9pit des Aidants organisent <strong>le mercredi 29 avril 2026<\/strong> \u00e0 Saint-Di\u00e9-des-Vosges, un \u00e9v\u00e9nement de pr\u00e9vention \u00e0 destination du grand public :<\/p>\n\n\n\n<p><strong>\u00ab Prenons soin de nous\u2026 et de nos proches \u00bb<\/strong><\/p>\n\n\n\n<p>Cet apr\u00e8s-midi de sensibilisation vise \u00e0 informer et soutenir les aidants, les\u00a0personnes \u00e2g\u00e9es et leurs proches, autour des th\u00e9matiques du bien vieillir, de la pr\u00e9vention sant\u00e9, des dispositifs existants et du maintien du lien social.<\/p>\n\n\n\n<figure class=\"wp-block-gallery has-nested-images columns-default is-cropped wp-block-gallery-1 is-layout-flex wp-block-gallery-is-layout-flex\">\n<figure class=\"wp-block-image size-large\"><a href=\"https:\/\/etival.fr\/wp-content\/uploads\/2026\/04\/Prenons-soin-de-nous-et-de-nos-proches-avril-2026-1-scaled.jpg\"><img loading=\"lazy\" decoding=\"async\" width=\"724\" height=\"1024\" data-id=\"13695\" src=\"https:\/\/etival.fr\/wp-content\/uploads\/2026\/04\/Prenons-soin-de-nous-et-de-nos-proches-avril-2026-1-724x1024.jpg\" alt=\"\" class=\"wp-image-13695\" srcset=\"https:\/\/etival.fr\/wp-content\/uploads\/2026\/04\/Prenons-soin-de-nous-et-de-nos-proches-avril-2026-1-724x1024.jpg 724w, https:\/\/etival.fr\/wp-content\/uploads\/2026\/04\/Prenons-soin-de-nous-et-de-nos-proches-avril-2026-1-212x300.jpg 212w, https:\/\/etival.fr\/wp-content\/uploads\/2026\/04\/Prenons-soin-de-nous-et-de-nos-proches-avril-2026-1-768x1086.jpg 768w, https:\/\/etival.fr\/wp-content\/uploads\/2026\/04\/Prenons-soin-de-nous-et-de-nos-proches-avril-2026-1-1086x1536.jpg 1086w, https:\/\/etival.fr\/wp-content\/uploads\/2026\/04\/Prenons-soin-de-nous-et-de-nos-proches-avril-2026-1-1448x2048.jpg 1448w, https:\/\/etival.fr\/wp-content\/uploads\/2026\/04\/Prenons-soin-de-nous-et-de-nos-proches-avril-2026-1-624x883.jpg 624w, https:\/\/etival.fr\/wp-content\/uploads\/2026\/04\/Prenons-soin-de-nous-et-de-nos-proches-avril-2026-1-scaled.jpg 1810w\" sizes=\"auto, (max-width: 724px) 100vw, 724px\" \/><\/a><\/figure>\n\n\n\n<figure class=\"wp-block-image size-large\"><a href=\"https:\/\/etival.fr\/wp-content\/uploads\/2026\/04\/Prenons-soin-de-nous-et-de-nos-proches-avril-2026-2-scaled.jpg\"><img loading=\"lazy\" decoding=\"async\" width=\"724\" height=\"1024\" data-id=\"13694\" src=\"https:\/\/etival.fr\/wp-content\/uploads\/2026\/04\/Prenons-soin-de-nous-et-de-nos-proches-avril-2026-2-724x1024.jpg\" alt=\"\" class=\"wp-image-13694\" srcset=\"https:\/\/etival.fr\/wp-content\/uploads\/2026\/04\/Prenons-soin-de-nous-et-de-nos-proches-avril-2026-2-724x1024.jpg 724w, https:\/\/etival.fr\/wp-content\/uploads\/2026\/04\/Prenons-soin-de-nous-et-de-nos-proches-avril-2026-2-212x300.jpg 212w, https:\/\/etival.fr\/wp-content\/uploads\/2026\/04\/Prenons-soin-de-nous-et-de-nos-proches-avril-2026-2-768x1086.jpg 768w, https:\/\/etival.fr\/wp-content\/uploads\/2026\/04\/Prenons-soin-de-nous-et-de-nos-proches-avril-2026-2-1086x1536.jpg 1086w, https:\/\/etival.fr\/wp-content\/uploads\/2026\/04\/Prenons-soin-de-nous-et-de-nos-proches-avril-2026-2-1448x2048.jpg 1448w, https:\/\/etival.fr\/wp-content\/uploads\/2026\/04\/Prenons-soin-de-nous-et-de-nos-proches-avril-2026-2-624x883.jpg 624w, https:\/\/etival.fr\/wp-content\/uploads\/2026\/04\/Prenons-soin-de-nous-et-de-nos-proches-avril-2026-2-scaled.jpg 1810w\" sizes=\"auto, (max-width: 724px) 100vw, 724px\" \/><\/a><\/figure>\n<\/figure>\n","protected":false},"excerpt":{"rendered":"<p>La Communaut\u00e9 d&rsquo;Agglom\u00e9ration de Saint-Di\u00e9-des-Vosges, la CPTS de la Vall\u00e9e de la Meurthe et la Plateforme de R\u00e9pit des Aidants organisent le mercredi 29 avril 2026 \u00e0 Saint-Di\u00e9-des-Vosges, un \u00e9v\u00e9nement de pr\u00e9vention \u00e0 destination du grand public : \u00ab Prenons soin de nous\u2026 et de nos proches \u00bb Cet apr\u00e8s-midi de sensibilisation vise \u00e0 informer [&hellip;]<\/p>\n","protected":false},"author":2,"featured_media":0,"comment_status":"closed","ping_status":"open","sticky":false,"template":"","format":"standard","meta":{"footnotes":""},"categories":[9],"tags":[],"class_list":["post-13693","post","type-post","status-publish","format-standard","hentry","category-communaute-dagglomeration-de-saint-die-des-vosges"],"yoast_head":"<!-- This site is optimized with the Yoast SEO plugin v26.8 - https:\/\/yoast.com\/product\/yoast-seo-wordpress\/ -->\n<title>Prenons soin de nous... Et de nos proches - Etival-Clairefontaine<\/title>\n<meta name=\"robots\" content=\"index, follow, max-snippet:-1, max-image-preview:large, max-video-preview:-1\" \/>\n<link rel=\"canonical\" href=\"https:\/\/etival.fr\/?p=13693\" \/>\n<meta property=\"og:locale\" content=\"fr_FR\" \/>\n<meta property=\"og:type\" content=\"article\" \/>\n<meta property=\"og:title\" content=\"Prenons soin de nous... Et de nos proches - Etival-Clairefontaine\" \/>\n<meta property=\"og:description\" content=\"La Communaut\u00e9 d&rsquo;Agglom\u00e9ration de Saint-Di\u00e9-des-Vosges, la CPTS de la Vall\u00e9e de la Meurthe et la Plateforme de R\u00e9pit des Aidants organisent le mercredi 29 avril 2026 \u00e0 Saint-Di\u00e9-des-Vosges, un \u00e9v\u00e9nement de pr\u00e9vention \u00e0 destination du grand public : \u00ab Prenons soin de nous\u2026 et de nos proches \u00bb Cet apr\u00e8s-midi de sensibilisation vise \u00e0 informer [&hellip;]\" \/>\n<meta property=\"og:url\" content=\"https:\/\/etival.fr\/?p=13693\" \/>\n<meta property=\"og:site_name\" content=\"Etival-Clairefontaine\" \/>\n<meta property=\"article:published_time\" content=\"2026-04-28T07:23:49+00:00\" \/>\n<meta property=\"og:image\" content=\"https:\/\/etival.fr\/wp-content\/uploads\/2026\/04\/Prenons-soin-de-nous-et-de-nos-proches-avril-2026-1-scaled.jpg\" \/>\n\t<meta property=\"og:image:width\" content=\"1810\" \/>\n\t<meta property=\"og:image:height\" content=\"2560\" \/>\n\t<meta property=\"og:image:type\" content=\"image\/jpeg\" \/>\n<meta name=\"author\" content=\"Catherine\" \/>\n<meta name=\"twitter:card\" content=\"summary_large_image\" \/>\n<meta name=\"twitter:label1\" content=\"\u00c9crit par\" \/>\n\t<meta name=\"twitter:data1\" content=\"Catherine\" \/>\n\t<meta name=\"twitter:label2\" content=\"Dur\u00e9e de lecture estim\u00e9e\" \/>\n\t<meta name=\"twitter:data2\" content=\"1 minute\" \/>\n<script type=\"application\/ld+json\" class=\"yoast-schema-graph\">{\"@context\":\"https:\/\/schema.org\",\"@graph\":[{\"@type\":\"Article\",\"@id\":\"https:\/\/etival.fr\/?p=13693#article\",\"isPartOf\":{\"@id\":\"https:\/\/etival.fr\/?p=13693\"},\"author\":{\"name\":\"Catherine\",\"@id\":\"https:\/\/etival.fr\/#\/schema\/person\/966767531f422984430588510b8d4c3f\"},\"headline\":\"Prenons soin de nous&#8230; Et de nos proches\",\"datePublished\":\"2026-04-28T07:23:49+00:00\",\"mainEntityOfPage\":{\"@id\":\"https:\/\/etival.fr\/?p=13693\"},\"wordCount\":96,\"image\":{\"@id\":\"https:\/\/etival.fr\/?p=13693#primaryimage\"},\"thumbnailUrl\":\"https:\/\/etival.fr\/wp-content\/uploads\/2026\/04\/Prenons-soin-de-nous-et-de-nos-proches-avril-2026-1-724x1024.jpg\",\"articleSection\":[\"Communaut\u00e9 d'Agglom\u00e9ration de Saint-Di\u00e9-Des-Vosges\"],\"inLanguage\":\"fr-FR\"},{\"@type\":\"WebPage\",\"@id\":\"https:\/\/etival.fr\/?p=13693\",\"url\":\"https:\/\/etival.fr\/?p=13693\",\"name\":\"Prenons soin de nous... Et de nos proches - Etival-Clairefontaine\",\"isPartOf\":{\"@id\":\"https:\/\/etival.fr\/#website\"},\"primaryImageOfPage\":{\"@id\":\"https:\/\/etival.fr\/?p=13693#primaryimage\"},\"image\":{\"@id\":\"https:\/\/etival.fr\/?p=13693#primaryimage\"},\"thumbnailUrl\":\"https:\/\/etival.fr\/wp-content\/uploads\/2026\/04\/Prenons-soin-de-nous-et-de-nos-proches-avril-2026-1-724x1024.jpg\",\"datePublished\":\"2026-04-28T07:23:49+00:00\",\"author\":{\"@id\":\"https:\/\/etival.fr\/#\/schema\/person\/966767531f422984430588510b8d4c3f\"},\"breadcrumb\":{\"@id\":\"https:\/\/etival.fr\/?p=13693#breadcrumb\"},\"inLanguage\":\"fr-FR\",\"potentialAction\":[{\"@type\":\"ReadAction\",\"target\":[\"https:\/\/etival.fr\/?p=13693\"]}]},{\"@type\":\"ImageObject\",\"inLanguage\":\"fr-FR\",\"@id\":\"https:\/\/etival.fr\/?p=13693#primaryimage\",\"url\":\"https:\/\/etival.fr\/wp-content\/uploads\/2026\/04\/Prenons-soin-de-nous-et-de-nos-proches-avril-2026-1-scaled.jpg\",\"contentUrl\":\"https:\/\/etival.fr\/wp-content\/uploads\/2026\/04\/Prenons-soin-de-nous-et-de-nos-proches-avril-2026-1-scaled.jpg\",\"width\":1810,\"height\":2560},{\"@type\":\"BreadcrumbList\",\"@id\":\"https:\/\/etival.fr\/?p=13693#breadcrumb\",\"itemListElement\":[{\"@type\":\"ListItem\",\"position\":1,\"name\":\"Accueil\",\"item\":\"https:\/\/etival.fr\/\"},{\"@type\":\"ListItem\",\"position\":2,\"name\":\"Prenons soin de nous&#8230; Et de nos proches\"}]},{\"@type\":\"WebSite\",\"@id\":\"https:\/\/etival.fr\/#website\",\"url\":\"https:\/\/etival.fr\/\",\"name\":\"Etival-Clairefontaine\",\"description\":\"Informations et actualit\u00e9s de la commune\",\"potentialAction\":[{\"@type\":\"SearchAction\",\"target\":{\"@type\":\"EntryPoint\",\"urlTemplate\":\"https:\/\/etival.fr\/?s={search_term_string}\"},\"query-input\":{\"@type\":\"PropertyValueSpecification\",\"valueRequired\":true,\"valueName\":\"search_term_string\"}}],\"inLanguage\":\"fr-FR\"},{\"@type\":\"Person\",\"@id\":\"https:\/\/etival.fr\/#\/schema\/person\/966767531f422984430588510b8d4c3f\",\"name\":\"Catherine\",\"image\":{\"@type\":\"ImageObject\",\"inLanguage\":\"fr-FR\",\"@id\":\"https:\/\/etival.fr\/#\/schema\/person\/image\/\",\"url\":\"https:\/\/secure.gravatar.com\/avatar\/b99eff3bf59bd614e6c532df451dc649?s=96&d=mm&r=g\",\"contentUrl\":\"https:\/\/secure.gravatar.com\/avatar\/b99eff3bf59bd614e6c532df451dc649?s=96&d=mm&r=g\",\"caption\":\"Catherine\"},\"url\":\"https:\/\/etival.fr\/?author=2\"}]}<\/script>\n<!-- \/ Yoast SEO plugin. -->","yoast_head_json":{"title":"Prenons soin de nous... Et de nos proches - Etival-Clairefontaine","robots":{"index":"index","follow":"follow","max-snippet":"max-snippet:-1","max-image-preview":"max-image-preview:large","max-video-preview":"max-video-preview:-1"},"canonical":"https:\/\/etival.fr\/?p=13693","og_locale":"fr_FR","og_type":"article","og_title":"Prenons soin de nous... Et de nos proches - Etival-Clairefontaine","og_description":"La Communaut\u00e9 d&rsquo;Agglom\u00e9ration de Saint-Di\u00e9-des-Vosges, la CPTS de la Vall\u00e9e de la Meurthe et la Plateforme de R\u00e9pit des Aidants organisent le mercredi 29 avril 2026 \u00e0 Saint-Di\u00e9-des-Vosges, un \u00e9v\u00e9nement de pr\u00e9vention \u00e0 destination du grand public : \u00ab Prenons soin de nous\u2026 et de nos proches \u00bb Cet apr\u00e8s-midi de sensibilisation vise \u00e0 informer [&hellip;]","og_url":"https:\/\/etival.fr\/?p=13693","og_site_name":"Etival-Clairefontaine","article_published_time":"2026-04-28T07:23:49+00:00","og_image":[{"width":1810,"height":2560,"url":"https:\/\/etival.fr\/wp-content\/uploads\/2026\/04\/Prenons-soin-de-nous-et-de-nos-proches-avril-2026-1-scaled.jpg","type":"image\/jpeg"}],"author":"Catherine","twitter_card":"summary_large_image","twitter_misc":{"\u00c9crit par":"Catherine","Dur\u00e9e de lecture estim\u00e9e":"1 minute"},"schema":{"@context":"https:\/\/schema.org","@graph":[{"@type":"Article","@id":"https:\/\/etival.fr\/?p=13693#article","isPartOf":{"@id":"https:\/\/etival.fr\/?p=13693"},"author":{"name":"Catherine","@id":"https:\/\/etival.fr\/#\/schema\/person\/966767531f422984430588510b8d4c3f"},"headline":"Prenons soin de nous&#8230; Et de nos proches","datePublished":"2026-04-28T07:23:49+00:00","mainEntityOfPage":{"@id":"https:\/\/etival.fr\/?p=13693"},"wordCount":96,"image":{"@id":"https:\/\/etival.fr\/?p=13693#primaryimage"},"thumbnailUrl":"https:\/\/etival.fr\/wp-content\/uploads\/2026\/04\/Prenons-soin-de-nous-et-de-nos-proches-avril-2026-1-724x1024.jpg","articleSection":["Communaut\u00e9 d'Agglom\u00e9ration de Saint-Di\u00e9-Des-Vosges"],"inLanguage":"fr-FR"},{"@type":"WebPage","@id":"https:\/\/etival.fr\/?p=13693","url":"https:\/\/etival.fr\/?p=13693","name":"Prenons soin de nous... Et de nos proches - Etival-Clairefontaine","isPartOf":{"@id":"https:\/\/etival.fr\/#website"},"primaryImageOfPage":{"@id":"https:\/\/etival.fr\/?p=13693#primaryimage"},"image":{"@id":"https:\/\/etival.fr\/?p=13693#primaryimage"},"thumbnailUrl":"https:\/\/etival.fr\/wp-content\/uploads\/2026\/04\/Prenons-soin-de-nous-et-de-nos-proches-avril-2026-1-724x1024.jpg","datePublished":"2026-04-28T07:23:49+00:00","author":{"@id":"https:\/\/etival.fr\/#\/schema\/person\/966767531f422984430588510b8d4c3f"},"breadcrumb":{"@id":"https:\/\/etival.fr\/?p=13693#breadcrumb"},"inLanguage":"fr-FR","potentialAction":[{"@type":"ReadAction","target":["https:\/\/etival.fr\/?p=13693"]}]},{"@type":"ImageObject","inLanguage":"fr-FR","@id":"https:\/\/etival.fr\/?p=13693#primaryimage","url":"https:\/\/etival.fr\/wp-content\/uploads\/2026\/04\/Prenons-soin-de-nous-et-de-nos-proches-avril-2026-1-scaled.jpg","contentUrl":"https:\/\/etival.fr\/wp-content\/uploads\/2026\/04\/Prenons-soin-de-nous-et-de-nos-proches-avril-2026-1-scaled.jpg","width":1810,"height":2560},{"@type":"BreadcrumbList","@id":"https:\/\/etival.fr\/?p=13693#breadcrumb","itemListElement":[{"@type":"ListItem","position":1,"name":"Accueil","item":"https:\/\/etival.fr\/"},{"@type":"ListItem","position":2,"name":"Prenons soin de nous&#8230; Et de nos proches"}]},{"@type":"WebSite","@id":"https:\/\/etival.fr\/#website","url":"https:\/\/etival.fr\/","name":"Etival-Clairefontaine","description":"Informations et actualit\u00e9s de la commune","potentialAction":[{"@type":"SearchAction","target":{"@type":"EntryPoint","urlTemplate":"https:\/\/etival.fr\/?s={search_term_string}"},"query-input":{"@type":"PropertyValueSpecification","valueRequired":true,"valueName":"search_term_string"}}],"inLanguage":"fr-FR"},{"@type":"Person","@id":"https:\/\/etival.fr\/#\/schema\/person\/966767531f422984430588510b8d4c3f","name":"Catherine","image":{"@type":"ImageObject","inLanguage":"fr-FR","@id":"https:\/\/etival.fr\/#\/schema\/person\/image\/","url":"https:\/\/secure.gravatar.com\/avatar\/b99eff3bf59bd614e6c532df451dc649?s=96&d=mm&r=g","contentUrl":"https:\/\/secure.gravatar.com\/avatar\/b99eff3bf59bd614e6c532df451dc649?s=96&d=mm&r=g","caption":"Catherine"},"url":"https:\/\/etival.fr\/?author=2"}]}},"_links":{"self":[{"href":"https:\/\/etival.fr\/index.php?rest_route=\/wp\/v2\/posts\/13693","targetHints":{"allow":["GET"]}}],"collection":[{"href":"https:\/\/etival.fr\/index.php?rest_route=\/wp\/v2\/posts"}],"about":[{"href":"https:\/\/etival.fr\/index.php?rest_route=\/wp\/v2\/types\/post"}],"author":[{"embeddable":true,"href":"https:\/\/etival.fr\/index.php?rest_route=\/wp\/v2\/users\/2"}],"replies":[{"embeddable":true,"href":"https:\/\/etival.fr\/index.php?rest_route=%2Fwp%2Fv2%2Fcomments&post=13693"}],"version-history":[{"count":1,"href":"https:\/\/etival.fr\/index.php?rest_route=\/wp\/v2\/posts\/13693\/revisions"}],"predecessor-version":[{"id":13696,"href":"https:\/\/etival.fr\/index.php?rest_route=\/wp\/v2\/posts\/13693\/revisions\/13696"}],"wp:attachment":[{"href":"https:\/\/etival.fr\/index.php?rest_route=%2Fwp%2Fv2%2Fmedia&parent=13693"}],"wp:term":[{"taxonomy":"category","embeddable":true,"href":"https:\/\/etival.fr\/index.php?rest_route=%2Fwp%2Fv2%2Fcategories&post=13693"},{"taxonomy":"post_tag","embeddable":true,"href":"https:\/\/etival.fr\/index.php?rest_route=%2Fwp%2Fv2%2Ftags&post=13693"}],"curies":[{"name":"wp","href":"https:\/\/api.w.org\/{rel}","templated":true}]}}