{"id":13698,"date":"2026-04-29T06:17:32","date_gmt":"2026-04-29T05:17:32","guid":{"rendered":"https:\/\/etival.fr\/?p=13698"},"modified":"2026-04-29T08:35:09","modified_gmt":"2026-04-29T07:35:09","slug":"les-animations-a-la-mediatheque-detival","status":"publish","type":"post","link":"https:\/\/etival.fr\/?p=13698","title":{"rendered":"Les animations \u00e0 la m\u00e9diath\u00e8que d\u2019\u00c9tival."},"content":{"rendered":"\n<figure class=\"wp-block-gallery has-nested-images columns-default is-cropped wp-block-gallery-1 is-layout-flex wp-block-gallery-is-layout-flex\">\n<figure class=\"wp-block-image size-large\"><a href=\"https:\/\/etival.fr\/wp-content\/uploads\/2026\/04\/26-05-13-ETVL-Les-Ptits-Lus-affiche_page-0001.jpg\"><img loading=\"lazy\" decoding=\"async\" width=\"725\" height=\"1024\" data-id=\"13702\" src=\"https:\/\/etival.fr\/wp-content\/uploads\/2026\/04\/26-05-13-ETVL-Les-Ptits-Lus-affiche_page-0001-725x1024.jpg\" alt=\"\" class=\"wp-image-13702\" srcset=\"https:\/\/etival.fr\/wp-content\/uploads\/2026\/04\/26-05-13-ETVL-Les-Ptits-Lus-affiche_page-0001-725x1024.jpg 725w, https:\/\/etival.fr\/wp-content\/uploads\/2026\/04\/26-05-13-ETVL-Les-Ptits-Lus-affiche_page-0001-212x300.jpg 212w, https:\/\/etival.fr\/wp-content\/uploads\/2026\/04\/26-05-13-ETVL-Les-Ptits-Lus-affiche_page-0001-768x1085.jpg 768w, https:\/\/etival.fr\/wp-content\/uploads\/2026\/04\/26-05-13-ETVL-Les-Ptits-Lus-affiche_page-0001-1087x1536.jpg 1087w, https:\/\/etival.fr\/wp-content\/uploads\/2026\/04\/26-05-13-ETVL-Les-Ptits-Lus-affiche_page-0001-624x882.jpg 624w, https:\/\/etival.fr\/wp-content\/uploads\/2026\/04\/26-05-13-ETVL-Les-Ptits-Lus-affiche_page-0001.jpg 1241w\" sizes=\"auto, (max-width: 725px) 100vw, 725px\" \/><\/a><\/figure>\n\n\n\n<figure class=\"wp-block-image size-large\"><a href=\"https:\/\/etival.fr\/wp-content\/uploads\/2026\/04\/26-05-30-ETIVAL-Tricote-papote-affiche_page-0001.jpg\"><img loading=\"lazy\" decoding=\"async\" width=\"725\" height=\"1024\" data-id=\"13701\" src=\"https:\/\/etival.fr\/wp-content\/uploads\/2026\/04\/26-05-30-ETIVAL-Tricote-papote-affiche_page-0001-725x1024.jpg\" alt=\"\" class=\"wp-image-13701\" srcset=\"https:\/\/etival.fr\/wp-content\/uploads\/2026\/04\/26-05-30-ETIVAL-Tricote-papote-affiche_page-0001-725x1024.jpg 725w, https:\/\/etival.fr\/wp-content\/uploads\/2026\/04\/26-05-30-ETIVAL-Tricote-papote-affiche_page-0001-212x300.jpg 212w, https:\/\/etival.fr\/wp-content\/uploads\/2026\/04\/26-05-30-ETIVAL-Tricote-papote-affiche_page-0001-768x1085.jpg 768w, https:\/\/etival.fr\/wp-content\/uploads\/2026\/04\/26-05-30-ETIVAL-Tricote-papote-affiche_page-0001-1087x1536.jpg 1087w, https:\/\/etival.fr\/wp-content\/uploads\/2026\/04\/26-05-30-ETIVAL-Tricote-papote-affiche_page-0001-624x882.jpg 624w, https:\/\/etival.fr\/wp-content\/uploads\/2026\/04\/26-05-30-ETIVAL-Tricote-papote-affiche_page-0001.jpg 1241w\" sizes=\"auto, (max-width: 725px) 100vw, 725px\" \/><\/a><\/figure>\n\n\n\n<figure class=\"wp-block-image size-large\"><a href=\"https:\/\/etival.fr\/wp-content\/uploads\/2026\/04\/Audition.jpg\"><img loading=\"lazy\" decoding=\"async\" width=\"724\" height=\"1024\" data-id=\"13699\" src=\"https:\/\/etival.fr\/wp-content\/uploads\/2026\/04\/Audition-724x1024.jpg\" alt=\"\" class=\"wp-image-13699\" srcset=\"https:\/\/etival.fr\/wp-content\/uploads\/2026\/04\/Audition-724x1024.jpg 724w, https:\/\/etival.fr\/wp-content\/uploads\/2026\/04\/Audition-212x300.jpg 212w, https:\/\/etival.fr\/wp-content\/uploads\/2026\/04\/Audition-768x1086.jpg 768w, https:\/\/etival.fr\/wp-content\/uploads\/2026\/04\/Audition-1086x1536.jpg 1086w, https:\/\/etival.fr\/wp-content\/uploads\/2026\/04\/Audition-1448x2048.jpg 1448w, https:\/\/etival.fr\/wp-content\/uploads\/2026\/04\/Audition-624x883.jpg 624w, https:\/\/etival.fr\/wp-content\/uploads\/2026\/04\/Audition.jpg 1587w\" sizes=\"auto, (max-width: 724px) 100vw, 724px\" \/><\/a><\/figure>\n<\/figure>\n\n\n\n<figure class=\"wp-block-image size-large\"><a href=\"https:\/\/etival.fr\/wp-content\/uploads\/2026\/04\/Concert1.jpg\"><img loading=\"lazy\" decoding=\"async\" width=\"724\" height=\"1024\" src=\"https:\/\/etival.fr\/wp-content\/uploads\/2026\/04\/Concert1-724x1024.jpg\" alt=\"\" class=\"wp-image-13704\" srcset=\"https:\/\/etival.fr\/wp-content\/uploads\/2026\/04\/Concert1-724x1024.jpg 724w, https:\/\/etival.fr\/wp-content\/uploads\/2026\/04\/Concert1-212x300.jpg 212w, https:\/\/etival.fr\/wp-content\/uploads\/2026\/04\/Concert1-768x1086.jpg 768w, https:\/\/etival.fr\/wp-content\/uploads\/2026\/04\/Concert1-1086x1536.jpg 1086w, https:\/\/etival.fr\/wp-content\/uploads\/2026\/04\/Concert1-1448x2048.jpg 1448w, https:\/\/etival.fr\/wp-content\/uploads\/2026\/04\/Concert1-624x883.jpg 624w, https:\/\/etival.fr\/wp-content\/uploads\/2026\/04\/Concert1.jpg 1587w\" sizes=\"auto, (max-width: 724px) 100vw, 724px\" \/><\/a><\/figure>\n","protected":false},"excerpt":{"rendered":"","protected":false},"author":2,"featured_media":0,"comment_status":"closed","ping_status":"open","sticky":false,"template":"","format":"standard","meta":{"footnotes":""},"categories":[9],"tags":[],"class_list":["post-13698","post","type-post","status-publish","format-standard","hentry","category-communaute-dagglomeration-de-saint-die-des-vosges"],"yoast_head":"<!-- This site is optimized with the Yoast SEO plugin v26.8 - https:\/\/yoast.com\/product\/yoast-seo-wordpress\/ -->\n<title>Les animations \u00e0 la m\u00e9diath\u00e8que d\u2019\u00c9tival. - Etival-Clairefontaine<\/title>\n<meta name=\"robots\" content=\"index, follow, max-snippet:-1, max-image-preview:large, max-video-preview:-1\" \/>\n<link rel=\"canonical\" href=\"https:\/\/etival.fr\/?p=13698\" \/>\n<meta property=\"og:locale\" content=\"fr_FR\" \/>\n<meta property=\"og:type\" content=\"article\" \/>\n<meta property=\"og:title\" content=\"Les animations \u00e0 la m\u00e9diath\u00e8que d\u2019\u00c9tival. - Etival-Clairefontaine\" \/>\n<meta property=\"og:url\" content=\"https:\/\/etival.fr\/?p=13698\" \/>\n<meta property=\"og:site_name\" content=\"Etival-Clairefontaine\" \/>\n<meta property=\"article:published_time\" content=\"2026-04-29T05:17:32+00:00\" \/>\n<meta property=\"article:modified_time\" content=\"2026-04-29T07:35:09+00:00\" \/>\n<meta property=\"og:image\" content=\"https:\/\/etival.fr\/wp-content\/uploads\/2026\/04\/26-05-13-ETVL-Les-Ptits-Lus-affiche_page-0001.jpg\" \/>\n\t<meta property=\"og:image:width\" content=\"1241\" \/>\n\t<meta property=\"og:image:height\" content=\"1754\" \/>\n\t<meta property=\"og:image:type\" content=\"image\/jpeg\" \/>\n<meta name=\"author\" content=\"Catherine\" \/>\n<meta name=\"twitter:card\" content=\"summary_large_image\" \/>\n<meta name=\"twitter:label1\" content=\"\u00c9crit par\" \/>\n\t<meta name=\"twitter:data1\" content=\"Catherine\" \/>\n\t<meta name=\"twitter:label2\" content=\"Dur\u00e9e de lecture estim\u00e9e\" \/>\n\t<meta name=\"twitter:data2\" content=\"1 minute\" \/>\n<script type=\"application\/ld+json\" class=\"yoast-schema-graph\">{\"@context\":\"https:\/\/schema.org\",\"@graph\":[{\"@type\":\"Article\",\"@id\":\"https:\/\/etival.fr\/?p=13698#article\",\"isPartOf\":{\"@id\":\"https:\/\/etival.fr\/?p=13698\"},\"author\":{\"name\":\"Catherine\",\"@id\":\"https:\/\/etival.fr\/#\/schema\/person\/966767531f422984430588510b8d4c3f\"},\"headline\":\"Les animations \u00e0 la m\u00e9diath\u00e8que d\u2019\u00c9tival.\",\"datePublished\":\"2026-04-29T05:17:32+00:00\",\"dateModified\":\"2026-04-29T07:35:09+00:00\",\"mainEntityOfPage\":{\"@id\":\"https:\/\/etival.fr\/?p=13698\"},\"wordCount\":8,\"image\":{\"@id\":\"https:\/\/etival.fr\/?p=13698#primaryimage\"},\"thumbnailUrl\":\"https:\/\/etival.fr\/wp-content\/uploads\/2026\/04\/26-05-13-ETVL-Les-Ptits-Lus-affiche_page-0001-725x1024.jpg\",\"articleSection\":[\"Communaut\u00e9 d'Agglom\u00e9ration de Saint-Di\u00e9-Des-Vosges\"],\"inLanguage\":\"fr-FR\"},{\"@type\":\"WebPage\",\"@id\":\"https:\/\/etival.fr\/?p=13698\",\"url\":\"https:\/\/etival.fr\/?p=13698\",\"name\":\"Les animations \u00e0 la m\u00e9diath\u00e8que d\u2019\u00c9tival. - Etival-Clairefontaine\",\"isPartOf\":{\"@id\":\"https:\/\/etival.fr\/#website\"},\"primaryImageOfPage\":{\"@id\":\"https:\/\/etival.fr\/?p=13698#primaryimage\"},\"image\":{\"@id\":\"https:\/\/etival.fr\/?p=13698#primaryimage\"},\"thumbnailUrl\":\"https:\/\/etival.fr\/wp-content\/uploads\/2026\/04\/26-05-13-ETVL-Les-Ptits-Lus-affiche_page-0001-725x1024.jpg\",\"datePublished\":\"2026-04-29T05:17:32+00:00\",\"dateModified\":\"2026-04-29T07:35:09+00:00\",\"author\":{\"@id\":\"https:\/\/etival.fr\/#\/schema\/person\/966767531f422984430588510b8d4c3f\"},\"breadcrumb\":{\"@id\":\"https:\/\/etival.fr\/?p=13698#breadcrumb\"},\"inLanguage\":\"fr-FR\",\"potentialAction\":[{\"@type\":\"ReadAction\",\"target\":[\"https:\/\/etival.fr\/?p=13698\"]}]},{\"@type\":\"ImageObject\",\"inLanguage\":\"fr-FR\",\"@id\":\"https:\/\/etival.fr\/?p=13698#primaryimage\",\"url\":\"https:\/\/etival.fr\/wp-content\/uploads\/2026\/04\/26-05-13-ETVL-Les-Ptits-Lus-affiche_page-0001.jpg\",\"contentUrl\":\"https:\/\/etival.fr\/wp-content\/uploads\/2026\/04\/26-05-13-ETVL-Les-Ptits-Lus-affiche_page-0001.jpg\",\"width\":1241,\"height\":1754},{\"@type\":\"BreadcrumbList\",\"@id\":\"https:\/\/etival.fr\/?p=13698#breadcrumb\",\"itemListElement\":[{\"@type\":\"ListItem\",\"position\":1,\"name\":\"Accueil\",\"item\":\"https:\/\/etival.fr\/\"},{\"@type\":\"ListItem\",\"position\":2,\"name\":\"Les animations \u00e0 la m\u00e9diath\u00e8que d\u2019\u00c9tival.\"}]},{\"@type\":\"WebSite\",\"@id\":\"https:\/\/etival.fr\/#website\",\"url\":\"https:\/\/etival.fr\/\",\"name\":\"Etival-Clairefontaine\",\"description\":\"Informations et actualit\u00e9s de la commune\",\"potentialAction\":[{\"@type\":\"SearchAction\",\"target\":{\"@type\":\"EntryPoint\",\"urlTemplate\":\"https:\/\/etival.fr\/?s={search_term_string}\"},\"query-input\":{\"@type\":\"PropertyValueSpecification\",\"valueRequired\":true,\"valueName\":\"search_term_string\"}}],\"inLanguage\":\"fr-FR\"},{\"@type\":\"Person\",\"@id\":\"https:\/\/etival.fr\/#\/schema\/person\/966767531f422984430588510b8d4c3f\",\"name\":\"Catherine\",\"image\":{\"@type\":\"ImageObject\",\"inLanguage\":\"fr-FR\",\"@id\":\"https:\/\/etival.fr\/#\/schema\/person\/image\/\",\"url\":\"https:\/\/secure.gravatar.com\/avatar\/b99eff3bf59bd614e6c532df451dc649?s=96&d=mm&r=g\",\"contentUrl\":\"https:\/\/secure.gravatar.com\/avatar\/b99eff3bf59bd614e6c532df451dc649?s=96&d=mm&r=g\",\"caption\":\"Catherine\"},\"url\":\"https:\/\/etival.fr\/?author=2\"}]}<\/script>\n<!-- \/ Yoast SEO plugin. -->","yoast_head_json":{"title":"Les animations \u00e0 la m\u00e9diath\u00e8que d\u2019\u00c9tival. - Etival-Clairefontaine","robots":{"index":"index","follow":"follow","max-snippet":"max-snippet:-1","max-image-preview":"max-image-preview:large","max-video-preview":"max-video-preview:-1"},"canonical":"https:\/\/etival.fr\/?p=13698","og_locale":"fr_FR","og_type":"article","og_title":"Les animations \u00e0 la m\u00e9diath\u00e8que d\u2019\u00c9tival. - Etival-Clairefontaine","og_url":"https:\/\/etival.fr\/?p=13698","og_site_name":"Etival-Clairefontaine","article_published_time":"2026-04-29T05:17:32+00:00","article_modified_time":"2026-04-29T07:35:09+00:00","og_image":[{"width":1241,"height":1754,"url":"https:\/\/etival.fr\/wp-content\/uploads\/2026\/04\/26-05-13-ETVL-Les-Ptits-Lus-affiche_page-0001.jpg","type":"image\/jpeg"}],"author":"Catherine","twitter_card":"summary_large_image","twitter_misc":{"\u00c9crit par":"Catherine","Dur\u00e9e de lecture estim\u00e9e":"1 minute"},"schema":{"@context":"https:\/\/schema.org","@graph":[{"@type":"Article","@id":"https:\/\/etival.fr\/?p=13698#article","isPartOf":{"@id":"https:\/\/etival.fr\/?p=13698"},"author":{"name":"Catherine","@id":"https:\/\/etival.fr\/#\/schema\/person\/966767531f422984430588510b8d4c3f"},"headline":"Les animations \u00e0 la m\u00e9diath\u00e8que d\u2019\u00c9tival.","datePublished":"2026-04-29T05:17:32+00:00","dateModified":"2026-04-29T07:35:09+00:00","mainEntityOfPage":{"@id":"https:\/\/etival.fr\/?p=13698"},"wordCount":8,"image":{"@id":"https:\/\/etival.fr\/?p=13698#primaryimage"},"thumbnailUrl":"https:\/\/etival.fr\/wp-content\/uploads\/2026\/04\/26-05-13-ETVL-Les-Ptits-Lus-affiche_page-0001-725x1024.jpg","articleSection":["Communaut\u00e9 d'Agglom\u00e9ration de Saint-Di\u00e9-Des-Vosges"],"inLanguage":"fr-FR"},{"@type":"WebPage","@id":"https:\/\/etival.fr\/?p=13698","url":"https:\/\/etival.fr\/?p=13698","name":"Les animations \u00e0 la m\u00e9diath\u00e8que d\u2019\u00c9tival. - Etival-Clairefontaine","isPartOf":{"@id":"https:\/\/etival.fr\/#website"},"primaryImageOfPage":{"@id":"https:\/\/etival.fr\/?p=13698#primaryimage"},"image":{"@id":"https:\/\/etival.fr\/?p=13698#primaryimage"},"thumbnailUrl":"https:\/\/etival.fr\/wp-content\/uploads\/2026\/04\/26-05-13-ETVL-Les-Ptits-Lus-affiche_page-0001-725x1024.jpg","datePublished":"2026-04-29T05:17:32+00:00","dateModified":"2026-04-29T07:35:09+00:00","author":{"@id":"https:\/\/etival.fr\/#\/schema\/person\/966767531f422984430588510b8d4c3f"},"breadcrumb":{"@id":"https:\/\/etival.fr\/?p=13698#breadcrumb"},"inLanguage":"fr-FR","potentialAction":[{"@type":"ReadAction","target":["https:\/\/etival.fr\/?p=13698"]}]},{"@type":"ImageObject","inLanguage":"fr-FR","@id":"https:\/\/etival.fr\/?p=13698#primaryimage","url":"https:\/\/etival.fr\/wp-content\/uploads\/2026\/04\/26-05-13-ETVL-Les-Ptits-Lus-affiche_page-0001.jpg","contentUrl":"https:\/\/etival.fr\/wp-content\/uploads\/2026\/04\/26-05-13-ETVL-Les-Ptits-Lus-affiche_page-0001.jpg","width":1241,"height":1754},{"@type":"BreadcrumbList","@id":"https:\/\/etival.fr\/?p=13698#breadcrumb","itemListElement":[{"@type":"ListItem","position":1,"name":"Accueil","item":"https:\/\/etival.fr\/"},{"@type":"ListItem","position":2,"name":"Les animations \u00e0 la m\u00e9diath\u00e8que d\u2019\u00c9tival."}]},{"@type":"WebSite","@id":"https:\/\/etival.fr\/#website","url":"https:\/\/etival.fr\/","name":"Etival-Clairefontaine","description":"Informations et actualit\u00e9s de la commune","potentialAction":[{"@type":"SearchAction","target":{"@type":"EntryPoint","urlTemplate":"https:\/\/etival.fr\/?s={search_term_string}"},"query-input":{"@type":"PropertyValueSpecification","valueRequired":true,"valueName":"search_term_string"}}],"inLanguage":"fr-FR"},{"@type":"Person","@id":"https:\/\/etival.fr\/#\/schema\/person\/966767531f422984430588510b8d4c3f","name":"Catherine","image":{"@type":"ImageObject","inLanguage":"fr-FR","@id":"https:\/\/etival.fr\/#\/schema\/person\/image\/","url":"https:\/\/secure.gravatar.com\/avatar\/b99eff3bf59bd614e6c532df451dc649?s=96&d=mm&r=g","contentUrl":"https:\/\/secure.gravatar.com\/avatar\/b99eff3bf59bd614e6c532df451dc649?s=96&d=mm&r=g","caption":"Catherine"},"url":"https:\/\/etival.fr\/?author=2"}]}},"_links":{"self":[{"href":"https:\/\/etival.fr\/index.php?rest_route=\/wp\/v2\/posts\/13698","targetHints":{"allow":["GET"]}}],"collection":[{"href":"https:\/\/etival.fr\/index.php?rest_route=\/wp\/v2\/posts"}],"about":[{"href":"https:\/\/etival.fr\/index.php?rest_route=\/wp\/v2\/types\/post"}],"author":[{"embeddable":true,"href":"https:\/\/etival.fr\/index.php?rest_route=\/wp\/v2\/users\/2"}],"replies":[{"embeddable":true,"href":"https:\/\/etival.fr\/index.php?rest_route=%2Fwp%2Fv2%2Fcomments&post=13698"}],"version-history":[{"count":2,"href":"https:\/\/etival.fr\/index.php?rest_route=\/wp\/v2\/posts\/13698\/revisions"}],"predecessor-version":[{"id":13705,"href":"https:\/\/etival.fr\/index.php?rest_route=\/wp\/v2\/posts\/13698\/revisions\/13705"}],"wp:attachment":[{"href":"https:\/\/etival.fr\/index.php?rest_route=%2Fwp%2Fv2%2Fmedia&parent=13698"}],"wp:term":[{"taxonomy":"category","embeddable":true,"href":"https:\/\/etival.fr\/index.php?rest_route=%2Fwp%2Fv2%2Fcategories&post=13698"},{"taxonomy":"post_tag","embeddable":true,"href":"https:\/\/etival.fr\/index.php?rest_route=%2Fwp%2Fv2%2Ftags&post=13698"}],"curies":[{"name":"wp","href":"https:\/\/api.w.org\/{rel}","templated":true}]}}