{"id":13993,"date":"2026-09-03T06:35:10","date_gmt":"2026-09-03T05:35:10","guid":{"rendered":"https:\/\/etival.fr\/?p=13993"},"modified":"2026-09-03T06:35:11","modified_gmt":"2026-09-03T05:35:11","slug":"a-la-decouverte-du-patrimoine-detival-clairefontaine","status":"publish","type":"post","link":"https:\/\/etival.fr\/?p=13993","title":{"rendered":"\u00c0 la d\u00e9couverte du patrimoine d\u2019\u00c9tival-Clairefontaine !"},"content":{"rendered":"\n<p class=\"has-text-color has-link-color wp-elements-4b33f99d273d23bcd8d6d809283bf8f2\" style=\"color:#5b2d9f\"><strong>Et si vous regardiez \u00c9tival-Clairefontaine autrement ?<\/strong> <br>\u00c0 l\u2019occasion des <strong>Journ\u00e9es europ\u00e9ennes du patrimoine<\/strong>, les <strong>Amis du Ban d\u2019\u00c9tival<\/strong> vous invitent \u00e0 partir \u00e0 la d\u00e9couverte de l\u2019histoire et des tr\u00e9sors de notre commune.<\/p>\n\n\n\n<p class=\"has-text-color has-link-color wp-elements-a0862fce47d273b26536b5f44363e9db\" style=\"color:#5b2d9f\"><strong>Venez d\u00e9couvrir, comprendre et red\u00e9couvrir le patrimoine qui nous entoure !<\/strong><br>Un beau moment de partage, d\u2019histoire et de d\u00e9couverte <strong>\u00e0 vivre en famille ou entre amis<\/strong>.<br><strong>Nous vous attendons nombreux !<\/strong> <\/p>\n\n\n\n<figure class=\"wp-block-image size-large\"><a href=\"https:\/\/etival.fr\/wp-content\/uploads\/2026\/09\/JEP-2026-Mairie-dEtival.jpg\"><img loading=\"lazy\" decoding=\"async\" width=\"724\" height=\"1024\" src=\"https:\/\/etival.fr\/wp-content\/uploads\/2026\/09\/JEP-2026-Mairie-dEtival-724x1024.jpg\" alt=\"\" class=\"wp-image-13994\" srcset=\"https:\/\/etival.fr\/wp-content\/uploads\/2026\/09\/JEP-2026-Mairie-dEtival-724x1024.jpg 724w, https:\/\/etival.fr\/wp-content\/uploads\/2026\/09\/JEP-2026-Mairie-dEtival-212x300.jpg 212w, https:\/\/etival.fr\/wp-content\/uploads\/2026\/09\/JEP-2026-Mairie-dEtival-768x1086.jpg 768w, https:\/\/etival.fr\/wp-content\/uploads\/2026\/09\/JEP-2026-Mairie-dEtival-1086x1536.jpg 1086w, https:\/\/etival.fr\/wp-content\/uploads\/2026\/09\/JEP-2026-Mairie-dEtival-1448x2048.jpg 1448w, https:\/\/etival.fr\/wp-content\/uploads\/2026\/09\/JEP-2026-Mairie-dEtival-624x882.jpg 624w, https:\/\/etival.fr\/wp-content\/uploads\/2026\/09\/JEP-2026-Mairie-dEtival.jpg 1654w\" sizes=\"auto, (max-width: 724px) 100vw, 724px\" \/><\/a><\/figure>\n","protected":false},"excerpt":{"rendered":"<p>Et si vous regardiez \u00c9tival-Clairefontaine autrement ? \u00c0 l\u2019occasion des Journ\u00e9es europ\u00e9ennes du patrimoine, les Amis du Ban d\u2019\u00c9tival vous invitent \u00e0 partir \u00e0 la d\u00e9couverte de l\u2019histoire et des tr\u00e9sors de notre commune. Venez d\u00e9couvrir, comprendre et red\u00e9couvrir le patrimoine qui nous entoure !Un beau moment de partage, d\u2019histoire et de d\u00e9couverte \u00e0 vivre [&hellip;]<\/p>\n","protected":false},"author":2,"featured_media":0,"comment_status":"closed","ping_status":"open","sticky":false,"template":"","format":"standard","meta":{"footnotes":""},"categories":[5],"tags":[],"class_list":["post-13993","post","type-post","status-publish","format-standard","hentry","category-informations-associations"],"yoast_head":"<!-- This site is optimized with the Yoast SEO plugin v26.8 - https:\/\/yoast.com\/product\/yoast-seo-wordpress\/ -->\n<title>\u00c0 la d\u00e9couverte du patrimoine d\u2019\u00c9tival-Clairefontaine ! - Etival-Clairefontaine<\/title>\n<meta name=\"robots\" content=\"index, follow, max-snippet:-1, max-image-preview:large, max-video-preview:-1\" \/>\n<link rel=\"canonical\" href=\"https:\/\/etival.fr\/?p=13993\" \/>\n<meta property=\"og:locale\" content=\"fr_FR\" \/>\n<meta property=\"og:type\" content=\"article\" \/>\n<meta property=\"og:title\" content=\"\u00c0 la d\u00e9couverte du patrimoine d\u2019\u00c9tival-Clairefontaine ! - Etival-Clairefontaine\" \/>\n<meta property=\"og:description\" content=\"Et si vous regardiez \u00c9tival-Clairefontaine autrement ? \u00c0 l\u2019occasion des Journ\u00e9es europ\u00e9ennes du patrimoine, les Amis du Ban d\u2019\u00c9tival vous invitent \u00e0 partir \u00e0 la d\u00e9couverte de l\u2019histoire et des tr\u00e9sors de notre commune. Venez d\u00e9couvrir, comprendre et red\u00e9couvrir le patrimoine qui nous entoure !Un beau moment de partage, d\u2019histoire et de d\u00e9couverte \u00e0 vivre [&hellip;]\" \/>\n<meta property=\"og:url\" content=\"https:\/\/etival.fr\/?p=13993\" \/>\n<meta property=\"og:site_name\" content=\"Etival-Clairefontaine\" \/>\n<meta property=\"article:published_time\" content=\"2026-09-03T05:35:10+00:00\" \/>\n<meta property=\"article:modified_time\" content=\"2026-09-03T05:35:11+00:00\" \/>\n<meta property=\"og:image\" content=\"https:\/\/etival.fr\/wp-content\/uploads\/2026\/09\/JEP-2026-Mairie-dEtival.jpg\" \/>\n\t<meta property=\"og:image:width\" content=\"1654\" \/>\n\t<meta property=\"og:image:height\" content=\"2339\" \/>\n\t<meta property=\"og:image:type\" content=\"image\/jpeg\" \/>\n<meta name=\"author\" content=\"Catherine\" \/>\n<meta name=\"twitter:card\" content=\"summary_large_image\" \/>\n<meta name=\"twitter:label1\" content=\"\u00c9crit par\" \/>\n\t<meta name=\"twitter:data1\" content=\"Catherine\" \/>\n\t<meta name=\"twitter:label2\" content=\"Dur\u00e9e de lecture estim\u00e9e\" \/>\n\t<meta name=\"twitter:data2\" content=\"1 minute\" \/>\n<script type=\"application\/ld+json\" class=\"yoast-schema-graph\">{\"@context\":\"https:\/\/schema.org\",\"@graph\":[{\"@type\":\"Article\",\"@id\":\"https:\/\/etival.fr\/?p=13993#article\",\"isPartOf\":{\"@id\":\"https:\/\/etival.fr\/?p=13993\"},\"author\":{\"name\":\"Catherine\",\"@id\":\"https:\/\/etival.fr\/#\/schema\/person\/966767531f422984430588510b8d4c3f\"},\"headline\":\"\u00c0 la d\u00e9couverte du patrimoine d\u2019\u00c9tival-Clairefontaine !\",\"datePublished\":\"2026-09-03T05:35:10+00:00\",\"dateModified\":\"2026-09-03T05:35:11+00:00\",\"mainEntityOfPage\":{\"@id\":\"https:\/\/etival.fr\/?p=13993\"},\"wordCount\":77,\"image\":{\"@id\":\"https:\/\/etival.fr\/?p=13993#primaryimage\"},\"thumbnailUrl\":\"https:\/\/etival.fr\/wp-content\/uploads\/2026\/09\/JEP-2026-Mairie-dEtival-724x1024.jpg\",\"articleSection\":[\"Informations Associations\"],\"inLanguage\":\"fr-FR\"},{\"@type\":\"WebPage\",\"@id\":\"https:\/\/etival.fr\/?p=13993\",\"url\":\"https:\/\/etival.fr\/?p=13993\",\"name\":\"\u00c0 la d\u00e9couverte du patrimoine d\u2019\u00c9tival-Clairefontaine ! - Etival-Clairefontaine\",\"isPartOf\":{\"@id\":\"https:\/\/etival.fr\/#website\"},\"primaryImageOfPage\":{\"@id\":\"https:\/\/etival.fr\/?p=13993#primaryimage\"},\"image\":{\"@id\":\"https:\/\/etival.fr\/?p=13993#primaryimage\"},\"thumbnailUrl\":\"https:\/\/etival.fr\/wp-content\/uploads\/2026\/09\/JEP-2026-Mairie-dEtival-724x1024.jpg\",\"datePublished\":\"2026-09-03T05:35:10+00:00\",\"dateModified\":\"2026-09-03T05:35:11+00:00\",\"author\":{\"@id\":\"https:\/\/etival.fr\/#\/schema\/person\/966767531f422984430588510b8d4c3f\"},\"breadcrumb\":{\"@id\":\"https:\/\/etival.fr\/?p=13993#breadcrumb\"},\"inLanguage\":\"fr-FR\",\"potentialAction\":[{\"@type\":\"ReadAction\",\"target\":[\"https:\/\/etival.fr\/?p=13993\"]}]},{\"@type\":\"ImageObject\",\"inLanguage\":\"fr-FR\",\"@id\":\"https:\/\/etival.fr\/?p=13993#primaryimage\",\"url\":\"https:\/\/etival.fr\/wp-content\/uploads\/2026\/09\/JEP-2026-Mairie-dEtival.jpg\",\"contentUrl\":\"https:\/\/etival.fr\/wp-content\/uploads\/2026\/09\/JEP-2026-Mairie-dEtival.jpg\",\"width\":1654,\"height\":2339},{\"@type\":\"BreadcrumbList\",\"@id\":\"https:\/\/etival.fr\/?p=13993#breadcrumb\",\"itemListElement\":[{\"@type\":\"ListItem\",\"position\":1,\"name\":\"Accueil\",\"item\":\"https:\/\/etival.fr\/\"},{\"@type\":\"ListItem\",\"position\":2,\"name\":\"\u00c0 la d\u00e9couverte du patrimoine d\u2019\u00c9tival-Clairefontaine !\"}]},{\"@type\":\"WebSite\",\"@id\":\"https:\/\/etival.fr\/#website\",\"url\":\"https:\/\/etival.fr\/\",\"name\":\"Etival-Clairefontaine\",\"description\":\"Informations et actualit\u00e9s de la commune\",\"potentialAction\":[{\"@type\":\"SearchAction\",\"target\":{\"@type\":\"EntryPoint\",\"urlTemplate\":\"https:\/\/etival.fr\/?s={search_term_string}\"},\"query-input\":{\"@type\":\"PropertyValueSpecification\",\"valueRequired\":true,\"valueName\":\"search_term_string\"}}],\"inLanguage\":\"fr-FR\"},{\"@type\":\"Person\",\"@id\":\"https:\/\/etival.fr\/#\/schema\/person\/966767531f422984430588510b8d4c3f\",\"name\":\"Catherine\",\"image\":{\"@type\":\"ImageObject\",\"inLanguage\":\"fr-FR\",\"@id\":\"https:\/\/etival.fr\/#\/schema\/person\/image\/\",\"url\":\"https:\/\/secure.gravatar.com\/avatar\/b99eff3bf59bd614e6c532df451dc649?s=96&d=mm&r=g\",\"contentUrl\":\"https:\/\/secure.gravatar.com\/avatar\/b99eff3bf59bd614e6c532df451dc649?s=96&d=mm&r=g\",\"caption\":\"Catherine\"},\"url\":\"https:\/\/etival.fr\/?author=2\"}]}<\/script>\n<!-- \/ Yoast SEO plugin. -->","yoast_head_json":{"title":"\u00c0 la d\u00e9couverte du patrimoine d\u2019\u00c9tival-Clairefontaine ! - Etival-Clairefontaine","robots":{"index":"index","follow":"follow","max-snippet":"max-snippet:-1","max-image-preview":"max-image-preview:large","max-video-preview":"max-video-preview:-1"},"canonical":"https:\/\/etival.fr\/?p=13993","og_locale":"fr_FR","og_type":"article","og_title":"\u00c0 la d\u00e9couverte du patrimoine d\u2019\u00c9tival-Clairefontaine ! - Etival-Clairefontaine","og_description":"Et si vous regardiez \u00c9tival-Clairefontaine autrement ? \u00c0 l\u2019occasion des Journ\u00e9es europ\u00e9ennes du patrimoine, les Amis du Ban d\u2019\u00c9tival vous invitent \u00e0 partir \u00e0 la d\u00e9couverte de l\u2019histoire et des tr\u00e9sors de notre commune. Venez d\u00e9couvrir, comprendre et red\u00e9couvrir le patrimoine qui nous entoure !Un beau moment de partage, d\u2019histoire et de d\u00e9couverte \u00e0 vivre [&hellip;]","og_url":"https:\/\/etival.fr\/?p=13993","og_site_name":"Etival-Clairefontaine","article_published_time":"2026-09-03T05:35:10+00:00","article_modified_time":"2026-09-03T05:35:11+00:00","og_image":[{"width":1654,"height":2339,"url":"https:\/\/etival.fr\/wp-content\/uploads\/2026\/09\/JEP-2026-Mairie-dEtival.jpg","type":"image\/jpeg"}],"author":"Catherine","twitter_card":"summary_large_image","twitter_misc":{"\u00c9crit par":"Catherine","Dur\u00e9e de lecture estim\u00e9e":"1 minute"},"schema":{"@context":"https:\/\/schema.org","@graph":[{"@type":"Article","@id":"https:\/\/etival.fr\/?p=13993#article","isPartOf":{"@id":"https:\/\/etival.fr\/?p=13993"},"author":{"name":"Catherine","@id":"https:\/\/etival.fr\/#\/schema\/person\/966767531f422984430588510b8d4c3f"},"headline":"\u00c0 la d\u00e9couverte du patrimoine d\u2019\u00c9tival-Clairefontaine !","datePublished":"2026-09-03T05:35:10+00:00","dateModified":"2026-09-03T05:35:11+00:00","mainEntityOfPage":{"@id":"https:\/\/etival.fr\/?p=13993"},"wordCount":77,"image":{"@id":"https:\/\/etival.fr\/?p=13993#primaryimage"},"thumbnailUrl":"https:\/\/etival.fr\/wp-content\/uploads\/2026\/09\/JEP-2026-Mairie-dEtival-724x1024.jpg","articleSection":["Informations Associations"],"inLanguage":"fr-FR"},{"@type":"WebPage","@id":"https:\/\/etival.fr\/?p=13993","url":"https:\/\/etival.fr\/?p=13993","name":"\u00c0 la d\u00e9couverte du patrimoine d\u2019\u00c9tival-Clairefontaine ! - Etival-Clairefontaine","isPartOf":{"@id":"https:\/\/etival.fr\/#website"},"primaryImageOfPage":{"@id":"https:\/\/etival.fr\/?p=13993#primaryimage"},"image":{"@id":"https:\/\/etival.fr\/?p=13993#primaryimage"},"thumbnailUrl":"https:\/\/etival.fr\/wp-content\/uploads\/2026\/09\/JEP-2026-Mairie-dEtival-724x1024.jpg","datePublished":"2026-09-03T05:35:10+00:00","dateModified":"2026-09-03T05:35:11+00:00","author":{"@id":"https:\/\/etival.fr\/#\/schema\/person\/966767531f422984430588510b8d4c3f"},"breadcrumb":{"@id":"https:\/\/etival.fr\/?p=13993#breadcrumb"},"inLanguage":"fr-FR","potentialAction":[{"@type":"ReadAction","target":["https:\/\/etival.fr\/?p=13993"]}]},{"@type":"ImageObject","inLanguage":"fr-FR","@id":"https:\/\/etival.fr\/?p=13993#primaryimage","url":"https:\/\/etival.fr\/wp-content\/uploads\/2026\/09\/JEP-2026-Mairie-dEtival.jpg","contentUrl":"https:\/\/etival.fr\/wp-content\/uploads\/2026\/09\/JEP-2026-Mairie-dEtival.jpg","width":1654,"height":2339},{"@type":"BreadcrumbList","@id":"https:\/\/etival.fr\/?p=13993#breadcrumb","itemListElement":[{"@type":"ListItem","position":1,"name":"Accueil","item":"https:\/\/etival.fr\/"},{"@type":"ListItem","position":2,"name":"\u00c0 la d\u00e9couverte du patrimoine d\u2019\u00c9tival-Clairefontaine !"}]},{"@type":"WebSite","@id":"https:\/\/etival.fr\/#website","url":"https:\/\/etival.fr\/","name":"Etival-Clairefontaine","description":"Informations et actualit\u00e9s de la commune","potentialAction":[{"@type":"SearchAction","target":{"@type":"EntryPoint","urlTemplate":"https:\/\/etival.fr\/?s={search_term_string}"},"query-input":{"@type":"PropertyValueSpecification","valueRequired":true,"valueName":"search_term_string"}}],"inLanguage":"fr-FR"},{"@type":"Person","@id":"https:\/\/etival.fr\/#\/schema\/person\/966767531f422984430588510b8d4c3f","name":"Catherine","image":{"@type":"ImageObject","inLanguage":"fr-FR","@id":"https:\/\/etival.fr\/#\/schema\/person\/image\/","url":"https:\/\/secure.gravatar.com\/avatar\/b99eff3bf59bd614e6c532df451dc649?s=96&d=mm&r=g","contentUrl":"https:\/\/secure.gravatar.com\/avatar\/b99eff3bf59bd614e6c532df451dc649?s=96&d=mm&r=g","caption":"Catherine"},"url":"https:\/\/etival.fr\/?author=2"}]}},"_links":{"self":[{"href":"https:\/\/etival.fr\/index.php?rest_route=\/wp\/v2\/posts\/13993","targetHints":{"allow":["GET"]}}],"collection":[{"href":"https:\/\/etival.fr\/index.php?rest_route=\/wp\/v2\/posts"}],"about":[{"href":"https:\/\/etival.fr\/index.php?rest_route=\/wp\/v2\/types\/post"}],"author":[{"embeddable":true,"href":"https:\/\/etival.fr\/index.php?rest_route=\/wp\/v2\/users\/2"}],"replies":[{"embeddable":true,"href":"https:\/\/etival.fr\/index.php?rest_route=%2Fwp%2Fv2%2Fcomments&post=13993"}],"version-history":[{"count":1,"href":"https:\/\/etival.fr\/index.php?rest_route=\/wp\/v2\/posts\/13993\/revisions"}],"predecessor-version":[{"id":13995,"href":"https:\/\/etival.fr\/index.php?rest_route=\/wp\/v2\/posts\/13993\/revisions\/13995"}],"wp:attachment":[{"href":"https:\/\/etival.fr\/index.php?rest_route=%2Fwp%2Fv2%2Fmedia&parent=13993"}],"wp:term":[{"taxonomy":"category","embeddable":true,"href":"https:\/\/etival.fr\/index.php?rest_route=%2Fwp%2Fv2%2Fcategories&post=13993"},{"taxonomy":"post_tag","embeddable":true,"href":"https:\/\/etival.fr\/index.php?rest_route=%2Fwp%2Fv2%2Ftags&post=13993"}],"curies":[{"name":"wp","href":"https:\/\/api.w.org\/{rel}","templated":true}]}}