{"id":7788,"date":"2021-06-24T09:47:40","date_gmt":"2021-06-24T08:47:40","guid":{"rendered":"http:\/\/etival.fr\/?p=7788"},"modified":"2021-06-24T10:03:35","modified_gmt":"2021-06-24T09:03:35","slug":"groupement-dachat-fioul-4","status":"publish","type":"post","link":"https:\/\/etival.fr\/?p=7788","title":{"rendered":"GROUPEMENT D&rsquo;ACHAT FIOUL ET PELLETS"},"content":{"rendered":"<h3><strong>Date limite des\u00a0commandes <span style=\"color: #ff0000;\">le vendredi 9 juillet 2021<\/span><\/strong><\/h3>\n<p>Demande d\u2019achat pellets \u00e0 t\u00e9l\u00e9charger <a href=\"http:\/\/etival.fr\/wp-content\/uploads\/2021\/06\/achats-PELLETS-2021-par-participant-1.pdf\">ICI<\/a><br \/>\nConditions de groupement\u00a0<a href=\"http:\/\/etival.fr\/wp-content\/uploads\/2021\/06\/conditions-de-groupement-achats-pellets-1.pdf\">ICI<\/a><\/p>\n<p>Demande d\u2019achat fioul \u00e0 t\u00e9l\u00e9charger <a href=\"http:\/\/etival.fr\/wp-content\/uploads\/2021\/06\/achats-fioul-2021-par-participant-1.pdf\">ICI<\/a><br \/>\nConditions de groupement\u00a0<a href=\"http:\/\/etival.fr\/wp-content\/uploads\/2021\/06\/conditions-de-groupement-achats_fioul-1.pdf\">ICI<\/a><\/p>\n<p>Merci de\u00a0nous le transmettre soit :<br \/>\n\u2013 en Mairie<br \/>\n\u2013 en la\u00a0glissant dans la bo\u00eete aux lettres de la Mairie<br \/>\n\u2013 par courriel : communication@etival.fr\u00a0 (en pr\u00e9cisant en objet : Groupement Fioul)<br \/>\nRenseignements au 03.29.41.29.57<\/p>\n","protected":false},"excerpt":{"rendered":"<p>Date limite des\u00a0commandes le vendredi 9 juillet 2021 Demande d\u2019achat pellets \u00e0 t\u00e9l\u00e9charger ICI Conditions de groupement\u00a0ICI Demande d\u2019achat fioul \u00e0 t\u00e9l\u00e9charger ICI Conditions de groupement\u00a0ICI Merci de\u00a0nous le transmettre soit : \u2013 en Mairie \u2013 en la\u00a0glissant dans la bo\u00eete aux lettres de la Mairie \u2013 par courriel : communication@etival.fr\u00a0 (en pr\u00e9cisant en objet [&hellip;]<\/p>\n","protected":false},"author":2,"featured_media":0,"comment_status":"closed","ping_status":"open","sticky":false,"template":"","format":"standard","meta":{"footnotes":""},"categories":[6],"tags":[],"class_list":["post-7788","post","type-post","status-publish","format-standard","hentry","category-informations-municipales"],"yoast_head":"<!-- This site is optimized with the Yoast SEO plugin v26.8 - https:\/\/yoast.com\/product\/yoast-seo-wordpress\/ -->\n<title>GROUPEMENT D&#039;ACHAT FIOUL ET PELLETS - Etival-Clairefontaine<\/title>\n<meta name=\"robots\" content=\"index, follow, max-snippet:-1, max-image-preview:large, max-video-preview:-1\" \/>\n<link rel=\"canonical\" href=\"https:\/\/etival.fr\/?p=7788\" \/>\n<meta property=\"og:locale\" content=\"fr_FR\" \/>\n<meta property=\"og:type\" content=\"article\" \/>\n<meta property=\"og:title\" content=\"GROUPEMENT D&#039;ACHAT FIOUL ET PELLETS - Etival-Clairefontaine\" \/>\n<meta property=\"og:description\" content=\"Date limite des\u00a0commandes le vendredi 9 juillet 2021 Demande d\u2019achat pellets \u00e0 t\u00e9l\u00e9charger ICI Conditions de groupement\u00a0ICI Demande d\u2019achat fioul \u00e0 t\u00e9l\u00e9charger ICI Conditions de groupement\u00a0ICI Merci de\u00a0nous le transmettre soit : \u2013 en Mairie \u2013 en la\u00a0glissant dans la bo\u00eete aux lettres de la Mairie \u2013 par courriel : communication@etival.fr\u00a0 (en pr\u00e9cisant en objet [&hellip;]\" \/>\n<meta property=\"og:url\" content=\"https:\/\/etival.fr\/?p=7788\" \/>\n<meta property=\"og:site_name\" content=\"Etival-Clairefontaine\" \/>\n<meta property=\"article:published_time\" content=\"2021-06-24T08:47:40+00:00\" \/>\n<meta property=\"article:modified_time\" content=\"2021-06-24T09:03:35+00:00\" \/>\n<meta name=\"author\" content=\"Catherine\" \/>\n<meta name=\"twitter:card\" content=\"summary_large_image\" \/>\n<meta name=\"twitter:label1\" content=\"\u00c9crit par\" \/>\n\t<meta name=\"twitter:data1\" content=\"Catherine\" \/>\n\t<meta name=\"twitter:label2\" content=\"Dur\u00e9e de lecture estim\u00e9e\" \/>\n\t<meta name=\"twitter:data2\" content=\"1 minute\" \/>\n<script type=\"application\/ld+json\" class=\"yoast-schema-graph\">{\"@context\":\"https:\/\/schema.org\",\"@graph\":[{\"@type\":\"Article\",\"@id\":\"https:\/\/etival.fr\/?p=7788#article\",\"isPartOf\":{\"@id\":\"https:\/\/etival.fr\/?p=7788\"},\"author\":{\"name\":\"Catherine\",\"@id\":\"https:\/\/etival.fr\/#\/schema\/person\/966767531f422984430588510b8d4c3f\"},\"headline\":\"GROUPEMENT D&rsquo;ACHAT FIOUL ET PELLETS\",\"datePublished\":\"2021-06-24T08:47:40+00:00\",\"dateModified\":\"2021-06-24T09:03:35+00:00\",\"mainEntityOfPage\":{\"@id\":\"https:\/\/etival.fr\/?p=7788\"},\"wordCount\":71,\"articleSection\":[\"Informations Municipales\"],\"inLanguage\":\"fr-FR\"},{\"@type\":\"WebPage\",\"@id\":\"https:\/\/etival.fr\/?p=7788\",\"url\":\"https:\/\/etival.fr\/?p=7788\",\"name\":\"GROUPEMENT D'ACHAT FIOUL ET PELLETS - Etival-Clairefontaine\",\"isPartOf\":{\"@id\":\"https:\/\/etival.fr\/#website\"},\"datePublished\":\"2021-06-24T08:47:40+00:00\",\"dateModified\":\"2021-06-24T09:03:35+00:00\",\"author\":{\"@id\":\"https:\/\/etival.fr\/#\/schema\/person\/966767531f422984430588510b8d4c3f\"},\"breadcrumb\":{\"@id\":\"https:\/\/etival.fr\/?p=7788#breadcrumb\"},\"inLanguage\":\"fr-FR\",\"potentialAction\":[{\"@type\":\"ReadAction\",\"target\":[\"https:\/\/etival.fr\/?p=7788\"]}]},{\"@type\":\"BreadcrumbList\",\"@id\":\"https:\/\/etival.fr\/?p=7788#breadcrumb\",\"itemListElement\":[{\"@type\":\"ListItem\",\"position\":1,\"name\":\"Accueil\",\"item\":\"https:\/\/etival.fr\/\"},{\"@type\":\"ListItem\",\"position\":2,\"name\":\"GROUPEMENT D&rsquo;ACHAT FIOUL ET PELLETS\"}]},{\"@type\":\"WebSite\",\"@id\":\"https:\/\/etival.fr\/#website\",\"url\":\"https:\/\/etival.fr\/\",\"name\":\"Etival-Clairefontaine\",\"description\":\"Informations et actualit\u00e9s de la commune\",\"potentialAction\":[{\"@type\":\"SearchAction\",\"target\":{\"@type\":\"EntryPoint\",\"urlTemplate\":\"https:\/\/etival.fr\/?s={search_term_string}\"},\"query-input\":{\"@type\":\"PropertyValueSpecification\",\"valueRequired\":true,\"valueName\":\"search_term_string\"}}],\"inLanguage\":\"fr-FR\"},{\"@type\":\"Person\",\"@id\":\"https:\/\/etival.fr\/#\/schema\/person\/966767531f422984430588510b8d4c3f\",\"name\":\"Catherine\",\"image\":{\"@type\":\"ImageObject\",\"inLanguage\":\"fr-FR\",\"@id\":\"https:\/\/etival.fr\/#\/schema\/person\/image\/\",\"url\":\"https:\/\/secure.gravatar.com\/avatar\/b99eff3bf59bd614e6c532df451dc649?s=96&d=mm&r=g\",\"contentUrl\":\"https:\/\/secure.gravatar.com\/avatar\/b99eff3bf59bd614e6c532df451dc649?s=96&d=mm&r=g\",\"caption\":\"Catherine\"},\"url\":\"https:\/\/etival.fr\/?author=2\"}]}<\/script>\n<!-- \/ Yoast SEO plugin. -->","yoast_head_json":{"title":"GROUPEMENT D'ACHAT FIOUL ET PELLETS - Etival-Clairefontaine","robots":{"index":"index","follow":"follow","max-snippet":"max-snippet:-1","max-image-preview":"max-image-preview:large","max-video-preview":"max-video-preview:-1"},"canonical":"https:\/\/etival.fr\/?p=7788","og_locale":"fr_FR","og_type":"article","og_title":"GROUPEMENT D'ACHAT FIOUL ET PELLETS - Etival-Clairefontaine","og_description":"Date limite des\u00a0commandes le vendredi 9 juillet 2021 Demande d\u2019achat pellets \u00e0 t\u00e9l\u00e9charger ICI Conditions de groupement\u00a0ICI Demande d\u2019achat fioul \u00e0 t\u00e9l\u00e9charger ICI Conditions de groupement\u00a0ICI Merci de\u00a0nous le transmettre soit : \u2013 en Mairie \u2013 en la\u00a0glissant dans la bo\u00eete aux lettres de la Mairie \u2013 par courriel : communication@etival.fr\u00a0 (en pr\u00e9cisant en objet [&hellip;]","og_url":"https:\/\/etival.fr\/?p=7788","og_site_name":"Etival-Clairefontaine","article_published_time":"2021-06-24T08:47:40+00:00","article_modified_time":"2021-06-24T09:03:35+00:00","author":"Catherine","twitter_card":"summary_large_image","twitter_misc":{"\u00c9crit par":"Catherine","Dur\u00e9e de lecture estim\u00e9e":"1 minute"},"schema":{"@context":"https:\/\/schema.org","@graph":[{"@type":"Article","@id":"https:\/\/etival.fr\/?p=7788#article","isPartOf":{"@id":"https:\/\/etival.fr\/?p=7788"},"author":{"name":"Catherine","@id":"https:\/\/etival.fr\/#\/schema\/person\/966767531f422984430588510b8d4c3f"},"headline":"GROUPEMENT D&rsquo;ACHAT FIOUL ET PELLETS","datePublished":"2021-06-24T08:47:40+00:00","dateModified":"2021-06-24T09:03:35+00:00","mainEntityOfPage":{"@id":"https:\/\/etival.fr\/?p=7788"},"wordCount":71,"articleSection":["Informations Municipales"],"inLanguage":"fr-FR"},{"@type":"WebPage","@id":"https:\/\/etival.fr\/?p=7788","url":"https:\/\/etival.fr\/?p=7788","name":"GROUPEMENT D'ACHAT FIOUL ET PELLETS - Etival-Clairefontaine","isPartOf":{"@id":"https:\/\/etival.fr\/#website"},"datePublished":"2021-06-24T08:47:40+00:00","dateModified":"2021-06-24T09:03:35+00:00","author":{"@id":"https:\/\/etival.fr\/#\/schema\/person\/966767531f422984430588510b8d4c3f"},"breadcrumb":{"@id":"https:\/\/etival.fr\/?p=7788#breadcrumb"},"inLanguage":"fr-FR","potentialAction":[{"@type":"ReadAction","target":["https:\/\/etival.fr\/?p=7788"]}]},{"@type":"BreadcrumbList","@id":"https:\/\/etival.fr\/?p=7788#breadcrumb","itemListElement":[{"@type":"ListItem","position":1,"name":"Accueil","item":"https:\/\/etival.fr\/"},{"@type":"ListItem","position":2,"name":"GROUPEMENT D&rsquo;ACHAT FIOUL ET PELLETS"}]},{"@type":"WebSite","@id":"https:\/\/etival.fr\/#website","url":"https:\/\/etival.fr\/","name":"Etival-Clairefontaine","description":"Informations et actualit\u00e9s de la commune","potentialAction":[{"@type":"SearchAction","target":{"@type":"EntryPoint","urlTemplate":"https:\/\/etival.fr\/?s={search_term_string}"},"query-input":{"@type":"PropertyValueSpecification","valueRequired":true,"valueName":"search_term_string"}}],"inLanguage":"fr-FR"},{"@type":"Person","@id":"https:\/\/etival.fr\/#\/schema\/person\/966767531f422984430588510b8d4c3f","name":"Catherine","image":{"@type":"ImageObject","inLanguage":"fr-FR","@id":"https:\/\/etival.fr\/#\/schema\/person\/image\/","url":"https:\/\/secure.gravatar.com\/avatar\/b99eff3bf59bd614e6c532df451dc649?s=96&d=mm&r=g","contentUrl":"https:\/\/secure.gravatar.com\/avatar\/b99eff3bf59bd614e6c532df451dc649?s=96&d=mm&r=g","caption":"Catherine"},"url":"https:\/\/etival.fr\/?author=2"}]}},"_links":{"self":[{"href":"https:\/\/etival.fr\/index.php?rest_route=\/wp\/v2\/posts\/7788","targetHints":{"allow":["GET"]}}],"collection":[{"href":"https:\/\/etival.fr\/index.php?rest_route=\/wp\/v2\/posts"}],"about":[{"href":"https:\/\/etival.fr\/index.php?rest_route=\/wp\/v2\/types\/post"}],"author":[{"embeddable":true,"href":"https:\/\/etival.fr\/index.php?rest_route=\/wp\/v2\/users\/2"}],"replies":[{"embeddable":true,"href":"https:\/\/etival.fr\/index.php?rest_route=%2Fwp%2Fv2%2Fcomments&post=7788"}],"version-history":[{"count":18,"href":"https:\/\/etival.fr\/index.php?rest_route=\/wp\/v2\/posts\/7788\/revisions"}],"predecessor-version":[{"id":9357,"href":"https:\/\/etival.fr\/index.php?rest_route=\/wp\/v2\/posts\/7788\/revisions\/9357"}],"wp:attachment":[{"href":"https:\/\/etival.fr\/index.php?rest_route=%2Fwp%2Fv2%2Fmedia&parent=7788"}],"wp:term":[{"taxonomy":"category","embeddable":true,"href":"https:\/\/etival.fr\/index.php?rest_route=%2Fwp%2Fv2%2Fcategories&post=7788"},{"taxonomy":"post_tag","embeddable":true,"href":"https:\/\/etival.fr\/index.php?rest_route=%2Fwp%2Fv2%2Ftags&post=7788"}],"curies":[{"name":"wp","href":"https:\/\/api.w.org\/{rel}","templated":true}]}}