{"id":8863,"date":"2020-10-23T09:26:56","date_gmt":"2020-10-23T08:26:56","guid":{"rendered":"http:\/\/etival.fr\/?p=8863"},"modified":"2020-10-23T09:35:25","modified_gmt":"2020-10-23T08:35:25","slug":"covid-19-procedure-de-releve-des-compteurs-deau-potable","status":"publish","type":"post","link":"https:\/\/etival.fr\/?p=8863","title":{"rendered":"COVID-19 : proc\u00e9dure de rel\u00e8ve des compteurs d&rsquo;eau potable"},"content":{"rendered":"\n<p>En cette p\u00e9riode particuli\u00e8re, pour garantir votre s\u00e9curit\u00e9 et celle de nos agents, nous avons exceptionnellement fait le choix de vous donner la possibilit\u00e9 de transmettre l\u2019index de votre compteur int\u00e9rieur. <\/p>\n\n\n\n<figure class=\"wp-block-image size-large\"><img loading=\"lazy\" decoding=\"async\" width=\"1024\" height=\"685\" src=\"http:\/\/etival.fr\/wp-content\/uploads\/2020\/10\/coupon-releve-compteur-d-eau-1024x685.jpg\" alt=\"\" class=\"wp-image-8864\" srcset=\"https:\/\/etival.fr\/wp-content\/uploads\/2020\/10\/coupon-releve-compteur-d-eau-1024x685.jpg 1024w, https:\/\/etival.fr\/wp-content\/uploads\/2020\/10\/coupon-releve-compteur-d-eau-300x201.jpg 300w, https:\/\/etival.fr\/wp-content\/uploads\/2020\/10\/coupon-releve-compteur-d-eau-768x514.jpg 768w, https:\/\/etival.fr\/wp-content\/uploads\/2020\/10\/coupon-releve-compteur-d-eau-1536x1028.jpg 1536w, https:\/\/etival.fr\/wp-content\/uploads\/2020\/10\/coupon-releve-compteur-d-eau-2048x1371.jpg 2048w, https:\/\/etival.fr\/wp-content\/uploads\/2020\/10\/coupon-releve-compteur-d-eau-624x418.jpg 624w\" sizes=\"auto, (max-width: 1024px) 100vw, 1024px\" \/><\/figure>\n\n\n\n<p>Coupon en t\u00e9l\u00e9chargement <a href=\"http:\/\/etival.fr\/wp-content\/uploads\/2020\/10\/coupon-releve-compteur-d-eau.pdf\">ICI<\/a><\/p>\n","protected":false},"excerpt":{"rendered":"<p>En cette p\u00e9riode particuli\u00e8re, pour garantir votre s\u00e9curit\u00e9 et celle de nos agents, nous avons exceptionnellement fait le choix de vous donner la possibilit\u00e9 de transmettre l\u2019index de votre compteur int\u00e9rieur. Coupon en t\u00e9l\u00e9chargement ICI<\/p>\n","protected":false},"author":2,"featured_media":0,"comment_status":"closed","ping_status":"open","sticky":false,"template":"","format":"standard","meta":{"footnotes":""},"categories":[6,1],"tags":[],"class_list":["post-8863","post","type-post","status-publish","format-standard","hentry","category-informations-municipales","category-non-classe"],"yoast_head":"<!-- This site is optimized with the Yoast SEO plugin v26.8 - https:\/\/yoast.com\/product\/yoast-seo-wordpress\/ -->\n<title>COVID-19 : proc\u00e9dure de rel\u00e8ve des compteurs d&#039;eau potable - Etival-Clairefontaine<\/title>\n<meta name=\"robots\" content=\"index, follow, max-snippet:-1, max-image-preview:large, max-video-preview:-1\" \/>\n<link rel=\"canonical\" href=\"https:\/\/etival.fr\/?p=8863\" \/>\n<meta property=\"og:locale\" content=\"fr_FR\" \/>\n<meta property=\"og:type\" content=\"article\" \/>\n<meta property=\"og:title\" content=\"COVID-19 : proc\u00e9dure de rel\u00e8ve des compteurs d&#039;eau potable - Etival-Clairefontaine\" \/>\n<meta property=\"og:description\" content=\"En cette p\u00e9riode particuli\u00e8re, pour garantir votre s\u00e9curit\u00e9 et celle de nos agents, nous avons exceptionnellement fait le choix de vous donner la possibilit\u00e9 de transmettre l\u2019index de votre compteur int\u00e9rieur. Coupon en t\u00e9l\u00e9chargement ICI\" \/>\n<meta property=\"og:url\" content=\"https:\/\/etival.fr\/?p=8863\" \/>\n<meta property=\"og:site_name\" content=\"Etival-Clairefontaine\" \/>\n<meta property=\"article:published_time\" content=\"2020-10-23T08:26:56+00:00\" \/>\n<meta property=\"article:modified_time\" content=\"2020-10-23T08:35:25+00:00\" \/>\n<meta property=\"og:image\" content=\"http:\/\/etival.fr\/wp-content\/uploads\/2020\/10\/coupon-releve-compteur-d-eau-1024x685.jpg\" \/>\n<meta name=\"author\" content=\"Catherine\" \/>\n<meta name=\"twitter:card\" content=\"summary_large_image\" \/>\n<meta name=\"twitter:label1\" content=\"\u00c9crit par\" \/>\n\t<meta name=\"twitter:data1\" content=\"Catherine\" \/>\n<script type=\"application\/ld+json\" class=\"yoast-schema-graph\">{\"@context\":\"https:\/\/schema.org\",\"@graph\":[{\"@type\":\"Article\",\"@id\":\"https:\/\/etival.fr\/?p=8863#article\",\"isPartOf\":{\"@id\":\"https:\/\/etival.fr\/?p=8863\"},\"author\":{\"name\":\"Catherine\",\"@id\":\"https:\/\/etival.fr\/#\/schema\/person\/966767531f422984430588510b8d4c3f\"},\"headline\":\"COVID-19 : proc\u00e9dure de rel\u00e8ve des compteurs d&rsquo;eau potable\",\"datePublished\":\"2020-10-23T08:26:56+00:00\",\"dateModified\":\"2020-10-23T08:35:25+00:00\",\"mainEntityOfPage\":{\"@id\":\"https:\/\/etival.fr\/?p=8863\"},\"wordCount\":53,\"image\":{\"@id\":\"https:\/\/etival.fr\/?p=8863#primaryimage\"},\"thumbnailUrl\":\"http:\/\/etival.fr\/wp-content\/uploads\/2020\/10\/coupon-releve-compteur-d-eau-1024x685.jpg\",\"articleSection\":[\"Informations Municipales\"],\"inLanguage\":\"fr-FR\"},{\"@type\":\"WebPage\",\"@id\":\"https:\/\/etival.fr\/?p=8863\",\"url\":\"https:\/\/etival.fr\/?p=8863\",\"name\":\"COVID-19 : proc\u00e9dure de rel\u00e8ve des compteurs d'eau potable - Etival-Clairefontaine\",\"isPartOf\":{\"@id\":\"https:\/\/etival.fr\/#website\"},\"primaryImageOfPage\":{\"@id\":\"https:\/\/etival.fr\/?p=8863#primaryimage\"},\"image\":{\"@id\":\"https:\/\/etival.fr\/?p=8863#primaryimage\"},\"thumbnailUrl\":\"http:\/\/etival.fr\/wp-content\/uploads\/2020\/10\/coupon-releve-compteur-d-eau-1024x685.jpg\",\"datePublished\":\"2020-10-23T08:26:56+00:00\",\"dateModified\":\"2020-10-23T08:35:25+00:00\",\"author\":{\"@id\":\"https:\/\/etival.fr\/#\/schema\/person\/966767531f422984430588510b8d4c3f\"},\"breadcrumb\":{\"@id\":\"https:\/\/etival.fr\/?p=8863#breadcrumb\"},\"inLanguage\":\"fr-FR\",\"potentialAction\":[{\"@type\":\"ReadAction\",\"target\":[\"https:\/\/etival.fr\/?p=8863\"]}]},{\"@type\":\"ImageObject\",\"inLanguage\":\"fr-FR\",\"@id\":\"https:\/\/etival.fr\/?p=8863#primaryimage\",\"url\":\"https:\/\/etival.fr\/wp-content\/uploads\/2020\/10\/coupon-releve-compteur-d-eau.jpg\",\"contentUrl\":\"https:\/\/etival.fr\/wp-content\/uploads\/2020\/10\/coupon-releve-compteur-d-eau.jpg\",\"width\":2480,\"height\":1660},{\"@type\":\"BreadcrumbList\",\"@id\":\"https:\/\/etival.fr\/?p=8863#breadcrumb\",\"itemListElement\":[{\"@type\":\"ListItem\",\"position\":1,\"name\":\"Accueil\",\"item\":\"https:\/\/etival.fr\/\"},{\"@type\":\"ListItem\",\"position\":2,\"name\":\"COVID-19 : proc\u00e9dure de rel\u00e8ve des compteurs d&rsquo;eau potable\"}]},{\"@type\":\"WebSite\",\"@id\":\"https:\/\/etival.fr\/#website\",\"url\":\"https:\/\/etival.fr\/\",\"name\":\"Etival-Clairefontaine\",\"description\":\"Informations et actualit\u00e9s de la commune\",\"potentialAction\":[{\"@type\":\"SearchAction\",\"target\":{\"@type\":\"EntryPoint\",\"urlTemplate\":\"https:\/\/etival.fr\/?s={search_term_string}\"},\"query-input\":{\"@type\":\"PropertyValueSpecification\",\"valueRequired\":true,\"valueName\":\"search_term_string\"}}],\"inLanguage\":\"fr-FR\"},{\"@type\":\"Person\",\"@id\":\"https:\/\/etival.fr\/#\/schema\/person\/966767531f422984430588510b8d4c3f\",\"name\":\"Catherine\",\"image\":{\"@type\":\"ImageObject\",\"inLanguage\":\"fr-FR\",\"@id\":\"https:\/\/etival.fr\/#\/schema\/person\/image\/\",\"url\":\"https:\/\/secure.gravatar.com\/avatar\/b99eff3bf59bd614e6c532df451dc649?s=96&d=mm&r=g\",\"contentUrl\":\"https:\/\/secure.gravatar.com\/avatar\/b99eff3bf59bd614e6c532df451dc649?s=96&d=mm&r=g\",\"caption\":\"Catherine\"},\"url\":\"https:\/\/etival.fr\/?author=2\"}]}<\/script>\n<!-- \/ Yoast SEO plugin. -->","yoast_head_json":{"title":"COVID-19 : proc\u00e9dure de rel\u00e8ve des compteurs d'eau potable - Etival-Clairefontaine","robots":{"index":"index","follow":"follow","max-snippet":"max-snippet:-1","max-image-preview":"max-image-preview:large","max-video-preview":"max-video-preview:-1"},"canonical":"https:\/\/etival.fr\/?p=8863","og_locale":"fr_FR","og_type":"article","og_title":"COVID-19 : proc\u00e9dure de rel\u00e8ve des compteurs d'eau potable - Etival-Clairefontaine","og_description":"En cette p\u00e9riode particuli\u00e8re, pour garantir votre s\u00e9curit\u00e9 et celle de nos agents, nous avons exceptionnellement fait le choix de vous donner la possibilit\u00e9 de transmettre l\u2019index de votre compteur int\u00e9rieur. Coupon en t\u00e9l\u00e9chargement ICI","og_url":"https:\/\/etival.fr\/?p=8863","og_site_name":"Etival-Clairefontaine","article_published_time":"2020-10-23T08:26:56+00:00","article_modified_time":"2020-10-23T08:35:25+00:00","og_image":[{"url":"http:\/\/etival.fr\/wp-content\/uploads\/2020\/10\/coupon-releve-compteur-d-eau-1024x685.jpg","type":"","width":"","height":""}],"author":"Catherine","twitter_card":"summary_large_image","twitter_misc":{"\u00c9crit par":"Catherine"},"schema":{"@context":"https:\/\/schema.org","@graph":[{"@type":"Article","@id":"https:\/\/etival.fr\/?p=8863#article","isPartOf":{"@id":"https:\/\/etival.fr\/?p=8863"},"author":{"name":"Catherine","@id":"https:\/\/etival.fr\/#\/schema\/person\/966767531f422984430588510b8d4c3f"},"headline":"COVID-19 : proc\u00e9dure de rel\u00e8ve des compteurs d&rsquo;eau potable","datePublished":"2020-10-23T08:26:56+00:00","dateModified":"2020-10-23T08:35:25+00:00","mainEntityOfPage":{"@id":"https:\/\/etival.fr\/?p=8863"},"wordCount":53,"image":{"@id":"https:\/\/etival.fr\/?p=8863#primaryimage"},"thumbnailUrl":"http:\/\/etival.fr\/wp-content\/uploads\/2020\/10\/coupon-releve-compteur-d-eau-1024x685.jpg","articleSection":["Informations Municipales"],"inLanguage":"fr-FR"},{"@type":"WebPage","@id":"https:\/\/etival.fr\/?p=8863","url":"https:\/\/etival.fr\/?p=8863","name":"COVID-19 : proc\u00e9dure de rel\u00e8ve des compteurs d'eau potable - Etival-Clairefontaine","isPartOf":{"@id":"https:\/\/etival.fr\/#website"},"primaryImageOfPage":{"@id":"https:\/\/etival.fr\/?p=8863#primaryimage"},"image":{"@id":"https:\/\/etival.fr\/?p=8863#primaryimage"},"thumbnailUrl":"http:\/\/etival.fr\/wp-content\/uploads\/2020\/10\/coupon-releve-compteur-d-eau-1024x685.jpg","datePublished":"2020-10-23T08:26:56+00:00","dateModified":"2020-10-23T08:35:25+00:00","author":{"@id":"https:\/\/etival.fr\/#\/schema\/person\/966767531f422984430588510b8d4c3f"},"breadcrumb":{"@id":"https:\/\/etival.fr\/?p=8863#breadcrumb"},"inLanguage":"fr-FR","potentialAction":[{"@type":"ReadAction","target":["https:\/\/etival.fr\/?p=8863"]}]},{"@type":"ImageObject","inLanguage":"fr-FR","@id":"https:\/\/etival.fr\/?p=8863#primaryimage","url":"https:\/\/etival.fr\/wp-content\/uploads\/2020\/10\/coupon-releve-compteur-d-eau.jpg","contentUrl":"https:\/\/etival.fr\/wp-content\/uploads\/2020\/10\/coupon-releve-compteur-d-eau.jpg","width":2480,"height":1660},{"@type":"BreadcrumbList","@id":"https:\/\/etival.fr\/?p=8863#breadcrumb","itemListElement":[{"@type":"ListItem","position":1,"name":"Accueil","item":"https:\/\/etival.fr\/"},{"@type":"ListItem","position":2,"name":"COVID-19 : proc\u00e9dure de rel\u00e8ve des compteurs d&rsquo;eau potable"}]},{"@type":"WebSite","@id":"https:\/\/etival.fr\/#website","url":"https:\/\/etival.fr\/","name":"Etival-Clairefontaine","description":"Informations et actualit\u00e9s de la commune","potentialAction":[{"@type":"SearchAction","target":{"@type":"EntryPoint","urlTemplate":"https:\/\/etival.fr\/?s={search_term_string}"},"query-input":{"@type":"PropertyValueSpecification","valueRequired":true,"valueName":"search_term_string"}}],"inLanguage":"fr-FR"},{"@type":"Person","@id":"https:\/\/etival.fr\/#\/schema\/person\/966767531f422984430588510b8d4c3f","name":"Catherine","image":{"@type":"ImageObject","inLanguage":"fr-FR","@id":"https:\/\/etival.fr\/#\/schema\/person\/image\/","url":"https:\/\/secure.gravatar.com\/avatar\/b99eff3bf59bd614e6c532df451dc649?s=96&d=mm&r=g","contentUrl":"https:\/\/secure.gravatar.com\/avatar\/b99eff3bf59bd614e6c532df451dc649?s=96&d=mm&r=g","caption":"Catherine"},"url":"https:\/\/etival.fr\/?author=2"}]}},"_links":{"self":[{"href":"https:\/\/etival.fr\/index.php?rest_route=\/wp\/v2\/posts\/8863","targetHints":{"allow":["GET"]}}],"collection":[{"href":"https:\/\/etival.fr\/index.php?rest_route=\/wp\/v2\/posts"}],"about":[{"href":"https:\/\/etival.fr\/index.php?rest_route=\/wp\/v2\/types\/post"}],"author":[{"embeddable":true,"href":"https:\/\/etival.fr\/index.php?rest_route=\/wp\/v2\/users\/2"}],"replies":[{"embeddable":true,"href":"https:\/\/etival.fr\/index.php?rest_route=%2Fwp%2Fv2%2Fcomments&post=8863"}],"version-history":[{"count":3,"href":"https:\/\/etival.fr\/index.php?rest_route=\/wp\/v2\/posts\/8863\/revisions"}],"predecessor-version":[{"id":8869,"href":"https:\/\/etival.fr\/index.php?rest_route=\/wp\/v2\/posts\/8863\/revisions\/8869"}],"wp:attachment":[{"href":"https:\/\/etival.fr\/index.php?rest_route=%2Fwp%2Fv2%2Fmedia&parent=8863"}],"wp:term":[{"taxonomy":"category","embeddable":true,"href":"https:\/\/etival.fr\/index.php?rest_route=%2Fwp%2Fv2%2Fcategories&post=8863"},{"taxonomy":"post_tag","embeddable":true,"href":"https:\/\/etival.fr\/index.php?rest_route=%2Fwp%2Fv2%2Ftags&post=8863"}],"curies":[{"name":"wp","href":"https:\/\/api.w.org\/{rel}","templated":true}]}}