{"id":9114,"date":"2021-03-15T09:24:11","date_gmt":"2021-03-15T08:24:11","guid":{"rendered":"http:\/\/etival.fr\/?p=9114"},"modified":"2021-03-15T09:24:13","modified_gmt":"2021-03-15T08:24:13","slug":"remise-des-prix-du-premier-concours-photos","status":"publish","type":"post","link":"https:\/\/etival.fr\/?p=9114","title":{"rendered":"Remise des prix du premier concours photos"},"content":{"rendered":"\n<p>\u00c0&nbsp;la Mairie, samedi 13 mars, a eu lieu la remise des prix du premier concours photos.<\/p>\n\n\n\n<p class=\"has-medium-font-size\"><strong>Le palmar\u00e8s\u00a0:<\/strong><\/p>\n\n\n\n<p><strong>1<sup>er <\/sup>prix\u00a0<\/strong>: Camille Maldonado (bon cadeau \u00e0 valoir \u00e0 la Dolce Vita)<\/p>\n\n\n\n<figure class=\"wp-block-gallery columns-2 is-cropped wp-block-gallery-1 is-layout-flex wp-block-gallery-is-layout-flex\"><ul class=\"blocks-gallery-grid\"><li class=\"blocks-gallery-item\"><figure><a href=\"http:\/\/etival.fr\/wp-content\/uploads\/2021\/03\/1er-prix-614x1024.jpg\"><img loading=\"lazy\" decoding=\"async\" width=\"614\" height=\"1024\" src=\"http:\/\/etival.fr\/wp-content\/uploads\/2021\/03\/1er-prix-614x1024.jpg\" alt=\"\" data-id=\"9115\" class=\"wp-image-9115\" srcset=\"https:\/\/etival.fr\/wp-content\/uploads\/2021\/03\/1er-prix-614x1024.jpg 614w, https:\/\/etival.fr\/wp-content\/uploads\/2021\/03\/1er-prix-180x300.jpg 180w, https:\/\/etival.fr\/wp-content\/uploads\/2021\/03\/1er-prix-768x1280.jpg 768w, https:\/\/etival.fr\/wp-content\/uploads\/2021\/03\/1er-prix-921x1536.jpg 921w, https:\/\/etival.fr\/wp-content\/uploads\/2021\/03\/1er-prix-624x1040.jpg 624w, https:\/\/etival.fr\/wp-content\/uploads\/2021\/03\/1er-prix.jpg 1000w\" sizes=\"auto, (max-width: 614px) 100vw, 614px\" \/><\/a><\/figure><\/li><li class=\"blocks-gallery-item\"><figure><a href=\"http:\/\/etival.fr\/wp-content\/uploads\/2021\/03\/10.jpg\"><img loading=\"lazy\" decoding=\"async\" width=\"683\" height=\"1024\" src=\"http:\/\/etival.fr\/wp-content\/uploads\/2021\/03\/10-683x1024.jpg\" alt=\"\" data-id=\"9116\" data-full-url=\"http:\/\/etival.fr\/wp-content\/uploads\/2021\/03\/10.jpg\" data-link=\"http:\/\/etival.fr\/?attachment_id=9116\" class=\"wp-image-9116\" srcset=\"https:\/\/etival.fr\/wp-content\/uploads\/2021\/03\/10-683x1024.jpg 683w, https:\/\/etival.fr\/wp-content\/uploads\/2021\/03\/10-200x300.jpg 200w, https:\/\/etival.fr\/wp-content\/uploads\/2021\/03\/10-768x1152.jpg 768w, https:\/\/etival.fr\/wp-content\/uploads\/2021\/03\/10-624x936.jpg 624w, https:\/\/etival.fr\/wp-content\/uploads\/2021\/03\/10.jpg 1000w\" sizes=\"auto, (max-width: 683px) 100vw, 683px\" \/><\/a><\/figure><\/li><\/ul><\/figure>\n\n\n\n<p><br><strong>2<sup>\u00e8me <\/sup>prix\u00a0:<\/strong> Colette Balthazar (bon cadeau \u00e0 valoir au Proxi)<\/p>\n\n\n\n<figure class=\"wp-block-gallery columns-2 is-cropped wp-block-gallery-2 is-layout-flex wp-block-gallery-is-layout-flex\"><ul class=\"blocks-gallery-grid\"><li class=\"blocks-gallery-item\"><figure><a href=\"http:\/\/etival.fr\/wp-content\/uploads\/2021\/03\/2-prix-914x1024.jpg\"><img loading=\"lazy\" decoding=\"async\" width=\"914\" height=\"1024\" src=\"http:\/\/etival.fr\/wp-content\/uploads\/2021\/03\/2-prix-914x1024.jpg\" alt=\"\" data-id=\"9117\" data-link=\"http:\/\/etival.fr\/?attachment_id=9117\" class=\"wp-image-9117\" srcset=\"https:\/\/etival.fr\/wp-content\/uploads\/2021\/03\/2-prix-914x1024.jpg 914w, https:\/\/etival.fr\/wp-content\/uploads\/2021\/03\/2-prix-268x300.jpg 268w, https:\/\/etival.fr\/wp-content\/uploads\/2021\/03\/2-prix-768x860.jpg 768w, https:\/\/etival.fr\/wp-content\/uploads\/2021\/03\/2-prix-624x699.jpg 624w, https:\/\/etival.fr\/wp-content\/uploads\/2021\/03\/2-prix.jpg 1000w\" sizes=\"auto, (max-width: 914px) 100vw, 914px\" \/><\/a><\/figure><\/li><li class=\"blocks-gallery-item\"><figure><a href=\"http:\/\/etival.fr\/wp-content\/uploads\/2021\/03\/7.jpg\"><img loading=\"lazy\" decoding=\"async\" width=\"1000\" height=\"563\" src=\"http:\/\/etival.fr\/wp-content\/uploads\/2021\/03\/7.jpg\" alt=\"\" data-id=\"9118\" data-full-url=\"http:\/\/etival.fr\/wp-content\/uploads\/2021\/03\/7.jpg\" data-link=\"http:\/\/etival.fr\/?attachment_id=9118\" class=\"wp-image-9118\" srcset=\"https:\/\/etival.fr\/wp-content\/uploads\/2021\/03\/7.jpg 1000w, https:\/\/etival.fr\/wp-content\/uploads\/2021\/03\/7-300x169.jpg 300w, https:\/\/etival.fr\/wp-content\/uploads\/2021\/03\/7-768x432.jpg 768w, https:\/\/etival.fr\/wp-content\/uploads\/2021\/03\/7-624x351.jpg 624w\" sizes=\"auto, (max-width: 1000px) 100vw, 1000px\" \/><\/a><\/figure><\/li><\/ul><\/figure>\n\n\n\n<p><br><strong>3<sup>\u00e8me <\/sup>prix\u00a0:<\/strong> Bernadette de Blic (bon cadeau \u00e0 valoir au Val Fleuri)<\/p>\n\n\n\n<figure class=\"wp-block-gallery columns-2 is-cropped wp-block-gallery-3 is-layout-flex wp-block-gallery-is-layout-flex\"><ul class=\"blocks-gallery-grid\"><li class=\"blocks-gallery-item\"><figure><a href=\"http:\/\/etival.fr\/wp-content\/uploads\/2021\/03\/3-prix-568x1024.jpg\"><img loading=\"lazy\" decoding=\"async\" width=\"568\" height=\"1024\" src=\"http:\/\/etival.fr\/wp-content\/uploads\/2021\/03\/3-prix-568x1024.jpg\" alt=\"\" data-id=\"9119\" data-link=\"http:\/\/etival.fr\/?attachment_id=9119\" class=\"wp-image-9119\" srcset=\"https:\/\/etival.fr\/wp-content\/uploads\/2021\/03\/3-prix-568x1024.jpg 568w, https:\/\/etival.fr\/wp-content\/uploads\/2021\/03\/3-prix-166x300.jpg 166w, https:\/\/etival.fr\/wp-content\/uploads\/2021\/03\/3-prix-768x1384.jpg 768w, https:\/\/etival.fr\/wp-content\/uploads\/2021\/03\/3-prix-852x1536.jpg 852w, https:\/\/etival.fr\/wp-content\/uploads\/2021\/03\/3-prix-624x1124.jpg 624w, https:\/\/etival.fr\/wp-content\/uploads\/2021\/03\/3-prix.jpg 1000w\" sizes=\"auto, (max-width: 568px) 100vw, 568px\" \/><\/a><\/figure><\/li><li class=\"blocks-gallery-item\"><figure><a href=\"http:\/\/etival.fr\/wp-content\/uploads\/2021\/03\/4.jpg\"><img loading=\"lazy\" decoding=\"async\" width=\"1000\" height=\"1778\" src=\"http:\/\/etival.fr\/wp-content\/uploads\/2021\/03\/4-576x1024.jpg\" alt=\"\" data-id=\"9120\" data-full-url=\"http:\/\/etival.fr\/wp-content\/uploads\/2021\/03\/4.jpg\" data-link=\"http:\/\/etival.fr\/?attachment_id=9120\" class=\"wp-image-9120\" srcset=\"https:\/\/etival.fr\/wp-content\/uploads\/2021\/03\/4-576x1024.jpg 576w, https:\/\/etival.fr\/wp-content\/uploads\/2021\/03\/4-169x300.jpg 169w, https:\/\/etival.fr\/wp-content\/uploads\/2021\/03\/4-768x1366.jpg 768w, https:\/\/etival.fr\/wp-content\/uploads\/2021\/03\/4-864x1536.jpg 864w, https:\/\/etival.fr\/wp-content\/uploads\/2021\/03\/4-624x1109.jpg 624w, https:\/\/etival.fr\/wp-content\/uploads\/2021\/03\/4.jpg 1000w\" sizes=\"auto, (max-width: 1000px) 100vw, 1000px\" \/><\/a><\/figure><\/li><\/ul><\/figure>\n\n\n\n<p><br><strong>4<sup>\u00e8me <\/sup>prix\u00a0: <\/strong>Julien Masson (bon cadeau \u00e0 valoir chez Kuky))<\/p>\n\n\n\n<figure class=\"wp-block-gallery columns-2 is-cropped wp-block-gallery-4 is-layout-flex wp-block-gallery-is-layout-flex\"><ul class=\"blocks-gallery-grid\"><li class=\"blocks-gallery-item\"><figure><a href=\"http:\/\/etival.fr\/wp-content\/uploads\/2021\/03\/4-prix-742x1024.jpg\"><img loading=\"lazy\" decoding=\"async\" width=\"742\" height=\"1024\" src=\"http:\/\/etival.fr\/wp-content\/uploads\/2021\/03\/4-prix-742x1024.jpg\" alt=\"\" data-id=\"9121\" data-link=\"http:\/\/etival.fr\/?attachment_id=9121\" class=\"wp-image-9121\" srcset=\"https:\/\/etival.fr\/wp-content\/uploads\/2021\/03\/4-prix-742x1024.jpg 742w, https:\/\/etival.fr\/wp-content\/uploads\/2021\/03\/4-prix-217x300.jpg 217w, https:\/\/etival.fr\/wp-content\/uploads\/2021\/03\/4-prix-768x1060.jpg 768w, https:\/\/etival.fr\/wp-content\/uploads\/2021\/03\/4-prix-624x861.jpg 624w, https:\/\/etival.fr\/wp-content\/uploads\/2021\/03\/4-prix.jpg 1000w\" sizes=\"auto, (max-width: 742px) 100vw, 742px\" \/><\/a><\/figure><\/li><li class=\"blocks-gallery-item\"><figure><a href=\"http:\/\/etival.fr\/wp-content\/uploads\/2021\/03\/2.jpg\"><img loading=\"lazy\" decoding=\"async\" width=\"1000\" height=\"750\" src=\"http:\/\/etival.fr\/wp-content\/uploads\/2021\/03\/2.jpg\" alt=\"\" data-id=\"9122\" data-full-url=\"http:\/\/etival.fr\/wp-content\/uploads\/2021\/03\/2.jpg\" data-link=\"http:\/\/etival.fr\/?attachment_id=9122\" class=\"wp-image-9122\" srcset=\"https:\/\/etival.fr\/wp-content\/uploads\/2021\/03\/2.jpg 1000w, https:\/\/etival.fr\/wp-content\/uploads\/2021\/03\/2-300x225.jpg 300w, https:\/\/etival.fr\/wp-content\/uploads\/2021\/03\/2-768x576.jpg 768w, https:\/\/etival.fr\/wp-content\/uploads\/2021\/03\/2-624x468.jpg 624w\" sizes=\"auto, (max-width: 1000px) 100vw, 1000px\" \/><\/a><\/figure><\/li><\/ul><\/figure>\n\n\n\n<p class=\"has-large-font-size\">Merci \u00e0 tous les participants<\/p>\n","protected":false},"excerpt":{"rendered":"<p>\u00c0&nbsp;la Mairie, samedi 13 mars, a eu lieu la remise des prix du premier concours photos. Le palmar\u00e8s\u00a0: 1er prix\u00a0: Camille Maldonado (bon cadeau \u00e0 valoir \u00e0 la Dolce Vita) 2\u00e8me prix\u00a0: Colette Balthazar (bon cadeau \u00e0 valoir au Proxi) 3\u00e8me prix\u00a0: Bernadette de Blic (bon cadeau \u00e0 valoir au Val Fleuri) 4\u00e8me prix\u00a0: Julien [&hellip;]<\/p>\n","protected":false},"author":2,"featured_media":0,"comment_status":"closed","ping_status":"open","sticky":false,"template":"","format":"standard","meta":{"footnotes":""},"categories":[1],"tags":[],"class_list":["post-9114","post","type-post","status-publish","format-standard","hentry","category-non-classe"],"yoast_head":"<!-- This site is optimized with the Yoast SEO plugin v26.8 - https:\/\/yoast.com\/product\/yoast-seo-wordpress\/ -->\n<title>Remise des prix du premier concours photos - Etival-Clairefontaine<\/title>\n<meta name=\"robots\" content=\"index, follow, max-snippet:-1, max-image-preview:large, max-video-preview:-1\" \/>\n<link rel=\"canonical\" href=\"https:\/\/etival.fr\/?p=9114\" \/>\n<meta property=\"og:locale\" content=\"fr_FR\" \/>\n<meta property=\"og:type\" content=\"article\" \/>\n<meta property=\"og:title\" content=\"Remise des prix du premier concours photos - Etival-Clairefontaine\" \/>\n<meta property=\"og:description\" content=\"\u00c0&nbsp;la Mairie, samedi 13 mars, a eu lieu la remise des prix du premier concours photos. Le palmar\u00e8s\u00a0: 1er prix\u00a0: Camille Maldonado (bon cadeau \u00e0 valoir \u00e0 la Dolce Vita) 2\u00e8me prix\u00a0: Colette Balthazar (bon cadeau \u00e0 valoir au Proxi) 3\u00e8me prix\u00a0: Bernadette de Blic (bon cadeau \u00e0 valoir au Val Fleuri) 4\u00e8me prix\u00a0: Julien [&hellip;]\" \/>\n<meta property=\"og:url\" content=\"https:\/\/etival.fr\/?p=9114\" \/>\n<meta property=\"og:site_name\" content=\"Etival-Clairefontaine\" \/>\n<meta property=\"article:published_time\" content=\"2021-03-15T08:24:11+00:00\" \/>\n<meta property=\"article:modified_time\" content=\"2021-03-15T08:24:13+00:00\" \/>\n<meta property=\"og:image\" content=\"http:\/\/etival.fr\/wp-content\/uploads\/2021\/03\/1er-prix-614x1024.jpg\" \/>\n<meta name=\"author\" content=\"Catherine\" \/>\n<meta name=\"twitter:card\" content=\"summary_large_image\" \/>\n<meta name=\"twitter:label1\" content=\"\u00c9crit par\" \/>\n\t<meta name=\"twitter:data1\" content=\"Catherine\" \/>\n\t<meta name=\"twitter:label2\" content=\"Dur\u00e9e de lecture estim\u00e9e\" \/>\n\t<meta name=\"twitter:data2\" content=\"2 minutes\" \/>\n<script type=\"application\/ld+json\" class=\"yoast-schema-graph\">{\"@context\":\"https:\/\/schema.org\",\"@graph\":[{\"@type\":\"Article\",\"@id\":\"https:\/\/etival.fr\/?p=9114#article\",\"isPartOf\":{\"@id\":\"https:\/\/etival.fr\/?p=9114\"},\"author\":{\"name\":\"Catherine\",\"@id\":\"https:\/\/etival.fr\/#\/schema\/person\/966767531f422984430588510b8d4c3f\"},\"headline\":\"Remise des prix du premier concours photos\",\"datePublished\":\"2021-03-15T08:24:11+00:00\",\"dateModified\":\"2021-03-15T08:24:13+00:00\",\"mainEntityOfPage\":{\"@id\":\"https:\/\/etival.fr\/?p=9114\"},\"wordCount\":69,\"image\":{\"@id\":\"https:\/\/etival.fr\/?p=9114#primaryimage\"},\"thumbnailUrl\":\"http:\/\/etival.fr\/wp-content\/uploads\/2021\/03\/1er-prix-614x1024.jpg\",\"inLanguage\":\"fr-FR\"},{\"@type\":\"WebPage\",\"@id\":\"https:\/\/etival.fr\/?p=9114\",\"url\":\"https:\/\/etival.fr\/?p=9114\",\"name\":\"Remise des prix du premier concours photos - Etival-Clairefontaine\",\"isPartOf\":{\"@id\":\"https:\/\/etival.fr\/#website\"},\"primaryImageOfPage\":{\"@id\":\"https:\/\/etival.fr\/?p=9114#primaryimage\"},\"image\":{\"@id\":\"https:\/\/etival.fr\/?p=9114#primaryimage\"},\"thumbnailUrl\":\"http:\/\/etival.fr\/wp-content\/uploads\/2021\/03\/1er-prix-614x1024.jpg\",\"datePublished\":\"2021-03-15T08:24:11+00:00\",\"dateModified\":\"2021-03-15T08:24:13+00:00\",\"author\":{\"@id\":\"https:\/\/etival.fr\/#\/schema\/person\/966767531f422984430588510b8d4c3f\"},\"breadcrumb\":{\"@id\":\"https:\/\/etival.fr\/?p=9114#breadcrumb\"},\"inLanguage\":\"fr-FR\",\"potentialAction\":[{\"@type\":\"ReadAction\",\"target\":[\"https:\/\/etival.fr\/?p=9114\"]}]},{\"@type\":\"ImageObject\",\"inLanguage\":\"fr-FR\",\"@id\":\"https:\/\/etival.fr\/?p=9114#primaryimage\",\"url\":\"http:\/\/etival.fr\/wp-content\/uploads\/2021\/03\/1er-prix-614x1024.jpg\",\"contentUrl\":\"http:\/\/etival.fr\/wp-content\/uploads\/2021\/03\/1er-prix-614x1024.jpg\"},{\"@type\":\"BreadcrumbList\",\"@id\":\"https:\/\/etival.fr\/?p=9114#breadcrumb\",\"itemListElement\":[{\"@type\":\"ListItem\",\"position\":1,\"name\":\"Accueil\",\"item\":\"https:\/\/etival.fr\/\"},{\"@type\":\"ListItem\",\"position\":2,\"name\":\"Remise des prix du premier concours photos\"}]},{\"@type\":\"WebSite\",\"@id\":\"https:\/\/etival.fr\/#website\",\"url\":\"https:\/\/etival.fr\/\",\"name\":\"Etival-Clairefontaine\",\"description\":\"Informations et actualit\u00e9s de la commune\",\"potentialAction\":[{\"@type\":\"SearchAction\",\"target\":{\"@type\":\"EntryPoint\",\"urlTemplate\":\"https:\/\/etival.fr\/?s={search_term_string}\"},\"query-input\":{\"@type\":\"PropertyValueSpecification\",\"valueRequired\":true,\"valueName\":\"search_term_string\"}}],\"inLanguage\":\"fr-FR\"},{\"@type\":\"Person\",\"@id\":\"https:\/\/etival.fr\/#\/schema\/person\/966767531f422984430588510b8d4c3f\",\"name\":\"Catherine\",\"image\":{\"@type\":\"ImageObject\",\"inLanguage\":\"fr-FR\",\"@id\":\"https:\/\/etival.fr\/#\/schema\/person\/image\/\",\"url\":\"https:\/\/secure.gravatar.com\/avatar\/b99eff3bf59bd614e6c532df451dc649?s=96&d=mm&r=g\",\"contentUrl\":\"https:\/\/secure.gravatar.com\/avatar\/b99eff3bf59bd614e6c532df451dc649?s=96&d=mm&r=g\",\"caption\":\"Catherine\"},\"url\":\"https:\/\/etival.fr\/?author=2\"}]}<\/script>\n<!-- \/ Yoast SEO plugin. -->","yoast_head_json":{"title":"Remise des prix du premier concours photos - Etival-Clairefontaine","robots":{"index":"index","follow":"follow","max-snippet":"max-snippet:-1","max-image-preview":"max-image-preview:large","max-video-preview":"max-video-preview:-1"},"canonical":"https:\/\/etival.fr\/?p=9114","og_locale":"fr_FR","og_type":"article","og_title":"Remise des prix du premier concours photos - Etival-Clairefontaine","og_description":"\u00c0&nbsp;la Mairie, samedi 13 mars, a eu lieu la remise des prix du premier concours photos. Le palmar\u00e8s\u00a0: 1er prix\u00a0: Camille Maldonado (bon cadeau \u00e0 valoir \u00e0 la Dolce Vita) 2\u00e8me prix\u00a0: Colette Balthazar (bon cadeau \u00e0 valoir au Proxi) 3\u00e8me prix\u00a0: Bernadette de Blic (bon cadeau \u00e0 valoir au Val Fleuri) 4\u00e8me prix\u00a0: Julien [&hellip;]","og_url":"https:\/\/etival.fr\/?p=9114","og_site_name":"Etival-Clairefontaine","article_published_time":"2021-03-15T08:24:11+00:00","article_modified_time":"2021-03-15T08:24:13+00:00","og_image":[{"url":"http:\/\/etival.fr\/wp-content\/uploads\/2021\/03\/1er-prix-614x1024.jpg","type":"","width":"","height":""}],"author":"Catherine","twitter_card":"summary_large_image","twitter_misc":{"\u00c9crit par":"Catherine","Dur\u00e9e de lecture estim\u00e9e":"2 minutes"},"schema":{"@context":"https:\/\/schema.org","@graph":[{"@type":"Article","@id":"https:\/\/etival.fr\/?p=9114#article","isPartOf":{"@id":"https:\/\/etival.fr\/?p=9114"},"author":{"name":"Catherine","@id":"https:\/\/etival.fr\/#\/schema\/person\/966767531f422984430588510b8d4c3f"},"headline":"Remise des prix du premier concours photos","datePublished":"2021-03-15T08:24:11+00:00","dateModified":"2021-03-15T08:24:13+00:00","mainEntityOfPage":{"@id":"https:\/\/etival.fr\/?p=9114"},"wordCount":69,"image":{"@id":"https:\/\/etival.fr\/?p=9114#primaryimage"},"thumbnailUrl":"http:\/\/etival.fr\/wp-content\/uploads\/2021\/03\/1er-prix-614x1024.jpg","inLanguage":"fr-FR"},{"@type":"WebPage","@id":"https:\/\/etival.fr\/?p=9114","url":"https:\/\/etival.fr\/?p=9114","name":"Remise des prix du premier concours photos - Etival-Clairefontaine","isPartOf":{"@id":"https:\/\/etival.fr\/#website"},"primaryImageOfPage":{"@id":"https:\/\/etival.fr\/?p=9114#primaryimage"},"image":{"@id":"https:\/\/etival.fr\/?p=9114#primaryimage"},"thumbnailUrl":"http:\/\/etival.fr\/wp-content\/uploads\/2021\/03\/1er-prix-614x1024.jpg","datePublished":"2021-03-15T08:24:11+00:00","dateModified":"2021-03-15T08:24:13+00:00","author":{"@id":"https:\/\/etival.fr\/#\/schema\/person\/966767531f422984430588510b8d4c3f"},"breadcrumb":{"@id":"https:\/\/etival.fr\/?p=9114#breadcrumb"},"inLanguage":"fr-FR","potentialAction":[{"@type":"ReadAction","target":["https:\/\/etival.fr\/?p=9114"]}]},{"@type":"ImageObject","inLanguage":"fr-FR","@id":"https:\/\/etival.fr\/?p=9114#primaryimage","url":"http:\/\/etival.fr\/wp-content\/uploads\/2021\/03\/1er-prix-614x1024.jpg","contentUrl":"http:\/\/etival.fr\/wp-content\/uploads\/2021\/03\/1er-prix-614x1024.jpg"},{"@type":"BreadcrumbList","@id":"https:\/\/etival.fr\/?p=9114#breadcrumb","itemListElement":[{"@type":"ListItem","position":1,"name":"Accueil","item":"https:\/\/etival.fr\/"},{"@type":"ListItem","position":2,"name":"Remise des prix du premier concours photos"}]},{"@type":"WebSite","@id":"https:\/\/etival.fr\/#website","url":"https:\/\/etival.fr\/","name":"Etival-Clairefontaine","description":"Informations et actualit\u00e9s de la commune","potentialAction":[{"@type":"SearchAction","target":{"@type":"EntryPoint","urlTemplate":"https:\/\/etival.fr\/?s={search_term_string}"},"query-input":{"@type":"PropertyValueSpecification","valueRequired":true,"valueName":"search_term_string"}}],"inLanguage":"fr-FR"},{"@type":"Person","@id":"https:\/\/etival.fr\/#\/schema\/person\/966767531f422984430588510b8d4c3f","name":"Catherine","image":{"@type":"ImageObject","inLanguage":"fr-FR","@id":"https:\/\/etival.fr\/#\/schema\/person\/image\/","url":"https:\/\/secure.gravatar.com\/avatar\/b99eff3bf59bd614e6c532df451dc649?s=96&d=mm&r=g","contentUrl":"https:\/\/secure.gravatar.com\/avatar\/b99eff3bf59bd614e6c532df451dc649?s=96&d=mm&r=g","caption":"Catherine"},"url":"https:\/\/etival.fr\/?author=2"}]}},"_links":{"self":[{"href":"https:\/\/etival.fr\/index.php?rest_route=\/wp\/v2\/posts\/9114","targetHints":{"allow":["GET"]}}],"collection":[{"href":"https:\/\/etival.fr\/index.php?rest_route=\/wp\/v2\/posts"}],"about":[{"href":"https:\/\/etival.fr\/index.php?rest_route=\/wp\/v2\/types\/post"}],"author":[{"embeddable":true,"href":"https:\/\/etival.fr\/index.php?rest_route=\/wp\/v2\/users\/2"}],"replies":[{"embeddable":true,"href":"https:\/\/etival.fr\/index.php?rest_route=%2Fwp%2Fv2%2Fcomments&post=9114"}],"version-history":[{"count":1,"href":"https:\/\/etival.fr\/index.php?rest_route=\/wp\/v2\/posts\/9114\/revisions"}],"predecessor-version":[{"id":9123,"href":"https:\/\/etival.fr\/index.php?rest_route=\/wp\/v2\/posts\/9114\/revisions\/9123"}],"wp:attachment":[{"href":"https:\/\/etival.fr\/index.php?rest_route=%2Fwp%2Fv2%2Fmedia&parent=9114"}],"wp:term":[{"taxonomy":"category","embeddable":true,"href":"https:\/\/etival.fr\/index.php?rest_route=%2Fwp%2Fv2%2Fcategories&post=9114"},{"taxonomy":"post_tag","embeddable":true,"href":"https:\/\/etival.fr\/index.php?rest_route=%2Fwp%2Fv2%2Ftags&post=9114"}],"curies":[{"name":"wp","href":"https:\/\/api.w.org\/{rel}","templated":true}]}}