{"id":9139,"date":"2021-03-23T16:49:32","date_gmt":"2021-03-23T15:49:32","guid":{"rendered":"http:\/\/etival.fr\/?p=9139"},"modified":"2021-03-23T16:53:19","modified_gmt":"2021-03-23T15:53:19","slug":"vous-avez-du-terrain-et-vous-aimeriez-planter-des-arbres-fruitiers","status":"publish","type":"post","link":"https:\/\/etival.fr\/?p=9139","title":{"rendered":"Vous avez du terrain et vous aimeriez planter des arbres fruitiers ?"},"content":{"rendered":"\n<p>Le Conseil D\u00e9partement encourage financi\u00e8rement la plantation d\u2019arbres fruitiers.<\/p>\n\n\n\n<p><strong>D\u00e9marches \u00e0 effectuer<\/strong><\/p>\n\n\n\n<p>Vous devez adresser votre dossier de demande d\u2019aide complet aupr\u00e8s du Conseil D\u00e9partemental des Vosges <a href=\"https:\/\/vosges.fr\/Portals\/1\/xNews\/uploads\/2021\/2\/2\/2021-dde_aide_arbres_fruitiers.pdf\">(dossier \u00e0 t\u00e9l\u00e9charger ici)<\/a><\/p>\n\n\n\n<p>Cette aide est limit\u00e9e \u00e0 une demande par an.<br>L\u2019adresse mail de contact et de d\u00e9p\u00f4t de dossier :&nbsp;<a href=\"mailto:aidevergers@vosges.fr\">aidevergers@vosges.fr<\/a><\/p>\n\n\n\n<figure class=\"wp-block-image size-large is-resized\"><a href=\"http:\/\/etival.fr\/wp-content\/uploads\/2021\/03\/160913018_1317275901987623_5380677377060309644_n-4.jpg\"><img loading=\"lazy\" decoding=\"async\" src=\"http:\/\/etival.fr\/wp-content\/uploads\/2021\/03\/160913018_1317275901987623_5380677377060309644_n-4-715x1024.jpg\" alt=\"\" class=\"wp-image-9155\" width=\"387\" height=\"554\"\/><\/a><\/figure>\n","protected":false},"excerpt":{"rendered":"<p>Le Conseil D\u00e9partement encourage financi\u00e8rement la plantation d\u2019arbres fruitiers. D\u00e9marches \u00e0 effectuer Vous devez adresser votre dossier de demande d\u2019aide complet aupr\u00e8s du Conseil D\u00e9partemental des Vosges (dossier \u00e0 t\u00e9l\u00e9charger ici) Cette aide est limit\u00e9e \u00e0 une demande par an.L\u2019adresse mail de contact et de d\u00e9p\u00f4t de dossier :&nbsp;aidevergers@vosges.fr<\/p>\n","protected":false},"author":2,"featured_media":0,"comment_status":"closed","ping_status":"open","sticky":false,"template":"","format":"standard","meta":{"footnotes":""},"categories":[7],"tags":[],"class_list":["post-9139","post","type-post","status-publish","format-standard","hentry","category-divers"],"yoast_head":"<!-- This site is optimized with the Yoast SEO plugin v26.8 - https:\/\/yoast.com\/product\/yoast-seo-wordpress\/ -->\n<title>Vous avez du terrain et vous aimeriez planter des arbres fruitiers ? - Etival-Clairefontaine<\/title>\n<meta name=\"robots\" content=\"index, follow, max-snippet:-1, max-image-preview:large, max-video-preview:-1\" \/>\n<link rel=\"canonical\" href=\"https:\/\/etival.fr\/?p=9139\" \/>\n<meta property=\"og:locale\" content=\"fr_FR\" \/>\n<meta property=\"og:type\" content=\"article\" \/>\n<meta property=\"og:title\" content=\"Vous avez du terrain et vous aimeriez planter des arbres fruitiers ? - Etival-Clairefontaine\" \/>\n<meta property=\"og:description\" content=\"Le Conseil D\u00e9partement encourage financi\u00e8rement la plantation d\u2019arbres fruitiers. D\u00e9marches \u00e0 effectuer Vous devez adresser votre dossier de demande d\u2019aide complet aupr\u00e8s du Conseil D\u00e9partemental des Vosges (dossier \u00e0 t\u00e9l\u00e9charger ici) Cette aide est limit\u00e9e \u00e0 une demande par an.L\u2019adresse mail de contact et de d\u00e9p\u00f4t de dossier :&nbsp;aidevergers@vosges.fr\" \/>\n<meta property=\"og:url\" content=\"https:\/\/etival.fr\/?p=9139\" \/>\n<meta property=\"og:site_name\" content=\"Etival-Clairefontaine\" \/>\n<meta property=\"article:published_time\" content=\"2021-03-23T15:49:32+00:00\" \/>\n<meta property=\"article:modified_time\" content=\"2021-03-23T15:53:19+00:00\" \/>\n<meta property=\"og:image\" content=\"http:\/\/etival.fr\/wp-content\/uploads\/2021\/03\/160913018_1317275901987623_5380677377060309644_n-4-715x1024.jpg\" \/>\n<meta name=\"author\" content=\"Catherine\" \/>\n<meta name=\"twitter:card\" content=\"summary_large_image\" \/>\n<meta name=\"twitter:label1\" content=\"\u00c9crit par\" \/>\n\t<meta name=\"twitter:data1\" content=\"Catherine\" \/>\n\t<meta name=\"twitter:label2\" content=\"Dur\u00e9e de lecture estim\u00e9e\" \/>\n\t<meta name=\"twitter:data2\" content=\"1 minute\" \/>\n<script type=\"application\/ld+json\" class=\"yoast-schema-graph\">{\"@context\":\"https:\/\/schema.org\",\"@graph\":[{\"@type\":\"Article\",\"@id\":\"https:\/\/etival.fr\/?p=9139#article\",\"isPartOf\":{\"@id\":\"https:\/\/etival.fr\/?p=9139\"},\"author\":{\"name\":\"Catherine\",\"@id\":\"https:\/\/etival.fr\/#\/schema\/person\/966767531f422984430588510b8d4c3f\"},\"headline\":\"Vous avez du terrain et vous aimeriez planter des arbres fruitiers ?\",\"datePublished\":\"2021-03-23T15:49:32+00:00\",\"dateModified\":\"2021-03-23T15:53:19+00:00\",\"mainEntityOfPage\":{\"@id\":\"https:\/\/etival.fr\/?p=9139\"},\"wordCount\":74,\"image\":{\"@id\":\"https:\/\/etival.fr\/?p=9139#primaryimage\"},\"thumbnailUrl\":\"http:\/\/etival.fr\/wp-content\/uploads\/2021\/03\/160913018_1317275901987623_5380677377060309644_n-4-715x1024.jpg\",\"articleSection\":[\"Divers\"],\"inLanguage\":\"fr-FR\"},{\"@type\":\"WebPage\",\"@id\":\"https:\/\/etival.fr\/?p=9139\",\"url\":\"https:\/\/etival.fr\/?p=9139\",\"name\":\"Vous avez du terrain et vous aimeriez planter des arbres fruitiers ? - Etival-Clairefontaine\",\"isPartOf\":{\"@id\":\"https:\/\/etival.fr\/#website\"},\"primaryImageOfPage\":{\"@id\":\"https:\/\/etival.fr\/?p=9139#primaryimage\"},\"image\":{\"@id\":\"https:\/\/etival.fr\/?p=9139#primaryimage\"},\"thumbnailUrl\":\"http:\/\/etival.fr\/wp-content\/uploads\/2021\/03\/160913018_1317275901987623_5380677377060309644_n-4-715x1024.jpg\",\"datePublished\":\"2021-03-23T15:49:32+00:00\",\"dateModified\":\"2021-03-23T15:53:19+00:00\",\"author\":{\"@id\":\"https:\/\/etival.fr\/#\/schema\/person\/966767531f422984430588510b8d4c3f\"},\"breadcrumb\":{\"@id\":\"https:\/\/etival.fr\/?p=9139#breadcrumb\"},\"inLanguage\":\"fr-FR\",\"potentialAction\":[{\"@type\":\"ReadAction\",\"target\":[\"https:\/\/etival.fr\/?p=9139\"]}]},{\"@type\":\"ImageObject\",\"inLanguage\":\"fr-FR\",\"@id\":\"https:\/\/etival.fr\/?p=9139#primaryimage\",\"url\":\"http:\/\/etival.fr\/wp-content\/uploads\/2021\/03\/160913018_1317275901987623_5380677377060309644_n-4-715x1024.jpg\",\"contentUrl\":\"http:\/\/etival.fr\/wp-content\/uploads\/2021\/03\/160913018_1317275901987623_5380677377060309644_n-4-715x1024.jpg\"},{\"@type\":\"BreadcrumbList\",\"@id\":\"https:\/\/etival.fr\/?p=9139#breadcrumb\",\"itemListElement\":[{\"@type\":\"ListItem\",\"position\":1,\"name\":\"Accueil\",\"item\":\"https:\/\/etival.fr\/\"},{\"@type\":\"ListItem\",\"position\":2,\"name\":\"Vous avez du terrain et vous aimeriez planter des arbres fruitiers ?\"}]},{\"@type\":\"WebSite\",\"@id\":\"https:\/\/etival.fr\/#website\",\"url\":\"https:\/\/etival.fr\/\",\"name\":\"Etival-Clairefontaine\",\"description\":\"Informations et actualit\u00e9s de la commune\",\"potentialAction\":[{\"@type\":\"SearchAction\",\"target\":{\"@type\":\"EntryPoint\",\"urlTemplate\":\"https:\/\/etival.fr\/?s={search_term_string}\"},\"query-input\":{\"@type\":\"PropertyValueSpecification\",\"valueRequired\":true,\"valueName\":\"search_term_string\"}}],\"inLanguage\":\"fr-FR\"},{\"@type\":\"Person\",\"@id\":\"https:\/\/etival.fr\/#\/schema\/person\/966767531f422984430588510b8d4c3f\",\"name\":\"Catherine\",\"image\":{\"@type\":\"ImageObject\",\"inLanguage\":\"fr-FR\",\"@id\":\"https:\/\/etival.fr\/#\/schema\/person\/image\/\",\"url\":\"https:\/\/secure.gravatar.com\/avatar\/b99eff3bf59bd614e6c532df451dc649?s=96&d=mm&r=g\",\"contentUrl\":\"https:\/\/secure.gravatar.com\/avatar\/b99eff3bf59bd614e6c532df451dc649?s=96&d=mm&r=g\",\"caption\":\"Catherine\"},\"url\":\"https:\/\/etival.fr\/?author=2\"}]}<\/script>\n<!-- \/ Yoast SEO plugin. -->","yoast_head_json":{"title":"Vous avez du terrain et vous aimeriez planter des arbres fruitiers ? - Etival-Clairefontaine","robots":{"index":"index","follow":"follow","max-snippet":"max-snippet:-1","max-image-preview":"max-image-preview:large","max-video-preview":"max-video-preview:-1"},"canonical":"https:\/\/etival.fr\/?p=9139","og_locale":"fr_FR","og_type":"article","og_title":"Vous avez du terrain et vous aimeriez planter des arbres fruitiers ? - Etival-Clairefontaine","og_description":"Le Conseil D\u00e9partement encourage financi\u00e8rement la plantation d\u2019arbres fruitiers. D\u00e9marches \u00e0 effectuer Vous devez adresser votre dossier de demande d\u2019aide complet aupr\u00e8s du Conseil D\u00e9partemental des Vosges (dossier \u00e0 t\u00e9l\u00e9charger ici) Cette aide est limit\u00e9e \u00e0 une demande par an.L\u2019adresse mail de contact et de d\u00e9p\u00f4t de dossier :&nbsp;aidevergers@vosges.fr","og_url":"https:\/\/etival.fr\/?p=9139","og_site_name":"Etival-Clairefontaine","article_published_time":"2021-03-23T15:49:32+00:00","article_modified_time":"2021-03-23T15:53:19+00:00","og_image":[{"url":"http:\/\/etival.fr\/wp-content\/uploads\/2021\/03\/160913018_1317275901987623_5380677377060309644_n-4-715x1024.jpg","type":"","width":"","height":""}],"author":"Catherine","twitter_card":"summary_large_image","twitter_misc":{"\u00c9crit par":"Catherine","Dur\u00e9e de lecture estim\u00e9e":"1 minute"},"schema":{"@context":"https:\/\/schema.org","@graph":[{"@type":"Article","@id":"https:\/\/etival.fr\/?p=9139#article","isPartOf":{"@id":"https:\/\/etival.fr\/?p=9139"},"author":{"name":"Catherine","@id":"https:\/\/etival.fr\/#\/schema\/person\/966767531f422984430588510b8d4c3f"},"headline":"Vous avez du terrain et vous aimeriez planter des arbres fruitiers ?","datePublished":"2021-03-23T15:49:32+00:00","dateModified":"2021-03-23T15:53:19+00:00","mainEntityOfPage":{"@id":"https:\/\/etival.fr\/?p=9139"},"wordCount":74,"image":{"@id":"https:\/\/etival.fr\/?p=9139#primaryimage"},"thumbnailUrl":"http:\/\/etival.fr\/wp-content\/uploads\/2021\/03\/160913018_1317275901987623_5380677377060309644_n-4-715x1024.jpg","articleSection":["Divers"],"inLanguage":"fr-FR"},{"@type":"WebPage","@id":"https:\/\/etival.fr\/?p=9139","url":"https:\/\/etival.fr\/?p=9139","name":"Vous avez du terrain et vous aimeriez planter des arbres fruitiers ? - Etival-Clairefontaine","isPartOf":{"@id":"https:\/\/etival.fr\/#website"},"primaryImageOfPage":{"@id":"https:\/\/etival.fr\/?p=9139#primaryimage"},"image":{"@id":"https:\/\/etival.fr\/?p=9139#primaryimage"},"thumbnailUrl":"http:\/\/etival.fr\/wp-content\/uploads\/2021\/03\/160913018_1317275901987623_5380677377060309644_n-4-715x1024.jpg","datePublished":"2021-03-23T15:49:32+00:00","dateModified":"2021-03-23T15:53:19+00:00","author":{"@id":"https:\/\/etival.fr\/#\/schema\/person\/966767531f422984430588510b8d4c3f"},"breadcrumb":{"@id":"https:\/\/etival.fr\/?p=9139#breadcrumb"},"inLanguage":"fr-FR","potentialAction":[{"@type":"ReadAction","target":["https:\/\/etival.fr\/?p=9139"]}]},{"@type":"ImageObject","inLanguage":"fr-FR","@id":"https:\/\/etival.fr\/?p=9139#primaryimage","url":"http:\/\/etival.fr\/wp-content\/uploads\/2021\/03\/160913018_1317275901987623_5380677377060309644_n-4-715x1024.jpg","contentUrl":"http:\/\/etival.fr\/wp-content\/uploads\/2021\/03\/160913018_1317275901987623_5380677377060309644_n-4-715x1024.jpg"},{"@type":"BreadcrumbList","@id":"https:\/\/etival.fr\/?p=9139#breadcrumb","itemListElement":[{"@type":"ListItem","position":1,"name":"Accueil","item":"https:\/\/etival.fr\/"},{"@type":"ListItem","position":2,"name":"Vous avez du terrain et vous aimeriez planter des arbres fruitiers ?"}]},{"@type":"WebSite","@id":"https:\/\/etival.fr\/#website","url":"https:\/\/etival.fr\/","name":"Etival-Clairefontaine","description":"Informations et actualit\u00e9s de la commune","potentialAction":[{"@type":"SearchAction","target":{"@type":"EntryPoint","urlTemplate":"https:\/\/etival.fr\/?s={search_term_string}"},"query-input":{"@type":"PropertyValueSpecification","valueRequired":true,"valueName":"search_term_string"}}],"inLanguage":"fr-FR"},{"@type":"Person","@id":"https:\/\/etival.fr\/#\/schema\/person\/966767531f422984430588510b8d4c3f","name":"Catherine","image":{"@type":"ImageObject","inLanguage":"fr-FR","@id":"https:\/\/etival.fr\/#\/schema\/person\/image\/","url":"https:\/\/secure.gravatar.com\/avatar\/b99eff3bf59bd614e6c532df451dc649?s=96&d=mm&r=g","contentUrl":"https:\/\/secure.gravatar.com\/avatar\/b99eff3bf59bd614e6c532df451dc649?s=96&d=mm&r=g","caption":"Catherine"},"url":"https:\/\/etival.fr\/?author=2"}]}},"_links":{"self":[{"href":"https:\/\/etival.fr\/index.php?rest_route=\/wp\/v2\/posts\/9139","targetHints":{"allow":["GET"]}}],"collection":[{"href":"https:\/\/etival.fr\/index.php?rest_route=\/wp\/v2\/posts"}],"about":[{"href":"https:\/\/etival.fr\/index.php?rest_route=\/wp\/v2\/types\/post"}],"author":[{"embeddable":true,"href":"https:\/\/etival.fr\/index.php?rest_route=\/wp\/v2\/users\/2"}],"replies":[{"embeddable":true,"href":"https:\/\/etival.fr\/index.php?rest_route=%2Fwp%2Fv2%2Fcomments&post=9139"}],"version-history":[{"count":3,"href":"https:\/\/etival.fr\/index.php?rest_route=\/wp\/v2\/posts\/9139\/revisions"}],"predecessor-version":[{"id":9157,"href":"https:\/\/etival.fr\/index.php?rest_route=\/wp\/v2\/posts\/9139\/revisions\/9157"}],"wp:attachment":[{"href":"https:\/\/etival.fr\/index.php?rest_route=%2Fwp%2Fv2%2Fmedia&parent=9139"}],"wp:term":[{"taxonomy":"category","embeddable":true,"href":"https:\/\/etival.fr\/index.php?rest_route=%2Fwp%2Fv2%2Fcategories&post=9139"},{"taxonomy":"post_tag","embeddable":true,"href":"https:\/\/etival.fr\/index.php?rest_route=%2Fwp%2Fv2%2Ftags&post=9139"}],"curies":[{"name":"wp","href":"https:\/\/api.w.org\/{rel}","templated":true}]}}