{"id":9158,"date":"2022-03-22T08:00:00","date_gmt":"2022-03-22T07:00:00","guid":{"rendered":"http:\/\/etival.fr\/?p=9158"},"modified":"2022-03-30T10:25:26","modified_gmt":"2022-03-30T09:25:26","slug":"commande-groupee-de-fleurs-2021","status":"publish","type":"post","link":"https:\/\/etival.fr\/?p=9158","title":{"rendered":"Commande group\u00e9e de fleurs 2022"},"content":{"rendered":"\n<figure class=\"wp-block-image size-large\"><a href=\"http:\/\/etival.fr\/wp-content\/uploads\/2014\/09\/LOGO-CCAS.jpg\"><img loading=\"lazy\" decoding=\"async\" width=\"204\" height=\"103\" src=\"http:\/\/etival.fr\/wp-content\/uploads\/2014\/09\/LOGO-CCAS.jpg\" alt=\"\" class=\"wp-image-675\"\/><\/a><\/figure>\n\n\n\n<p>Le C.C.A.S vous propose un achat group\u00e9 de fleurs afin de vous faire b\u00e9n\u00e9ficier de prix int\u00e9ressants pour embellir votre habitation.<\/p>\n\n\n\n<p>Pour r\u00e9server vos plantes, nous vous demandons de bien vouloir remplir le bon de commande disponible en Mairie ou sur le site internet de la ville et de le d\u00e9poser en Mairie <strong>avant le vendredi 15 avril 2022.<\/strong><br><strong>Le retrait des plants aura lieu le jeudi 5 mai de 9h \u00e0 12h<\/strong> \u00e0 l\u2019ancien local T.M.F. &#8211; Avenue Charles de Gaulle.<\/p>\n\n\n\n<p>Aucune commande ne sera accept\u00e9e sans r\u00e8glement. Renseignements au 03.29.41.29.57. Cette commande group\u00e9e est r\u00e9serv\u00e9e aux Stivaliens.<\/p>\n\n\n\n<p>Formulaire t\u00e9l\u00e9chargeable <a href=\"http:\/\/etival.fr\/wp-content\/uploads\/2022\/03\/GROUPEMENT-DACHATS-DE-FLEURS-2022-1.pdf\">ICI<\/a><\/p>\n","protected":false},"excerpt":{"rendered":"<p>Le C.C.A.S vous propose un achat group\u00e9 de fleurs afin de vous faire b\u00e9n\u00e9ficier de prix int\u00e9ressants pour embellir votre habitation. Pour r\u00e9server vos plantes, nous vous demandons de bien vouloir remplir le bon de commande disponible en Mairie ou sur le site internet de la ville et de le d\u00e9poser en Mairie avant le [&hellip;]<\/p>\n","protected":false},"author":2,"featured_media":0,"comment_status":"closed","ping_status":"open","sticky":false,"template":"","format":"standard","meta":{"footnotes":""},"categories":[6],"tags":[],"class_list":["post-9158","post","type-post","status-publish","format-standard","hentry","category-informations-municipales"],"yoast_head":"<!-- This site is optimized with the Yoast SEO plugin v26.8 - https:\/\/yoast.com\/product\/yoast-seo-wordpress\/ -->\n<title>Commande group\u00e9e de fleurs 2022 - Etival-Clairefontaine<\/title>\n<meta name=\"robots\" content=\"index, follow, max-snippet:-1, max-image-preview:large, max-video-preview:-1\" \/>\n<link rel=\"canonical\" href=\"https:\/\/etival.fr\/?p=9158\" \/>\n<meta property=\"og:locale\" content=\"fr_FR\" \/>\n<meta property=\"og:type\" content=\"article\" \/>\n<meta property=\"og:title\" content=\"Commande group\u00e9e de fleurs 2022 - Etival-Clairefontaine\" \/>\n<meta property=\"og:description\" content=\"Le C.C.A.S vous propose un achat group\u00e9 de fleurs afin de vous faire b\u00e9n\u00e9ficier de prix int\u00e9ressants pour embellir votre habitation. Pour r\u00e9server vos plantes, nous vous demandons de bien vouloir remplir le bon de commande disponible en Mairie ou sur le site internet de la ville et de le d\u00e9poser en Mairie avant le [&hellip;]\" \/>\n<meta property=\"og:url\" content=\"https:\/\/etival.fr\/?p=9158\" \/>\n<meta property=\"og:site_name\" content=\"Etival-Clairefontaine\" \/>\n<meta property=\"article:published_time\" content=\"2022-03-22T07:00:00+00:00\" \/>\n<meta property=\"article:modified_time\" content=\"2022-03-30T09:25:26+00:00\" \/>\n<meta property=\"og:image\" content=\"http:\/\/etival.fr\/wp-content\/uploads\/2014\/09\/LOGO-CCAS.jpg\" \/>\n<meta name=\"author\" content=\"Catherine\" \/>\n<meta name=\"twitter:card\" content=\"summary_large_image\" \/>\n<meta name=\"twitter:label1\" content=\"\u00c9crit par\" \/>\n\t<meta name=\"twitter:data1\" content=\"Catherine\" \/>\n\t<meta name=\"twitter:label2\" content=\"Dur\u00e9e de lecture estim\u00e9e\" \/>\n\t<meta name=\"twitter:data2\" content=\"1 minute\" \/>\n<script type=\"application\/ld+json\" class=\"yoast-schema-graph\">{\"@context\":\"https:\/\/schema.org\",\"@graph\":[{\"@type\":\"Article\",\"@id\":\"https:\/\/etival.fr\/?p=9158#article\",\"isPartOf\":{\"@id\":\"https:\/\/etival.fr\/?p=9158\"},\"author\":{\"name\":\"Catherine\",\"@id\":\"https:\/\/etival.fr\/#\/schema\/person\/966767531f422984430588510b8d4c3f\"},\"headline\":\"Commande group\u00e9e de fleurs 2022\",\"datePublished\":\"2022-03-22T07:00:00+00:00\",\"dateModified\":\"2022-03-30T09:25:26+00:00\",\"mainEntityOfPage\":{\"@id\":\"https:\/\/etival.fr\/?p=9158\"},\"wordCount\":119,\"image\":{\"@id\":\"https:\/\/etival.fr\/?p=9158#primaryimage\"},\"thumbnailUrl\":\"http:\/\/etival.fr\/wp-content\/uploads\/2014\/09\/LOGO-CCAS.jpg\",\"articleSection\":[\"Informations Municipales\"],\"inLanguage\":\"fr-FR\"},{\"@type\":\"WebPage\",\"@id\":\"https:\/\/etival.fr\/?p=9158\",\"url\":\"https:\/\/etival.fr\/?p=9158\",\"name\":\"Commande group\u00e9e de fleurs 2022 - Etival-Clairefontaine\",\"isPartOf\":{\"@id\":\"https:\/\/etival.fr\/#website\"},\"primaryImageOfPage\":{\"@id\":\"https:\/\/etival.fr\/?p=9158#primaryimage\"},\"image\":{\"@id\":\"https:\/\/etival.fr\/?p=9158#primaryimage\"},\"thumbnailUrl\":\"http:\/\/etival.fr\/wp-content\/uploads\/2014\/09\/LOGO-CCAS.jpg\",\"datePublished\":\"2022-03-22T07:00:00+00:00\",\"dateModified\":\"2022-03-30T09:25:26+00:00\",\"author\":{\"@id\":\"https:\/\/etival.fr\/#\/schema\/person\/966767531f422984430588510b8d4c3f\"},\"breadcrumb\":{\"@id\":\"https:\/\/etival.fr\/?p=9158#breadcrumb\"},\"inLanguage\":\"fr-FR\",\"potentialAction\":[{\"@type\":\"ReadAction\",\"target\":[\"https:\/\/etival.fr\/?p=9158\"]}]},{\"@type\":\"ImageObject\",\"inLanguage\":\"fr-FR\",\"@id\":\"https:\/\/etival.fr\/?p=9158#primaryimage\",\"url\":\"https:\/\/etival.fr\/wp-content\/uploads\/2014\/09\/LOGO-CCAS.jpg\",\"contentUrl\":\"https:\/\/etival.fr\/wp-content\/uploads\/2014\/09\/LOGO-CCAS.jpg\",\"width\":204,\"height\":103},{\"@type\":\"BreadcrumbList\",\"@id\":\"https:\/\/etival.fr\/?p=9158#breadcrumb\",\"itemListElement\":[{\"@type\":\"ListItem\",\"position\":1,\"name\":\"Accueil\",\"item\":\"https:\/\/etival.fr\/\"},{\"@type\":\"ListItem\",\"position\":2,\"name\":\"Commande group\u00e9e de fleurs 2022\"}]},{\"@type\":\"WebSite\",\"@id\":\"https:\/\/etival.fr\/#website\",\"url\":\"https:\/\/etival.fr\/\",\"name\":\"Etival-Clairefontaine\",\"description\":\"Informations et actualit\u00e9s de la commune\",\"potentialAction\":[{\"@type\":\"SearchAction\",\"target\":{\"@type\":\"EntryPoint\",\"urlTemplate\":\"https:\/\/etival.fr\/?s={search_term_string}\"},\"query-input\":{\"@type\":\"PropertyValueSpecification\",\"valueRequired\":true,\"valueName\":\"search_term_string\"}}],\"inLanguage\":\"fr-FR\"},{\"@type\":\"Person\",\"@id\":\"https:\/\/etival.fr\/#\/schema\/person\/966767531f422984430588510b8d4c3f\",\"name\":\"Catherine\",\"image\":{\"@type\":\"ImageObject\",\"inLanguage\":\"fr-FR\",\"@id\":\"https:\/\/etival.fr\/#\/schema\/person\/image\/\",\"url\":\"https:\/\/secure.gravatar.com\/avatar\/b99eff3bf59bd614e6c532df451dc649?s=96&d=mm&r=g\",\"contentUrl\":\"https:\/\/secure.gravatar.com\/avatar\/b99eff3bf59bd614e6c532df451dc649?s=96&d=mm&r=g\",\"caption\":\"Catherine\"},\"url\":\"https:\/\/etival.fr\/?author=2\"}]}<\/script>\n<!-- \/ Yoast SEO plugin. -->","yoast_head_json":{"title":"Commande group\u00e9e de fleurs 2022 - Etival-Clairefontaine","robots":{"index":"index","follow":"follow","max-snippet":"max-snippet:-1","max-image-preview":"max-image-preview:large","max-video-preview":"max-video-preview:-1"},"canonical":"https:\/\/etival.fr\/?p=9158","og_locale":"fr_FR","og_type":"article","og_title":"Commande group\u00e9e de fleurs 2022 - Etival-Clairefontaine","og_description":"Le C.C.A.S vous propose un achat group\u00e9 de fleurs afin de vous faire b\u00e9n\u00e9ficier de prix int\u00e9ressants pour embellir votre habitation. Pour r\u00e9server vos plantes, nous vous demandons de bien vouloir remplir le bon de commande disponible en Mairie ou sur le site internet de la ville et de le d\u00e9poser en Mairie avant le [&hellip;]","og_url":"https:\/\/etival.fr\/?p=9158","og_site_name":"Etival-Clairefontaine","article_published_time":"2022-03-22T07:00:00+00:00","article_modified_time":"2022-03-30T09:25:26+00:00","og_image":[{"url":"http:\/\/etival.fr\/wp-content\/uploads\/2014\/09\/LOGO-CCAS.jpg","type":"","width":"","height":""}],"author":"Catherine","twitter_card":"summary_large_image","twitter_misc":{"\u00c9crit par":"Catherine","Dur\u00e9e de lecture estim\u00e9e":"1 minute"},"schema":{"@context":"https:\/\/schema.org","@graph":[{"@type":"Article","@id":"https:\/\/etival.fr\/?p=9158#article","isPartOf":{"@id":"https:\/\/etival.fr\/?p=9158"},"author":{"name":"Catherine","@id":"https:\/\/etival.fr\/#\/schema\/person\/966767531f422984430588510b8d4c3f"},"headline":"Commande group\u00e9e de fleurs 2022","datePublished":"2022-03-22T07:00:00+00:00","dateModified":"2022-03-30T09:25:26+00:00","mainEntityOfPage":{"@id":"https:\/\/etival.fr\/?p=9158"},"wordCount":119,"image":{"@id":"https:\/\/etival.fr\/?p=9158#primaryimage"},"thumbnailUrl":"http:\/\/etival.fr\/wp-content\/uploads\/2014\/09\/LOGO-CCAS.jpg","articleSection":["Informations Municipales"],"inLanguage":"fr-FR"},{"@type":"WebPage","@id":"https:\/\/etival.fr\/?p=9158","url":"https:\/\/etival.fr\/?p=9158","name":"Commande group\u00e9e de fleurs 2022 - Etival-Clairefontaine","isPartOf":{"@id":"https:\/\/etival.fr\/#website"},"primaryImageOfPage":{"@id":"https:\/\/etival.fr\/?p=9158#primaryimage"},"image":{"@id":"https:\/\/etival.fr\/?p=9158#primaryimage"},"thumbnailUrl":"http:\/\/etival.fr\/wp-content\/uploads\/2014\/09\/LOGO-CCAS.jpg","datePublished":"2022-03-22T07:00:00+00:00","dateModified":"2022-03-30T09:25:26+00:00","author":{"@id":"https:\/\/etival.fr\/#\/schema\/person\/966767531f422984430588510b8d4c3f"},"breadcrumb":{"@id":"https:\/\/etival.fr\/?p=9158#breadcrumb"},"inLanguage":"fr-FR","potentialAction":[{"@type":"ReadAction","target":["https:\/\/etival.fr\/?p=9158"]}]},{"@type":"ImageObject","inLanguage":"fr-FR","@id":"https:\/\/etival.fr\/?p=9158#primaryimage","url":"https:\/\/etival.fr\/wp-content\/uploads\/2014\/09\/LOGO-CCAS.jpg","contentUrl":"https:\/\/etival.fr\/wp-content\/uploads\/2014\/09\/LOGO-CCAS.jpg","width":204,"height":103},{"@type":"BreadcrumbList","@id":"https:\/\/etival.fr\/?p=9158#breadcrumb","itemListElement":[{"@type":"ListItem","position":1,"name":"Accueil","item":"https:\/\/etival.fr\/"},{"@type":"ListItem","position":2,"name":"Commande group\u00e9e de fleurs 2022"}]},{"@type":"WebSite","@id":"https:\/\/etival.fr\/#website","url":"https:\/\/etival.fr\/","name":"Etival-Clairefontaine","description":"Informations et actualit\u00e9s de la commune","potentialAction":[{"@type":"SearchAction","target":{"@type":"EntryPoint","urlTemplate":"https:\/\/etival.fr\/?s={search_term_string}"},"query-input":{"@type":"PropertyValueSpecification","valueRequired":true,"valueName":"search_term_string"}}],"inLanguage":"fr-FR"},{"@type":"Person","@id":"https:\/\/etival.fr\/#\/schema\/person\/966767531f422984430588510b8d4c3f","name":"Catherine","image":{"@type":"ImageObject","inLanguage":"fr-FR","@id":"https:\/\/etival.fr\/#\/schema\/person\/image\/","url":"https:\/\/secure.gravatar.com\/avatar\/b99eff3bf59bd614e6c532df451dc649?s=96&d=mm&r=g","contentUrl":"https:\/\/secure.gravatar.com\/avatar\/b99eff3bf59bd614e6c532df451dc649?s=96&d=mm&r=g","caption":"Catherine"},"url":"https:\/\/etival.fr\/?author=2"}]}},"_links":{"self":[{"href":"https:\/\/etival.fr\/index.php?rest_route=\/wp\/v2\/posts\/9158","targetHints":{"allow":["GET"]}}],"collection":[{"href":"https:\/\/etival.fr\/index.php?rest_route=\/wp\/v2\/posts"}],"about":[{"href":"https:\/\/etival.fr\/index.php?rest_route=\/wp\/v2\/types\/post"}],"author":[{"embeddable":true,"href":"https:\/\/etival.fr\/index.php?rest_route=\/wp\/v2\/users\/2"}],"replies":[{"embeddable":true,"href":"https:\/\/etival.fr\/index.php?rest_route=%2Fwp%2Fv2%2Fcomments&post=9158"}],"version-history":[{"count":8,"href":"https:\/\/etival.fr\/index.php?rest_route=\/wp\/v2\/posts\/9158\/revisions"}],"predecessor-version":[{"id":10028,"href":"https:\/\/etival.fr\/index.php?rest_route=\/wp\/v2\/posts\/9158\/revisions\/10028"}],"wp:attachment":[{"href":"https:\/\/etival.fr\/index.php?rest_route=%2Fwp%2Fv2%2Fmedia&parent=9158"}],"wp:term":[{"taxonomy":"category","embeddable":true,"href":"https:\/\/etival.fr\/index.php?rest_route=%2Fwp%2Fv2%2Fcategories&post=9158"},{"taxonomy":"post_tag","embeddable":true,"href":"https:\/\/etival.fr\/index.php?rest_route=%2Fwp%2Fv2%2Ftags&post=9158"}],"curies":[{"name":"wp","href":"https:\/\/api.w.org\/{rel}","templated":true}]}}