{"id":9613,"date":"2022-04-05T09:11:00","date_gmt":"2022-04-05T08:11:00","guid":{"rendered":"http:\/\/etival.fr\/?p=9613"},"modified":"2022-04-05T10:07:57","modified_gmt":"2022-04-05T09:07:57","slug":"9613","status":"publish","type":"post","link":"https:\/\/etival.fr\/?p=9613","title":{"rendered":"Conseil Municipal"},"content":{"rendered":"\n<div class=\"wp-block-image\"><figure class=\"alignleft size-large is-resized\"><a href=\"http:\/\/etival.fr\/wp-content\/uploads\/2021\/09\/ETIVAL-quadri.jpg\"><img loading=\"lazy\" decoding=\"async\" src=\"http:\/\/etival.fr\/wp-content\/uploads\/2021\/09\/ETIVAL-quadri-816x1024.jpg\" alt=\"\" class=\"wp-image-9521\" width=\"67\" height=\"84\" srcset=\"https:\/\/etival.fr\/wp-content\/uploads\/2021\/09\/ETIVAL-quadri-816x1024.jpg 816w, https:\/\/etival.fr\/wp-content\/uploads\/2021\/09\/ETIVAL-quadri-239x300.jpg 239w, https:\/\/etival.fr\/wp-content\/uploads\/2021\/09\/ETIVAL-quadri-768x964.jpg 768w, https:\/\/etival.fr\/wp-content\/uploads\/2021\/09\/ETIVAL-quadri-1224x1536.jpg 1224w, https:\/\/etival.fr\/wp-content\/uploads\/2021\/09\/ETIVAL-quadri-624x783.jpg 624w, https:\/\/etival.fr\/wp-content\/uploads\/2021\/09\/ETIVAL-quadri.jpg 1500w\" sizes=\"auto, (max-width: 67px) 100vw, 67px\" \/><\/a><\/figure><\/div>\n\n\n\n<p>Le Conseil Municipal d\u2019\u00c9tival-Clairefontaine<br>se r\u00e9unira le jeudi 7 avril<strong> \u00e0 20h00<\/strong>,<br>Salle des F\u00eates Edmond Cunin.<\/p>\n\n\n\n<p><\/p>\n\n\n\n<p><\/p>\n\n\n\n<p>L\u2019ordre du jour sera le suivant :<\/p>\n\n\n\n<ol type=\"1\" class=\"has-small-font-size wp-block-list\"><li>Approbation du compte-rendu de la derni\u00e8re s\u00e9ance.<\/li><li>Compte de Gestion \u2013 Budget Commune \u2013 Exercice 2021.<\/li><li>Compte Administratif \u2013 Budget Commune \u2013 Exercice 2021.<\/li><li>Affectation du r\u00e9sultat d\u2019exploitation \u2013 Budget Commune \u2013 Exercice 2021.<\/li><li>Affectation du r\u00e9sultat d\u2019investissement -Budget Commune \u2013 Exercice 2021.<\/li><li>Vote des taux de fiscalit\u00e9 locale \u2013 Exercice 2022.<\/li><li>Budget Primitif \u2013 Budget Commune \u2013 Exercice 2022.<\/li><li>Compte de Gestion \u2013 Budget For\u00eats \u2013 Exercice 2021.<\/li><li>Compte Administratif \u2013 Budget For\u00eats \u2013 Exercice 2021.<\/li><li>Affectation du r\u00e9sultat d\u2019exploitation \u2013 Budget For\u00eats \u2013 Exercice 2021.<\/li><li>Affectation du r\u00e9sultat d\u2019investissement \u2013 Budget For\u00eats \u2013 Exercice 2021.<\/li><li>Budget Primitif \u2013 Budget For\u00eats \u2013 Exercice 2022.<\/li><li>Compte de Gestion \u2013 Budget Eau en DSP \u2013 Exercice 2021.<\/li><li>Compte Administratif \u2013 Budget Eau en DSP \u2013 Exercice 2021.<\/li><li>Budget Primitif \u2013 Budget Eau en DSP \u2013 Exercice 2022.<\/li><li>Maitrise d\u2019\u0153uvre Synergie 88 pour les travaux de viabilisation des parcelles TMF deuxi\u00e8me tranche.<\/li><li>Choix de l\u2019entreprise charg\u00e9e des travaux de viabilisation des parcelles TMF deuxi\u00e8me tranche.<\/li><li>Vente d\u2019une parcelle communale, Avenue Charles-de-Gaulle, \u00e0 Monsieur J\u00e9r\u00f4me DURAND.<\/li><li>Vente d\u2019une parcelle communale, Avenue Charles-de-Gaulle, \u00e0 Monsieur St\u00e9phane POULHES.<\/li><li>Choix de l\u2019entreprise charg\u00e9e de la d\u00e9molition des box du Champ-de-Foire.<\/li><li>Approbation du programme de travaux 2022 en for\u00eat communale.<\/li><li>Approbation de la convention de ma\u00eetrise d\u2019\u0153uvre avec l\u2019Agence Technique D\u00e9partementale concernant le programme de voirie 2022.<\/li><li>Approbation du programme de travaux concernant la voirie communale pour l\u2019ann\u00e9e 2022 et demande de subvention aupr\u00e8s du Conseil D\u00e9partemental des Vosges.<\/li><li>Approbation du programme de travaux concernant l\u2019\u00e9clairage public pour l\u2019ann\u00e9e 2022 et demande de subvention aupr\u00e8s du Conseil D\u00e9partemental des Vosges.<\/li><li>Nouvelle demande de subvention aupr\u00e8s du Conseil D\u00e9partemental pour financer une partie des travaux de cr\u00e9ation du groupe scolaire.<\/li><li>Demande de subvention au titre des amendes de police pour financer une partie de l\u2019acquisition d\u2019un radar p\u00e9dagogique.<\/li><li>Attribution d\u2019un poste d\u2019adjoint administratif principal de 2<sup>\u00e8me<\/sup> classe vacant dans le cadre de l\u2019arriv\u00e9e au sein du personnel municipal de Madame Val\u00e9rie LAVERGNE. &nbsp;<\/li><li>Proposition de la SNCF de suppression du passage \u00e0 niveau (pi\u00e9ton) n\u00b051 situ\u00e9 aux Papeteries de Clairefontaine.<\/li><li>Position sur une demande de droit de passage de TDF sur le chemin rural n\u00b03 de Pajaille et Trieuch\u00e9, en vue d\u2019implanter une antenne relais sur une parcelle priv\u00e9e, cadastr\u00e9e section A n\u00b0803.<\/li><li>Avis sur la demande de transfert de la comp\u00e9tence \u00e9clairage public au Syndicat D\u00e9partemental d\u2019Electricit\u00e9 des Vosges.<\/li><li>Questions et informations diverses.<\/li><\/ol>\n","protected":false},"excerpt":{"rendered":"<p>Le Conseil Municipal d\u2019\u00c9tival-Clairefontainese r\u00e9unira le jeudi 7 avril \u00e0 20h00,Salle des F\u00eates Edmond Cunin. L\u2019ordre du jour sera le suivant : Approbation du compte-rendu de la derni\u00e8re s\u00e9ance. Compte de Gestion \u2013 Budget Commune \u2013 Exercice 2021. Compte Administratif \u2013 Budget Commune \u2013 Exercice 2021. Affectation du r\u00e9sultat d\u2019exploitation \u2013 Budget Commune \u2013 Exercice [&hellip;]<\/p>\n","protected":false},"author":2,"featured_media":0,"comment_status":"closed","ping_status":"open","sticky":false,"template":"","format":"standard","meta":{"footnotes":""},"categories":[6],"tags":[],"class_list":["post-9613","post","type-post","status-publish","format-standard","hentry","category-informations-municipales"],"yoast_head":"<!-- This site is optimized with the Yoast SEO plugin v26.8 - https:\/\/yoast.com\/product\/yoast-seo-wordpress\/ -->\n<title>Conseil Municipal - Etival-Clairefontaine<\/title>\n<meta name=\"robots\" content=\"index, follow, max-snippet:-1, max-image-preview:large, max-video-preview:-1\" \/>\n<link rel=\"canonical\" href=\"https:\/\/etival.fr\/?p=9613\" \/>\n<meta property=\"og:locale\" content=\"fr_FR\" \/>\n<meta property=\"og:type\" content=\"article\" \/>\n<meta property=\"og:title\" content=\"Conseil Municipal - Etival-Clairefontaine\" \/>\n<meta property=\"og:description\" content=\"Le Conseil Municipal d\u2019\u00c9tival-Clairefontainese r\u00e9unira le jeudi 7 avril \u00e0 20h00,Salle des F\u00eates Edmond Cunin. L\u2019ordre du jour sera le suivant : Approbation du compte-rendu de la derni\u00e8re s\u00e9ance. Compte de Gestion \u2013 Budget Commune \u2013 Exercice 2021. Compte Administratif \u2013 Budget Commune \u2013 Exercice 2021. Affectation du r\u00e9sultat d\u2019exploitation \u2013 Budget Commune \u2013 Exercice [&hellip;]\" \/>\n<meta property=\"og:url\" content=\"https:\/\/etival.fr\/?p=9613\" \/>\n<meta property=\"og:site_name\" content=\"Etival-Clairefontaine\" \/>\n<meta property=\"article:published_time\" content=\"2022-04-05T08:11:00+00:00\" \/>\n<meta property=\"article:modified_time\" content=\"2022-04-05T09:07:57+00:00\" \/>\n<meta property=\"og:image\" content=\"http:\/\/etival.fr\/wp-content\/uploads\/2021\/09\/ETIVAL-quadri-816x1024.jpg\" \/>\n<meta name=\"author\" content=\"Catherine\" \/>\n<meta name=\"twitter:card\" content=\"summary_large_image\" \/>\n<meta name=\"twitter:label1\" content=\"\u00c9crit par\" \/>\n\t<meta name=\"twitter:data1\" content=\"Catherine\" \/>\n\t<meta name=\"twitter:label2\" content=\"Dur\u00e9e de lecture estim\u00e9e\" \/>\n\t<meta name=\"twitter:data2\" content=\"3 minutes\" \/>\n<script type=\"application\/ld+json\" class=\"yoast-schema-graph\">{\"@context\":\"https:\/\/schema.org\",\"@graph\":[{\"@type\":\"Article\",\"@id\":\"https:\/\/etival.fr\/?p=9613#article\",\"isPartOf\":{\"@id\":\"https:\/\/etival.fr\/?p=9613\"},\"author\":{\"name\":\"Catherine\",\"@id\":\"https:\/\/etival.fr\/#\/schema\/person\/966767531f422984430588510b8d4c3f\"},\"headline\":\"Conseil Municipal\",\"datePublished\":\"2022-04-05T08:11:00+00:00\",\"dateModified\":\"2022-04-05T09:07:57+00:00\",\"mainEntityOfPage\":{\"@id\":\"https:\/\/etival.fr\/?p=9613\"},\"wordCount\":434,\"image\":{\"@id\":\"https:\/\/etival.fr\/?p=9613#primaryimage\"},\"thumbnailUrl\":\"http:\/\/etival.fr\/wp-content\/uploads\/2021\/09\/ETIVAL-quadri-816x1024.jpg\",\"articleSection\":[\"Informations Municipales\"],\"inLanguage\":\"fr-FR\"},{\"@type\":\"WebPage\",\"@id\":\"https:\/\/etival.fr\/?p=9613\",\"url\":\"https:\/\/etival.fr\/?p=9613\",\"name\":\"Conseil Municipal - Etival-Clairefontaine\",\"isPartOf\":{\"@id\":\"https:\/\/etival.fr\/#website\"},\"primaryImageOfPage\":{\"@id\":\"https:\/\/etival.fr\/?p=9613#primaryimage\"},\"image\":{\"@id\":\"https:\/\/etival.fr\/?p=9613#primaryimage\"},\"thumbnailUrl\":\"http:\/\/etival.fr\/wp-content\/uploads\/2021\/09\/ETIVAL-quadri-816x1024.jpg\",\"datePublished\":\"2022-04-05T08:11:00+00:00\",\"dateModified\":\"2022-04-05T09:07:57+00:00\",\"author\":{\"@id\":\"https:\/\/etival.fr\/#\/schema\/person\/966767531f422984430588510b8d4c3f\"},\"breadcrumb\":{\"@id\":\"https:\/\/etival.fr\/?p=9613#breadcrumb\"},\"inLanguage\":\"fr-FR\",\"potentialAction\":[{\"@type\":\"ReadAction\",\"target\":[\"https:\/\/etival.fr\/?p=9613\"]}]},{\"@type\":\"ImageObject\",\"inLanguage\":\"fr-FR\",\"@id\":\"https:\/\/etival.fr\/?p=9613#primaryimage\",\"url\":\"https:\/\/etival.fr\/wp-content\/uploads\/2021\/09\/ETIVAL-quadri.jpg\",\"contentUrl\":\"https:\/\/etival.fr\/wp-content\/uploads\/2021\/09\/ETIVAL-quadri.jpg\",\"width\":1500,\"height\":1882},{\"@type\":\"BreadcrumbList\",\"@id\":\"https:\/\/etival.fr\/?p=9613#breadcrumb\",\"itemListElement\":[{\"@type\":\"ListItem\",\"position\":1,\"name\":\"Accueil\",\"item\":\"https:\/\/etival.fr\/\"},{\"@type\":\"ListItem\",\"position\":2,\"name\":\"Conseil Municipal\"}]},{\"@type\":\"WebSite\",\"@id\":\"https:\/\/etival.fr\/#website\",\"url\":\"https:\/\/etival.fr\/\",\"name\":\"Etival-Clairefontaine\",\"description\":\"Informations et actualit\u00e9s de la commune\",\"potentialAction\":[{\"@type\":\"SearchAction\",\"target\":{\"@type\":\"EntryPoint\",\"urlTemplate\":\"https:\/\/etival.fr\/?s={search_term_string}\"},\"query-input\":{\"@type\":\"PropertyValueSpecification\",\"valueRequired\":true,\"valueName\":\"search_term_string\"}}],\"inLanguage\":\"fr-FR\"},{\"@type\":\"Person\",\"@id\":\"https:\/\/etival.fr\/#\/schema\/person\/966767531f422984430588510b8d4c3f\",\"name\":\"Catherine\",\"image\":{\"@type\":\"ImageObject\",\"inLanguage\":\"fr-FR\",\"@id\":\"https:\/\/etival.fr\/#\/schema\/person\/image\/\",\"url\":\"https:\/\/secure.gravatar.com\/avatar\/b99eff3bf59bd614e6c532df451dc649?s=96&d=mm&r=g\",\"contentUrl\":\"https:\/\/secure.gravatar.com\/avatar\/b99eff3bf59bd614e6c532df451dc649?s=96&d=mm&r=g\",\"caption\":\"Catherine\"},\"url\":\"https:\/\/etival.fr\/?author=2\"}]}<\/script>\n<!-- \/ Yoast SEO plugin. -->","yoast_head_json":{"title":"Conseil Municipal - Etival-Clairefontaine","robots":{"index":"index","follow":"follow","max-snippet":"max-snippet:-1","max-image-preview":"max-image-preview:large","max-video-preview":"max-video-preview:-1"},"canonical":"https:\/\/etival.fr\/?p=9613","og_locale":"fr_FR","og_type":"article","og_title":"Conseil Municipal - Etival-Clairefontaine","og_description":"Le Conseil Municipal d\u2019\u00c9tival-Clairefontainese r\u00e9unira le jeudi 7 avril \u00e0 20h00,Salle des F\u00eates Edmond Cunin. L\u2019ordre du jour sera le suivant : Approbation du compte-rendu de la derni\u00e8re s\u00e9ance. Compte de Gestion \u2013 Budget Commune \u2013 Exercice 2021. Compte Administratif \u2013 Budget Commune \u2013 Exercice 2021. Affectation du r\u00e9sultat d\u2019exploitation \u2013 Budget Commune \u2013 Exercice [&hellip;]","og_url":"https:\/\/etival.fr\/?p=9613","og_site_name":"Etival-Clairefontaine","article_published_time":"2022-04-05T08:11:00+00:00","article_modified_time":"2022-04-05T09:07:57+00:00","og_image":[{"url":"http:\/\/etival.fr\/wp-content\/uploads\/2021\/09\/ETIVAL-quadri-816x1024.jpg","type":"","width":"","height":""}],"author":"Catherine","twitter_card":"summary_large_image","twitter_misc":{"\u00c9crit par":"Catherine","Dur\u00e9e de lecture estim\u00e9e":"3 minutes"},"schema":{"@context":"https:\/\/schema.org","@graph":[{"@type":"Article","@id":"https:\/\/etival.fr\/?p=9613#article","isPartOf":{"@id":"https:\/\/etival.fr\/?p=9613"},"author":{"name":"Catherine","@id":"https:\/\/etival.fr\/#\/schema\/person\/966767531f422984430588510b8d4c3f"},"headline":"Conseil Municipal","datePublished":"2022-04-05T08:11:00+00:00","dateModified":"2022-04-05T09:07:57+00:00","mainEntityOfPage":{"@id":"https:\/\/etival.fr\/?p=9613"},"wordCount":434,"image":{"@id":"https:\/\/etival.fr\/?p=9613#primaryimage"},"thumbnailUrl":"http:\/\/etival.fr\/wp-content\/uploads\/2021\/09\/ETIVAL-quadri-816x1024.jpg","articleSection":["Informations Municipales"],"inLanguage":"fr-FR"},{"@type":"WebPage","@id":"https:\/\/etival.fr\/?p=9613","url":"https:\/\/etival.fr\/?p=9613","name":"Conseil Municipal - Etival-Clairefontaine","isPartOf":{"@id":"https:\/\/etival.fr\/#website"},"primaryImageOfPage":{"@id":"https:\/\/etival.fr\/?p=9613#primaryimage"},"image":{"@id":"https:\/\/etival.fr\/?p=9613#primaryimage"},"thumbnailUrl":"http:\/\/etival.fr\/wp-content\/uploads\/2021\/09\/ETIVAL-quadri-816x1024.jpg","datePublished":"2022-04-05T08:11:00+00:00","dateModified":"2022-04-05T09:07:57+00:00","author":{"@id":"https:\/\/etival.fr\/#\/schema\/person\/966767531f422984430588510b8d4c3f"},"breadcrumb":{"@id":"https:\/\/etival.fr\/?p=9613#breadcrumb"},"inLanguage":"fr-FR","potentialAction":[{"@type":"ReadAction","target":["https:\/\/etival.fr\/?p=9613"]}]},{"@type":"ImageObject","inLanguage":"fr-FR","@id":"https:\/\/etival.fr\/?p=9613#primaryimage","url":"https:\/\/etival.fr\/wp-content\/uploads\/2021\/09\/ETIVAL-quadri.jpg","contentUrl":"https:\/\/etival.fr\/wp-content\/uploads\/2021\/09\/ETIVAL-quadri.jpg","width":1500,"height":1882},{"@type":"BreadcrumbList","@id":"https:\/\/etival.fr\/?p=9613#breadcrumb","itemListElement":[{"@type":"ListItem","position":1,"name":"Accueil","item":"https:\/\/etival.fr\/"},{"@type":"ListItem","position":2,"name":"Conseil Municipal"}]},{"@type":"WebSite","@id":"https:\/\/etival.fr\/#website","url":"https:\/\/etival.fr\/","name":"Etival-Clairefontaine","description":"Informations et actualit\u00e9s de la commune","potentialAction":[{"@type":"SearchAction","target":{"@type":"EntryPoint","urlTemplate":"https:\/\/etival.fr\/?s={search_term_string}"},"query-input":{"@type":"PropertyValueSpecification","valueRequired":true,"valueName":"search_term_string"}}],"inLanguage":"fr-FR"},{"@type":"Person","@id":"https:\/\/etival.fr\/#\/schema\/person\/966767531f422984430588510b8d4c3f","name":"Catherine","image":{"@type":"ImageObject","inLanguage":"fr-FR","@id":"https:\/\/etival.fr\/#\/schema\/person\/image\/","url":"https:\/\/secure.gravatar.com\/avatar\/b99eff3bf59bd614e6c532df451dc649?s=96&d=mm&r=g","contentUrl":"https:\/\/secure.gravatar.com\/avatar\/b99eff3bf59bd614e6c532df451dc649?s=96&d=mm&r=g","caption":"Catherine"},"url":"https:\/\/etival.fr\/?author=2"}]}},"_links":{"self":[{"href":"https:\/\/etival.fr\/index.php?rest_route=\/wp\/v2\/posts\/9613","targetHints":{"allow":["GET"]}}],"collection":[{"href":"https:\/\/etival.fr\/index.php?rest_route=\/wp\/v2\/posts"}],"about":[{"href":"https:\/\/etival.fr\/index.php?rest_route=\/wp\/v2\/types\/post"}],"author":[{"embeddable":true,"href":"https:\/\/etival.fr\/index.php?rest_route=\/wp\/v2\/users\/2"}],"replies":[{"embeddable":true,"href":"https:\/\/etival.fr\/index.php?rest_route=%2Fwp%2Fv2%2Fcomments&post=9613"}],"version-history":[{"count":8,"href":"https:\/\/etival.fr\/index.php?rest_route=\/wp\/v2\/posts\/9613\/revisions"}],"predecessor-version":[{"id":10045,"href":"https:\/\/etival.fr\/index.php?rest_route=\/wp\/v2\/posts\/9613\/revisions\/10045"}],"wp:attachment":[{"href":"https:\/\/etival.fr\/index.php?rest_route=%2Fwp%2Fv2%2Fmedia&parent=9613"}],"wp:term":[{"taxonomy":"category","embeddable":true,"href":"https:\/\/etival.fr\/index.php?rest_route=%2Fwp%2Fv2%2Fcategories&post=9613"},{"taxonomy":"post_tag","embeddable":true,"href":"https:\/\/etival.fr\/index.php?rest_route=%2Fwp%2Fv2%2Ftags&post=9613"}],"curies":[{"name":"wp","href":"https:\/\/api.w.org\/{rel}","templated":true}]}}