{"id":9853,"date":"2022-01-06T08:20:50","date_gmt":"2022-01-06T07:20:50","guid":{"rendered":"http:\/\/etival.fr\/?p=9853"},"modified":"2022-01-06T08:23:07","modified_gmt":"2022-01-06T07:23:07","slug":"recensement-de-la-population","status":"publish","type":"post","link":"https:\/\/etival.fr\/?p=9853","title":{"rendered":"Recensement de la population"},"content":{"rendered":"\n<p class=\"has-normal-font-size\"><em>Initialement pr\u00e9vu en 2021, puis report\u00e9 pour raison de crise sanitaire, le recensement de la population va d\u00e9buter le mercredi 20 janvier 2022 et s\u2019ach\u00e8vera le vendredi 19 f\u00e9vrier 2022.<\/em><\/p>\n\n\n\n<h2 class=\"wp-block-heading\">Un premier rep\u00e9rage<\/h2>\n\n\n\n<p>Afin d\u2019assurer cette fonction, en cette nouvelle ann\u00e9e, la municipalit\u00e9 a recrut\u00e9 cinq agents :<\/p>\n\n\n\n<div class=\"wp-block-columns is-layout-flex wp-container-core-columns-is-layout-2 wp-block-columns-is-layout-flex\">\n<div class=\"wp-block-column is-layout-flow wp-block-column-is-layout-flow\" style=\"flex-basis:100%\">\n<div class=\"wp-block-group\"><div class=\"wp-block-group__inner-container is-layout-flow wp-block-group-is-layout-flow\">\n<div class=\"wp-block-columns is-layout-flex wp-container-core-columns-is-layout-1 wp-block-columns-is-layout-flex\">\n<div class=\"wp-block-column is-layout-flow wp-block-column-is-layout-flow\" style=\"flex-basis:100%\">\n<figure class=\"wp-block-gallery columns-1 is-cropped wp-block-gallery-1 is-layout-flex wp-block-gallery-is-layout-flex\"><ul class=\"blocks-gallery-grid\"><li class=\"blocks-gallery-item\"><figure><a href=\"http:\/\/etival.fr\/wp-content\/uploads\/2022\/01\/photos.jpg\"><img loading=\"lazy\" decoding=\"async\" width=\"1024\" height=\"682\" src=\"http:\/\/etival.fr\/wp-content\/uploads\/2022\/01\/photos-1024x682.jpg\" alt=\"\" data-id=\"9860\" data-full-url=\"http:\/\/etival.fr\/wp-content\/uploads\/2022\/01\/photos.jpg\" data-link=\"http:\/\/etival.fr\/?attachment_id=9860\" class=\"wp-image-9860\" srcset=\"https:\/\/etival.fr\/wp-content\/uploads\/2022\/01\/photos-1024x682.jpg 1024w, https:\/\/etival.fr\/wp-content\/uploads\/2022\/01\/photos-300x200.jpg 300w, https:\/\/etival.fr\/wp-content\/uploads\/2022\/01\/photos-768x512.jpg 768w, https:\/\/etival.fr\/wp-content\/uploads\/2022\/01\/photos-1536x1024.jpg 1536w, https:\/\/etival.fr\/wp-content\/uploads\/2022\/01\/photos-2048x1365.jpg 2048w, https:\/\/etival.fr\/wp-content\/uploads\/2022\/01\/photos-624x416.jpg 624w\" sizes=\"auto, (max-width: 1024px) 100vw, 1024px\" \/><\/a><\/figure><\/li><\/ul><\/figure>\n<\/div>\n<\/div>\n<\/div><\/div>\n<\/div>\n<\/div>\n\n\n\n<p>Le territoire communal sera partag\u00e9 entre les cinq agents, avec environ 300 logements attribu\u00e9s \u00e0 chaque recenseur.<\/p>\n\n\n\n<p>\u00c0 compter du mercredi 5 janvier, les agents sont en tourn\u00e9e de reconnaissance pour la pr\u00e9paration de la collecte des informations n\u00e9cessaires. <br>Le recensement d\u00e9butera officiellement le mercredi 20 janvier. Ils vous remettront alors un identifiant \u00e0 chaque foyer permettant la collecte en ligne, plus facile et plus rapide.<\/p>\n\n\n\n<p>Les r\u00e9ponses par internet devront \u00eatre transmises dans le meilleur des cas avant le 24 janvier. <br>\u00c0 d\u00e9faut, les questionnaires papiers seront d\u00e9pos\u00e9s chez les particuliers et les agents passeront les r\u00e9cup\u00e9rer.<\/p>\n\n\n\n<p>Merci d&rsquo;avance de votre participation et du bon accueil que vous leurs r\u00e9serverez.<\/p>\n\n\n\n<p class=\"has-text-align-center has-vivid-cyan-blue-color has-text-color has-medium-font-size\"><strong>R\u00e9pondre par internet est la mani\u00e8re la plus simple de se faire recenser.<\/strong><a rel=\"noreferrer noopener\" target=\"_blank\" href=\"https:\/\/track.adform.net\/videoad\/c\/?bn=51992141;cdata=IgsO4f-b2xkfqPwBImBwE-dP2elEPJzVUgWgDz6V2Nk3iDmbWIBvS-FBboVeNKvP0;C=1;\"><\/a><\/p>\n","protected":false},"excerpt":{"rendered":"<p>Initialement pr\u00e9vu en 2021, puis report\u00e9 pour raison de crise sanitaire, le recensement de la population va d\u00e9buter le mercredi 20 janvier 2022 et s\u2019ach\u00e8vera le vendredi 19 f\u00e9vrier 2022. Un premier rep\u00e9rage Afin d\u2019assurer cette fonction, en cette nouvelle ann\u00e9e, la municipalit\u00e9 a recrut\u00e9 cinq agents : Le territoire communal sera partag\u00e9 entre les [&hellip;]<\/p>\n","protected":false},"author":2,"featured_media":0,"comment_status":"closed","ping_status":"open","sticky":false,"template":"","format":"standard","meta":{"footnotes":""},"categories":[6],"tags":[],"class_list":["post-9853","post","type-post","status-publish","format-standard","hentry","category-informations-municipales"],"yoast_head":"<!-- This site is optimized with the Yoast SEO plugin v26.8 - https:\/\/yoast.com\/product\/yoast-seo-wordpress\/ -->\n<title>Recensement de la population - Etival-Clairefontaine<\/title>\n<meta name=\"robots\" content=\"index, follow, max-snippet:-1, max-image-preview:large, max-video-preview:-1\" \/>\n<link rel=\"canonical\" href=\"https:\/\/etival.fr\/?p=9853\" \/>\n<meta property=\"og:locale\" content=\"fr_FR\" \/>\n<meta property=\"og:type\" content=\"article\" \/>\n<meta property=\"og:title\" content=\"Recensement de la population - Etival-Clairefontaine\" \/>\n<meta property=\"og:description\" content=\"Initialement pr\u00e9vu en 2021, puis report\u00e9 pour raison de crise sanitaire, le recensement de la population va d\u00e9buter le mercredi 20 janvier 2022 et s\u2019ach\u00e8vera le vendredi 19 f\u00e9vrier 2022. Un premier rep\u00e9rage Afin d\u2019assurer cette fonction, en cette nouvelle ann\u00e9e, la municipalit\u00e9 a recrut\u00e9 cinq agents : Le territoire communal sera partag\u00e9 entre les [&hellip;]\" \/>\n<meta property=\"og:url\" content=\"https:\/\/etival.fr\/?p=9853\" \/>\n<meta property=\"og:site_name\" content=\"Etival-Clairefontaine\" \/>\n<meta property=\"article:published_time\" content=\"2022-01-06T07:20:50+00:00\" \/>\n<meta property=\"article:modified_time\" content=\"2022-01-06T07:23:07+00:00\" \/>\n<meta property=\"og:image\" content=\"http:\/\/etival.fr\/wp-content\/uploads\/2022\/01\/photos-1024x682.jpg\" \/>\n<meta name=\"author\" content=\"Catherine\" \/>\n<meta name=\"twitter:card\" content=\"summary_large_image\" \/>\n<meta name=\"twitter:label1\" content=\"\u00c9crit par\" \/>\n\t<meta name=\"twitter:data1\" content=\"Catherine\" \/>\n\t<meta name=\"twitter:label2\" content=\"Dur\u00e9e de lecture estim\u00e9e\" \/>\n\t<meta name=\"twitter:data2\" content=\"2 minutes\" \/>\n<script type=\"application\/ld+json\" class=\"yoast-schema-graph\">{\"@context\":\"https:\/\/schema.org\",\"@graph\":[{\"@type\":\"Article\",\"@id\":\"https:\/\/etival.fr\/?p=9853#article\",\"isPartOf\":{\"@id\":\"https:\/\/etival.fr\/?p=9853\"},\"author\":{\"name\":\"Catherine\",\"@id\":\"https:\/\/etival.fr\/#\/schema\/person\/966767531f422984430588510b8d4c3f\"},\"headline\":\"Recensement de la population\",\"datePublished\":\"2022-01-06T07:20:50+00:00\",\"dateModified\":\"2022-01-06T07:23:07+00:00\",\"mainEntityOfPage\":{\"@id\":\"https:\/\/etival.fr\/?p=9853\"},\"wordCount\":185,\"image\":{\"@id\":\"https:\/\/etival.fr\/?p=9853#primaryimage\"},\"thumbnailUrl\":\"http:\/\/etival.fr\/wp-content\/uploads\/2022\/01\/photos-1024x682.jpg\",\"articleSection\":[\"Informations Municipales\"],\"inLanguage\":\"fr-FR\"},{\"@type\":\"WebPage\",\"@id\":\"https:\/\/etival.fr\/?p=9853\",\"url\":\"https:\/\/etival.fr\/?p=9853\",\"name\":\"Recensement de la population - Etival-Clairefontaine\",\"isPartOf\":{\"@id\":\"https:\/\/etival.fr\/#website\"},\"primaryImageOfPage\":{\"@id\":\"https:\/\/etival.fr\/?p=9853#primaryimage\"},\"image\":{\"@id\":\"https:\/\/etival.fr\/?p=9853#primaryimage\"},\"thumbnailUrl\":\"http:\/\/etival.fr\/wp-content\/uploads\/2022\/01\/photos-1024x682.jpg\",\"datePublished\":\"2022-01-06T07:20:50+00:00\",\"dateModified\":\"2022-01-06T07:23:07+00:00\",\"author\":{\"@id\":\"https:\/\/etival.fr\/#\/schema\/person\/966767531f422984430588510b8d4c3f\"},\"breadcrumb\":{\"@id\":\"https:\/\/etival.fr\/?p=9853#breadcrumb\"},\"inLanguage\":\"fr-FR\",\"potentialAction\":[{\"@type\":\"ReadAction\",\"target\":[\"https:\/\/etival.fr\/?p=9853\"]}]},{\"@type\":\"ImageObject\",\"inLanguage\":\"fr-FR\",\"@id\":\"https:\/\/etival.fr\/?p=9853#primaryimage\",\"url\":\"https:\/\/etival.fr\/wp-content\/uploads\/2022\/01\/photos.jpg\",\"contentUrl\":\"https:\/\/etival.fr\/wp-content\/uploads\/2022\/01\/photos.jpg\",\"width\":2314,\"height\":1542},{\"@type\":\"BreadcrumbList\",\"@id\":\"https:\/\/etival.fr\/?p=9853#breadcrumb\",\"itemListElement\":[{\"@type\":\"ListItem\",\"position\":1,\"name\":\"Accueil\",\"item\":\"https:\/\/etival.fr\/\"},{\"@type\":\"ListItem\",\"position\":2,\"name\":\"Recensement de la population\"}]},{\"@type\":\"WebSite\",\"@id\":\"https:\/\/etival.fr\/#website\",\"url\":\"https:\/\/etival.fr\/\",\"name\":\"Etival-Clairefontaine\",\"description\":\"Informations et actualit\u00e9s de la commune\",\"potentialAction\":[{\"@type\":\"SearchAction\",\"target\":{\"@type\":\"EntryPoint\",\"urlTemplate\":\"https:\/\/etival.fr\/?s={search_term_string}\"},\"query-input\":{\"@type\":\"PropertyValueSpecification\",\"valueRequired\":true,\"valueName\":\"search_term_string\"}}],\"inLanguage\":\"fr-FR\"},{\"@type\":\"Person\",\"@id\":\"https:\/\/etival.fr\/#\/schema\/person\/966767531f422984430588510b8d4c3f\",\"name\":\"Catherine\",\"image\":{\"@type\":\"ImageObject\",\"inLanguage\":\"fr-FR\",\"@id\":\"https:\/\/etival.fr\/#\/schema\/person\/image\/\",\"url\":\"https:\/\/secure.gravatar.com\/avatar\/b99eff3bf59bd614e6c532df451dc649?s=96&d=mm&r=g\",\"contentUrl\":\"https:\/\/secure.gravatar.com\/avatar\/b99eff3bf59bd614e6c532df451dc649?s=96&d=mm&r=g\",\"caption\":\"Catherine\"},\"url\":\"https:\/\/etival.fr\/?author=2\"}]}<\/script>\n<!-- \/ Yoast SEO plugin. -->","yoast_head_json":{"title":"Recensement de la population - Etival-Clairefontaine","robots":{"index":"index","follow":"follow","max-snippet":"max-snippet:-1","max-image-preview":"max-image-preview:large","max-video-preview":"max-video-preview:-1"},"canonical":"https:\/\/etival.fr\/?p=9853","og_locale":"fr_FR","og_type":"article","og_title":"Recensement de la population - Etival-Clairefontaine","og_description":"Initialement pr\u00e9vu en 2021, puis report\u00e9 pour raison de crise sanitaire, le recensement de la population va d\u00e9buter le mercredi 20 janvier 2022 et s\u2019ach\u00e8vera le vendredi 19 f\u00e9vrier 2022. Un premier rep\u00e9rage Afin d\u2019assurer cette fonction, en cette nouvelle ann\u00e9e, la municipalit\u00e9 a recrut\u00e9 cinq agents : Le territoire communal sera partag\u00e9 entre les [&hellip;]","og_url":"https:\/\/etival.fr\/?p=9853","og_site_name":"Etival-Clairefontaine","article_published_time":"2022-01-06T07:20:50+00:00","article_modified_time":"2022-01-06T07:23:07+00:00","og_image":[{"url":"http:\/\/etival.fr\/wp-content\/uploads\/2022\/01\/photos-1024x682.jpg","type":"","width":"","height":""}],"author":"Catherine","twitter_card":"summary_large_image","twitter_misc":{"\u00c9crit par":"Catherine","Dur\u00e9e de lecture estim\u00e9e":"2 minutes"},"schema":{"@context":"https:\/\/schema.org","@graph":[{"@type":"Article","@id":"https:\/\/etival.fr\/?p=9853#article","isPartOf":{"@id":"https:\/\/etival.fr\/?p=9853"},"author":{"name":"Catherine","@id":"https:\/\/etival.fr\/#\/schema\/person\/966767531f422984430588510b8d4c3f"},"headline":"Recensement de la population","datePublished":"2022-01-06T07:20:50+00:00","dateModified":"2022-01-06T07:23:07+00:00","mainEntityOfPage":{"@id":"https:\/\/etival.fr\/?p=9853"},"wordCount":185,"image":{"@id":"https:\/\/etival.fr\/?p=9853#primaryimage"},"thumbnailUrl":"http:\/\/etival.fr\/wp-content\/uploads\/2022\/01\/photos-1024x682.jpg","articleSection":["Informations Municipales"],"inLanguage":"fr-FR"},{"@type":"WebPage","@id":"https:\/\/etival.fr\/?p=9853","url":"https:\/\/etival.fr\/?p=9853","name":"Recensement de la population - Etival-Clairefontaine","isPartOf":{"@id":"https:\/\/etival.fr\/#website"},"primaryImageOfPage":{"@id":"https:\/\/etival.fr\/?p=9853#primaryimage"},"image":{"@id":"https:\/\/etival.fr\/?p=9853#primaryimage"},"thumbnailUrl":"http:\/\/etival.fr\/wp-content\/uploads\/2022\/01\/photos-1024x682.jpg","datePublished":"2022-01-06T07:20:50+00:00","dateModified":"2022-01-06T07:23:07+00:00","author":{"@id":"https:\/\/etival.fr\/#\/schema\/person\/966767531f422984430588510b8d4c3f"},"breadcrumb":{"@id":"https:\/\/etival.fr\/?p=9853#breadcrumb"},"inLanguage":"fr-FR","potentialAction":[{"@type":"ReadAction","target":["https:\/\/etival.fr\/?p=9853"]}]},{"@type":"ImageObject","inLanguage":"fr-FR","@id":"https:\/\/etival.fr\/?p=9853#primaryimage","url":"https:\/\/etival.fr\/wp-content\/uploads\/2022\/01\/photos.jpg","contentUrl":"https:\/\/etival.fr\/wp-content\/uploads\/2022\/01\/photos.jpg","width":2314,"height":1542},{"@type":"BreadcrumbList","@id":"https:\/\/etival.fr\/?p=9853#breadcrumb","itemListElement":[{"@type":"ListItem","position":1,"name":"Accueil","item":"https:\/\/etival.fr\/"},{"@type":"ListItem","position":2,"name":"Recensement de la population"}]},{"@type":"WebSite","@id":"https:\/\/etival.fr\/#website","url":"https:\/\/etival.fr\/","name":"Etival-Clairefontaine","description":"Informations et actualit\u00e9s de la commune","potentialAction":[{"@type":"SearchAction","target":{"@type":"EntryPoint","urlTemplate":"https:\/\/etival.fr\/?s={search_term_string}"},"query-input":{"@type":"PropertyValueSpecification","valueRequired":true,"valueName":"search_term_string"}}],"inLanguage":"fr-FR"},{"@type":"Person","@id":"https:\/\/etival.fr\/#\/schema\/person\/966767531f422984430588510b8d4c3f","name":"Catherine","image":{"@type":"ImageObject","inLanguage":"fr-FR","@id":"https:\/\/etival.fr\/#\/schema\/person\/image\/","url":"https:\/\/secure.gravatar.com\/avatar\/b99eff3bf59bd614e6c532df451dc649?s=96&d=mm&r=g","contentUrl":"https:\/\/secure.gravatar.com\/avatar\/b99eff3bf59bd614e6c532df451dc649?s=96&d=mm&r=g","caption":"Catherine"},"url":"https:\/\/etival.fr\/?author=2"}]}},"_links":{"self":[{"href":"https:\/\/etival.fr\/index.php?rest_route=\/wp\/v2\/posts\/9853","targetHints":{"allow":["GET"]}}],"collection":[{"href":"https:\/\/etival.fr\/index.php?rest_route=\/wp\/v2\/posts"}],"about":[{"href":"https:\/\/etival.fr\/index.php?rest_route=\/wp\/v2\/types\/post"}],"author":[{"embeddable":true,"href":"https:\/\/etival.fr\/index.php?rest_route=\/wp\/v2\/users\/2"}],"replies":[{"embeddable":true,"href":"https:\/\/etival.fr\/index.php?rest_route=%2Fwp%2Fv2%2Fcomments&post=9853"}],"version-history":[{"count":2,"href":"https:\/\/etival.fr\/index.php?rest_route=\/wp\/v2\/posts\/9853\/revisions"}],"predecessor-version":[{"id":9862,"href":"https:\/\/etival.fr\/index.php?rest_route=\/wp\/v2\/posts\/9853\/revisions\/9862"}],"wp:attachment":[{"href":"https:\/\/etival.fr\/index.php?rest_route=%2Fwp%2Fv2%2Fmedia&parent=9853"}],"wp:term":[{"taxonomy":"category","embeddable":true,"href":"https:\/\/etival.fr\/index.php?rest_route=%2Fwp%2Fv2%2Fcategories&post=9853"},{"taxonomy":"post_tag","embeddable":true,"href":"https:\/\/etival.fr\/index.php?rest_route=%2Fwp%2Fv2%2Ftags&post=9853"}],"curies":[{"name":"wp","href":"https:\/\/api.w.org\/{rel}","templated":true}]}}