{"id":9920,"date":"2022-02-24T10:03:10","date_gmt":"2022-02-24T09:03:10","guid":{"rendered":"http:\/\/etival.fr\/?p=9920"},"modified":"2022-03-01T09:18:50","modified_gmt":"2022-03-01T08:18:50","slug":"donne-rosiers","status":"publish","type":"post","link":"https:\/\/etival.fr\/?p=9920","title":{"rendered":"Donne rosiers"},"content":{"rendered":"\n<div class=\"wp-block-image\"><figure class=\"alignleft size-large is-resized\"><a href=\"http:\/\/etival.fr\/wp-content\/uploads\/2022\/02\/rose-tendril-g427577d85_1920.png\"><img loading=\"lazy\" decoding=\"async\" src=\"http:\/\/etival.fr\/wp-content\/uploads\/2022\/02\/rose-tendril-g427577d85_1920-1024x903.png\" alt=\"\" class=\"wp-image-9922\" width=\"218\" height=\"190\"\/><\/a><\/figure><\/div>\n\n\n\n<p>Afin de ne pas jeter mais au contraire de donner une deuxi\u00e8me vie \u00e0 des plants, nous vous proposons de r\u00e9cup\u00e9rer des rosiers de type couvre-sols. (rouge &amp; rose)<\/p>\n\n\n\n<p>Si vous \u00eates int\u00e9ress\u00e9(e)(s), merci de vous inscrire en Mairie avant le jeudi 10 mars 2022.<\/p>\n\n\n\n<p>Renseignements au 03.29.41.29.57 <em>(de 9h \u00e0 12h)<\/em> <br>ou par mail \u00e0 communication@etival.fr  <br>(r\u00e9serv\u00e9 aux habitants d&rsquo;\u00c9tival-Clairefontaine)<\/p>\n","protected":false},"excerpt":{"rendered":"<p>Afin de ne pas jeter mais au contraire de donner une deuxi\u00e8me vie \u00e0 des plants, nous vous proposons de r\u00e9cup\u00e9rer des rosiers de type couvre-sols. (rouge &amp; rose) Si vous \u00eates int\u00e9ress\u00e9(e)(s), merci de vous inscrire en Mairie avant le jeudi 10 mars 2022. Renseignements au 03.29.41.29.57 (de 9h \u00e0 12h) ou par mail [&hellip;]<\/p>\n","protected":false},"author":2,"featured_media":0,"comment_status":"closed","ping_status":"open","sticky":false,"template":"","format":"standard","meta":{"footnotes":""},"categories":[6],"tags":[],"class_list":["post-9920","post","type-post","status-publish","format-standard","hentry","category-informations-municipales"],"yoast_head":"<!-- This site is optimized with the Yoast SEO plugin v26.8 - https:\/\/yoast.com\/product\/yoast-seo-wordpress\/ -->\n<title>Donne rosiers - Etival-Clairefontaine<\/title>\n<meta name=\"robots\" content=\"index, follow, max-snippet:-1, max-image-preview:large, max-video-preview:-1\" \/>\n<link rel=\"canonical\" href=\"https:\/\/etival.fr\/?p=9920\" \/>\n<meta property=\"og:locale\" content=\"fr_FR\" \/>\n<meta property=\"og:type\" content=\"article\" \/>\n<meta property=\"og:title\" content=\"Donne rosiers - Etival-Clairefontaine\" \/>\n<meta property=\"og:description\" content=\"Afin de ne pas jeter mais au contraire de donner une deuxi\u00e8me vie \u00e0 des plants, nous vous proposons de r\u00e9cup\u00e9rer des rosiers de type couvre-sols. (rouge &amp; rose) Si vous \u00eates int\u00e9ress\u00e9(e)(s), merci de vous inscrire en Mairie avant le jeudi 10 mars 2022. Renseignements au 03.29.41.29.57 (de 9h \u00e0 12h) ou par mail [&hellip;]\" \/>\n<meta property=\"og:url\" content=\"https:\/\/etival.fr\/?p=9920\" \/>\n<meta property=\"og:site_name\" content=\"Etival-Clairefontaine\" \/>\n<meta property=\"article:published_time\" content=\"2022-02-24T09:03:10+00:00\" \/>\n<meta property=\"article:modified_time\" content=\"2022-03-01T08:18:50+00:00\" \/>\n<meta property=\"og:image\" content=\"http:\/\/etival.fr\/wp-content\/uploads\/2022\/02\/rose-tendril-g427577d85_1920-1024x903.png\" \/>\n<meta name=\"author\" content=\"Catherine\" \/>\n<meta name=\"twitter:card\" content=\"summary_large_image\" \/>\n<meta name=\"twitter:label1\" content=\"\u00c9crit par\" \/>\n\t<meta name=\"twitter:data1\" content=\"Catherine\" \/>\n\t<meta name=\"twitter:label2\" content=\"Dur\u00e9e de lecture estim\u00e9e\" \/>\n\t<meta name=\"twitter:data2\" content=\"1 minute\" \/>\n<script type=\"application\/ld+json\" class=\"yoast-schema-graph\">{\"@context\":\"https:\/\/schema.org\",\"@graph\":[{\"@type\":\"Article\",\"@id\":\"https:\/\/etival.fr\/?p=9920#article\",\"isPartOf\":{\"@id\":\"https:\/\/etival.fr\/?p=9920\"},\"author\":{\"name\":\"Catherine\",\"@id\":\"https:\/\/etival.fr\/#\/schema\/person\/966767531f422984430588510b8d4c3f\"},\"headline\":\"Donne rosiers\",\"datePublished\":\"2022-02-24T09:03:10+00:00\",\"dateModified\":\"2022-03-01T08:18:50+00:00\",\"mainEntityOfPage\":{\"@id\":\"https:\/\/etival.fr\/?p=9920\"},\"wordCount\":67,\"image\":{\"@id\":\"https:\/\/etival.fr\/?p=9920#primaryimage\"},\"thumbnailUrl\":\"http:\/\/etival.fr\/wp-content\/uploads\/2022\/02\/rose-tendril-g427577d85_1920-1024x903.png\",\"articleSection\":[\"Informations Municipales\"],\"inLanguage\":\"fr-FR\"},{\"@type\":\"WebPage\",\"@id\":\"https:\/\/etival.fr\/?p=9920\",\"url\":\"https:\/\/etival.fr\/?p=9920\",\"name\":\"Donne rosiers - Etival-Clairefontaine\",\"isPartOf\":{\"@id\":\"https:\/\/etival.fr\/#website\"},\"primaryImageOfPage\":{\"@id\":\"https:\/\/etival.fr\/?p=9920#primaryimage\"},\"image\":{\"@id\":\"https:\/\/etival.fr\/?p=9920#primaryimage\"},\"thumbnailUrl\":\"http:\/\/etival.fr\/wp-content\/uploads\/2022\/02\/rose-tendril-g427577d85_1920-1024x903.png\",\"datePublished\":\"2022-02-24T09:03:10+00:00\",\"dateModified\":\"2022-03-01T08:18:50+00:00\",\"author\":{\"@id\":\"https:\/\/etival.fr\/#\/schema\/person\/966767531f422984430588510b8d4c3f\"},\"breadcrumb\":{\"@id\":\"https:\/\/etival.fr\/?p=9920#breadcrumb\"},\"inLanguage\":\"fr-FR\",\"potentialAction\":[{\"@type\":\"ReadAction\",\"target\":[\"https:\/\/etival.fr\/?p=9920\"]}]},{\"@type\":\"ImageObject\",\"inLanguage\":\"fr-FR\",\"@id\":\"https:\/\/etival.fr\/?p=9920#primaryimage\",\"url\":\"https:\/\/etival.fr\/wp-content\/uploads\/2022\/02\/rose-tendril-g427577d85_1920.png\",\"contentUrl\":\"https:\/\/etival.fr\/wp-content\/uploads\/2022\/02\/rose-tendril-g427577d85_1920.png\",\"width\":1920,\"height\":1694},{\"@type\":\"BreadcrumbList\",\"@id\":\"https:\/\/etival.fr\/?p=9920#breadcrumb\",\"itemListElement\":[{\"@type\":\"ListItem\",\"position\":1,\"name\":\"Accueil\",\"item\":\"https:\/\/etival.fr\/\"},{\"@type\":\"ListItem\",\"position\":2,\"name\":\"Donne rosiers\"}]},{\"@type\":\"WebSite\",\"@id\":\"https:\/\/etival.fr\/#website\",\"url\":\"https:\/\/etival.fr\/\",\"name\":\"Etival-Clairefontaine\",\"description\":\"Informations et actualit\u00e9s de la commune\",\"potentialAction\":[{\"@type\":\"SearchAction\",\"target\":{\"@type\":\"EntryPoint\",\"urlTemplate\":\"https:\/\/etival.fr\/?s={search_term_string}\"},\"query-input\":{\"@type\":\"PropertyValueSpecification\",\"valueRequired\":true,\"valueName\":\"search_term_string\"}}],\"inLanguage\":\"fr-FR\"},{\"@type\":\"Person\",\"@id\":\"https:\/\/etival.fr\/#\/schema\/person\/966767531f422984430588510b8d4c3f\",\"name\":\"Catherine\",\"image\":{\"@type\":\"ImageObject\",\"inLanguage\":\"fr-FR\",\"@id\":\"https:\/\/etival.fr\/#\/schema\/person\/image\/\",\"url\":\"https:\/\/secure.gravatar.com\/avatar\/b99eff3bf59bd614e6c532df451dc649?s=96&d=mm&r=g\",\"contentUrl\":\"https:\/\/secure.gravatar.com\/avatar\/b99eff3bf59bd614e6c532df451dc649?s=96&d=mm&r=g\",\"caption\":\"Catherine\"},\"url\":\"https:\/\/etival.fr\/?author=2\"}]}<\/script>\n<!-- \/ Yoast SEO plugin. -->","yoast_head_json":{"title":"Donne rosiers - Etival-Clairefontaine","robots":{"index":"index","follow":"follow","max-snippet":"max-snippet:-1","max-image-preview":"max-image-preview:large","max-video-preview":"max-video-preview:-1"},"canonical":"https:\/\/etival.fr\/?p=9920","og_locale":"fr_FR","og_type":"article","og_title":"Donne rosiers - Etival-Clairefontaine","og_description":"Afin de ne pas jeter mais au contraire de donner une deuxi\u00e8me vie \u00e0 des plants, nous vous proposons de r\u00e9cup\u00e9rer des rosiers de type couvre-sols. (rouge &amp; rose) Si vous \u00eates int\u00e9ress\u00e9(e)(s), merci de vous inscrire en Mairie avant le jeudi 10 mars 2022. Renseignements au 03.29.41.29.57 (de 9h \u00e0 12h) ou par mail [&hellip;]","og_url":"https:\/\/etival.fr\/?p=9920","og_site_name":"Etival-Clairefontaine","article_published_time":"2022-02-24T09:03:10+00:00","article_modified_time":"2022-03-01T08:18:50+00:00","og_image":[{"url":"http:\/\/etival.fr\/wp-content\/uploads\/2022\/02\/rose-tendril-g427577d85_1920-1024x903.png","type":"","width":"","height":""}],"author":"Catherine","twitter_card":"summary_large_image","twitter_misc":{"\u00c9crit par":"Catherine","Dur\u00e9e de lecture estim\u00e9e":"1 minute"},"schema":{"@context":"https:\/\/schema.org","@graph":[{"@type":"Article","@id":"https:\/\/etival.fr\/?p=9920#article","isPartOf":{"@id":"https:\/\/etival.fr\/?p=9920"},"author":{"name":"Catherine","@id":"https:\/\/etival.fr\/#\/schema\/person\/966767531f422984430588510b8d4c3f"},"headline":"Donne rosiers","datePublished":"2022-02-24T09:03:10+00:00","dateModified":"2022-03-01T08:18:50+00:00","mainEntityOfPage":{"@id":"https:\/\/etival.fr\/?p=9920"},"wordCount":67,"image":{"@id":"https:\/\/etival.fr\/?p=9920#primaryimage"},"thumbnailUrl":"http:\/\/etival.fr\/wp-content\/uploads\/2022\/02\/rose-tendril-g427577d85_1920-1024x903.png","articleSection":["Informations Municipales"],"inLanguage":"fr-FR"},{"@type":"WebPage","@id":"https:\/\/etival.fr\/?p=9920","url":"https:\/\/etival.fr\/?p=9920","name":"Donne rosiers - Etival-Clairefontaine","isPartOf":{"@id":"https:\/\/etival.fr\/#website"},"primaryImageOfPage":{"@id":"https:\/\/etival.fr\/?p=9920#primaryimage"},"image":{"@id":"https:\/\/etival.fr\/?p=9920#primaryimage"},"thumbnailUrl":"http:\/\/etival.fr\/wp-content\/uploads\/2022\/02\/rose-tendril-g427577d85_1920-1024x903.png","datePublished":"2022-02-24T09:03:10+00:00","dateModified":"2022-03-01T08:18:50+00:00","author":{"@id":"https:\/\/etival.fr\/#\/schema\/person\/966767531f422984430588510b8d4c3f"},"breadcrumb":{"@id":"https:\/\/etival.fr\/?p=9920#breadcrumb"},"inLanguage":"fr-FR","potentialAction":[{"@type":"ReadAction","target":["https:\/\/etival.fr\/?p=9920"]}]},{"@type":"ImageObject","inLanguage":"fr-FR","@id":"https:\/\/etival.fr\/?p=9920#primaryimage","url":"https:\/\/etival.fr\/wp-content\/uploads\/2022\/02\/rose-tendril-g427577d85_1920.png","contentUrl":"https:\/\/etival.fr\/wp-content\/uploads\/2022\/02\/rose-tendril-g427577d85_1920.png","width":1920,"height":1694},{"@type":"BreadcrumbList","@id":"https:\/\/etival.fr\/?p=9920#breadcrumb","itemListElement":[{"@type":"ListItem","position":1,"name":"Accueil","item":"https:\/\/etival.fr\/"},{"@type":"ListItem","position":2,"name":"Donne rosiers"}]},{"@type":"WebSite","@id":"https:\/\/etival.fr\/#website","url":"https:\/\/etival.fr\/","name":"Etival-Clairefontaine","description":"Informations et actualit\u00e9s de la commune","potentialAction":[{"@type":"SearchAction","target":{"@type":"EntryPoint","urlTemplate":"https:\/\/etival.fr\/?s={search_term_string}"},"query-input":{"@type":"PropertyValueSpecification","valueRequired":true,"valueName":"search_term_string"}}],"inLanguage":"fr-FR"},{"@type":"Person","@id":"https:\/\/etival.fr\/#\/schema\/person\/966767531f422984430588510b8d4c3f","name":"Catherine","image":{"@type":"ImageObject","inLanguage":"fr-FR","@id":"https:\/\/etival.fr\/#\/schema\/person\/image\/","url":"https:\/\/secure.gravatar.com\/avatar\/b99eff3bf59bd614e6c532df451dc649?s=96&d=mm&r=g","contentUrl":"https:\/\/secure.gravatar.com\/avatar\/b99eff3bf59bd614e6c532df451dc649?s=96&d=mm&r=g","caption":"Catherine"},"url":"https:\/\/etival.fr\/?author=2"}]}},"_links":{"self":[{"href":"https:\/\/etival.fr\/index.php?rest_route=\/wp\/v2\/posts\/9920","targetHints":{"allow":["GET"]}}],"collection":[{"href":"https:\/\/etival.fr\/index.php?rest_route=\/wp\/v2\/posts"}],"about":[{"href":"https:\/\/etival.fr\/index.php?rest_route=\/wp\/v2\/types\/post"}],"author":[{"embeddable":true,"href":"https:\/\/etival.fr\/index.php?rest_route=\/wp\/v2\/users\/2"}],"replies":[{"embeddable":true,"href":"https:\/\/etival.fr\/index.php?rest_route=%2Fwp%2Fv2%2Fcomments&post=9920"}],"version-history":[{"count":4,"href":"https:\/\/etival.fr\/index.php?rest_route=\/wp\/v2\/posts\/9920\/revisions"}],"predecessor-version":[{"id":9930,"href":"https:\/\/etival.fr\/index.php?rest_route=\/wp\/v2\/posts\/9920\/revisions\/9930"}],"wp:attachment":[{"href":"https:\/\/etival.fr\/index.php?rest_route=%2Fwp%2Fv2%2Fmedia&parent=9920"}],"wp:term":[{"taxonomy":"category","embeddable":true,"href":"https:\/\/etival.fr\/index.php?rest_route=%2Fwp%2Fv2%2Fcategories&post=9920"},{"taxonomy":"post_tag","embeddable":true,"href":"https:\/\/etival.fr\/index.php?rest_route=%2Fwp%2Fv2%2Ftags&post=9920"}],"curies":[{"name":"wp","href":"https:\/\/api.w.org\/{rel}","templated":true}]}}