{"id":9959,"date":"2022-03-07T10:27:47","date_gmt":"2022-03-07T09:27:47","guid":{"rendered":"http:\/\/etival.fr\/?p=9959"},"modified":"2022-03-07T10:28:05","modified_gmt":"2022-03-07T09:28:05","slug":"projets-du-conseil-departemental-des-vosges-sur-les-thematiques-des-haies-et-de-lagroforesterie","status":"publish","type":"post","link":"https:\/\/etival.fr\/?p=9959","title":{"rendered":"Projets du Conseil D\u00e9partemental des Vosges sur les th\u00e9matiques des haies et de l\u2019agroforesterie"},"content":{"rendered":"\n<figure class=\"wp-block-image size-large\"><a href=\"http:\/\/etival.fr\/wp-content\/uploads\/2022\/03\/2022_PDH_Affiche_A3-scaled.jpg\"><img loading=\"lazy\" decoding=\"async\" width=\"734\" height=\"1024\" src=\"http:\/\/etival.fr\/wp-content\/uploads\/2022\/03\/2022_PDH_Affiche_A3-734x1024.jpg\" alt=\"\" class=\"wp-image-9960\" srcset=\"https:\/\/etival.fr\/wp-content\/uploads\/2022\/03\/2022_PDH_Affiche_A3-734x1024.jpg 734w, https:\/\/etival.fr\/wp-content\/uploads\/2022\/03\/2022_PDH_Affiche_A3-215x300.jpg 215w, https:\/\/etival.fr\/wp-content\/uploads\/2022\/03\/2022_PDH_Affiche_A3-768x1071.jpg 768w, https:\/\/etival.fr\/wp-content\/uploads\/2022\/03\/2022_PDH_Affiche_A3-1101x1536.jpg 1101w, https:\/\/etival.fr\/wp-content\/uploads\/2022\/03\/2022_PDH_Affiche_A3-1468x2048.jpg 1468w, https:\/\/etival.fr\/wp-content\/uploads\/2022\/03\/2022_PDH_Affiche_A3-624x870.jpg 624w, https:\/\/etival.fr\/wp-content\/uploads\/2022\/03\/2022_PDH_Affiche_A3-scaled.jpg 1836w\" sizes=\"auto, (max-width: 734px) 100vw, 734px\" \/><\/a><\/figure>\n","protected":false},"excerpt":{"rendered":"","protected":false},"author":2,"featured_media":0,"comment_status":"closed","ping_status":"open","sticky":false,"template":"","format":"standard","meta":{"footnotes":""},"categories":[7],"tags":[],"class_list":["post-9959","post","type-post","status-publish","format-standard","hentry","category-divers"],"yoast_head":"<!-- This site is optimized with the Yoast SEO plugin v26.8 - https:\/\/yoast.com\/product\/yoast-seo-wordpress\/ -->\n<title>Projets du Conseil D\u00e9partemental des Vosges sur les th\u00e9matiques des haies et de l\u2019agroforesterie - Etival-Clairefontaine<\/title>\n<meta name=\"robots\" content=\"index, follow, max-snippet:-1, max-image-preview:large, max-video-preview:-1\" \/>\n<link rel=\"canonical\" href=\"https:\/\/etival.fr\/?p=9959\" \/>\n<meta property=\"og:locale\" content=\"fr_FR\" \/>\n<meta property=\"og:type\" content=\"article\" \/>\n<meta property=\"og:title\" content=\"Projets du Conseil D\u00e9partemental des Vosges sur les th\u00e9matiques des haies et de l\u2019agroforesterie - Etival-Clairefontaine\" \/>\n<meta property=\"og:url\" content=\"https:\/\/etival.fr\/?p=9959\" \/>\n<meta property=\"og:site_name\" content=\"Etival-Clairefontaine\" \/>\n<meta property=\"article:published_time\" content=\"2022-03-07T09:27:47+00:00\" \/>\n<meta property=\"article:modified_time\" content=\"2022-03-07T09:28:05+00:00\" \/>\n<meta property=\"og:image\" content=\"http:\/\/etival.fr\/wp-content\/uploads\/2022\/03\/2022_PDH_Affiche_A3-734x1024.jpg\" \/>\n<meta name=\"author\" content=\"Catherine\" \/>\n<meta name=\"twitter:card\" content=\"summary_large_image\" \/>\n<meta name=\"twitter:label1\" content=\"\u00c9crit par\" \/>\n\t<meta name=\"twitter:data1\" content=\"Catherine\" \/>\n\t<meta name=\"twitter:label2\" content=\"Dur\u00e9e de lecture estim\u00e9e\" \/>\n\t<meta name=\"twitter:data2\" content=\"1 minute\" \/>\n<script type=\"application\/ld+json\" class=\"yoast-schema-graph\">{\"@context\":\"https:\/\/schema.org\",\"@graph\":[{\"@type\":\"Article\",\"@id\":\"https:\/\/etival.fr\/?p=9959#article\",\"isPartOf\":{\"@id\":\"https:\/\/etival.fr\/?p=9959\"},\"author\":{\"name\":\"Catherine\",\"@id\":\"https:\/\/etival.fr\/#\/schema\/person\/966767531f422984430588510b8d4c3f\"},\"headline\":\"Projets du Conseil D\u00e9partemental des Vosges sur les th\u00e9matiques des haies et de l\u2019agroforesterie\",\"datePublished\":\"2022-03-07T09:27:47+00:00\",\"dateModified\":\"2022-03-07T09:28:05+00:00\",\"mainEntityOfPage\":{\"@id\":\"https:\/\/etival.fr\/?p=9959\"},\"wordCount\":17,\"image\":{\"@id\":\"https:\/\/etival.fr\/?p=9959#primaryimage\"},\"thumbnailUrl\":\"http:\/\/etival.fr\/wp-content\/uploads\/2022\/03\/2022_PDH_Affiche_A3-734x1024.jpg\",\"articleSection\":[\"Divers\"],\"inLanguage\":\"fr-FR\"},{\"@type\":\"WebPage\",\"@id\":\"https:\/\/etival.fr\/?p=9959\",\"url\":\"https:\/\/etival.fr\/?p=9959\",\"name\":\"Projets du Conseil D\u00e9partemental des Vosges sur les th\u00e9matiques des haies et de l\u2019agroforesterie - Etival-Clairefontaine\",\"isPartOf\":{\"@id\":\"https:\/\/etival.fr\/#website\"},\"primaryImageOfPage\":{\"@id\":\"https:\/\/etival.fr\/?p=9959#primaryimage\"},\"image\":{\"@id\":\"https:\/\/etival.fr\/?p=9959#primaryimage\"},\"thumbnailUrl\":\"http:\/\/etival.fr\/wp-content\/uploads\/2022\/03\/2022_PDH_Affiche_A3-734x1024.jpg\",\"datePublished\":\"2022-03-07T09:27:47+00:00\",\"dateModified\":\"2022-03-07T09:28:05+00:00\",\"author\":{\"@id\":\"https:\/\/etival.fr\/#\/schema\/person\/966767531f422984430588510b8d4c3f\"},\"breadcrumb\":{\"@id\":\"https:\/\/etival.fr\/?p=9959#breadcrumb\"},\"inLanguage\":\"fr-FR\",\"potentialAction\":[{\"@type\":\"ReadAction\",\"target\":[\"https:\/\/etival.fr\/?p=9959\"]}]},{\"@type\":\"ImageObject\",\"inLanguage\":\"fr-FR\",\"@id\":\"https:\/\/etival.fr\/?p=9959#primaryimage\",\"url\":\"https:\/\/etival.fr\/wp-content\/uploads\/2022\/03\/2022_PDH_Affiche_A3-scaled.jpg\",\"contentUrl\":\"https:\/\/etival.fr\/wp-content\/uploads\/2022\/03\/2022_PDH_Affiche_A3-scaled.jpg\",\"width\":1836,\"height\":2560},{\"@type\":\"BreadcrumbList\",\"@id\":\"https:\/\/etival.fr\/?p=9959#breadcrumb\",\"itemListElement\":[{\"@type\":\"ListItem\",\"position\":1,\"name\":\"Accueil\",\"item\":\"https:\/\/etival.fr\/\"},{\"@type\":\"ListItem\",\"position\":2,\"name\":\"Projets du Conseil D\u00e9partemental des Vosges sur les th\u00e9matiques des haies et de l\u2019agroforesterie\"}]},{\"@type\":\"WebSite\",\"@id\":\"https:\/\/etival.fr\/#website\",\"url\":\"https:\/\/etival.fr\/\",\"name\":\"Etival-Clairefontaine\",\"description\":\"Informations et actualit\u00e9s de la commune\",\"potentialAction\":[{\"@type\":\"SearchAction\",\"target\":{\"@type\":\"EntryPoint\",\"urlTemplate\":\"https:\/\/etival.fr\/?s={search_term_string}\"},\"query-input\":{\"@type\":\"PropertyValueSpecification\",\"valueRequired\":true,\"valueName\":\"search_term_string\"}}],\"inLanguage\":\"fr-FR\"},{\"@type\":\"Person\",\"@id\":\"https:\/\/etival.fr\/#\/schema\/person\/966767531f422984430588510b8d4c3f\",\"name\":\"Catherine\",\"image\":{\"@type\":\"ImageObject\",\"inLanguage\":\"fr-FR\",\"@id\":\"https:\/\/etival.fr\/#\/schema\/person\/image\/\",\"url\":\"https:\/\/secure.gravatar.com\/avatar\/b99eff3bf59bd614e6c532df451dc649?s=96&d=mm&r=g\",\"contentUrl\":\"https:\/\/secure.gravatar.com\/avatar\/b99eff3bf59bd614e6c532df451dc649?s=96&d=mm&r=g\",\"caption\":\"Catherine\"},\"url\":\"https:\/\/etival.fr\/?author=2\"}]}<\/script>\n<!-- \/ Yoast SEO plugin. -->","yoast_head_json":{"title":"Projets du Conseil D\u00e9partemental des Vosges sur les th\u00e9matiques des haies et de l\u2019agroforesterie - Etival-Clairefontaine","robots":{"index":"index","follow":"follow","max-snippet":"max-snippet:-1","max-image-preview":"max-image-preview:large","max-video-preview":"max-video-preview:-1"},"canonical":"https:\/\/etival.fr\/?p=9959","og_locale":"fr_FR","og_type":"article","og_title":"Projets du Conseil D\u00e9partemental des Vosges sur les th\u00e9matiques des haies et de l\u2019agroforesterie - Etival-Clairefontaine","og_url":"https:\/\/etival.fr\/?p=9959","og_site_name":"Etival-Clairefontaine","article_published_time":"2022-03-07T09:27:47+00:00","article_modified_time":"2022-03-07T09:28:05+00:00","og_image":[{"url":"http:\/\/etival.fr\/wp-content\/uploads\/2022\/03\/2022_PDH_Affiche_A3-734x1024.jpg","type":"","width":"","height":""}],"author":"Catherine","twitter_card":"summary_large_image","twitter_misc":{"\u00c9crit par":"Catherine","Dur\u00e9e de lecture estim\u00e9e":"1 minute"},"schema":{"@context":"https:\/\/schema.org","@graph":[{"@type":"Article","@id":"https:\/\/etival.fr\/?p=9959#article","isPartOf":{"@id":"https:\/\/etival.fr\/?p=9959"},"author":{"name":"Catherine","@id":"https:\/\/etival.fr\/#\/schema\/person\/966767531f422984430588510b8d4c3f"},"headline":"Projets du Conseil D\u00e9partemental des Vosges sur les th\u00e9matiques des haies et de l\u2019agroforesterie","datePublished":"2022-03-07T09:27:47+00:00","dateModified":"2022-03-07T09:28:05+00:00","mainEntityOfPage":{"@id":"https:\/\/etival.fr\/?p=9959"},"wordCount":17,"image":{"@id":"https:\/\/etival.fr\/?p=9959#primaryimage"},"thumbnailUrl":"http:\/\/etival.fr\/wp-content\/uploads\/2022\/03\/2022_PDH_Affiche_A3-734x1024.jpg","articleSection":["Divers"],"inLanguage":"fr-FR"},{"@type":"WebPage","@id":"https:\/\/etival.fr\/?p=9959","url":"https:\/\/etival.fr\/?p=9959","name":"Projets du Conseil D\u00e9partemental des Vosges sur les th\u00e9matiques des haies et de l\u2019agroforesterie - Etival-Clairefontaine","isPartOf":{"@id":"https:\/\/etival.fr\/#website"},"primaryImageOfPage":{"@id":"https:\/\/etival.fr\/?p=9959#primaryimage"},"image":{"@id":"https:\/\/etival.fr\/?p=9959#primaryimage"},"thumbnailUrl":"http:\/\/etival.fr\/wp-content\/uploads\/2022\/03\/2022_PDH_Affiche_A3-734x1024.jpg","datePublished":"2022-03-07T09:27:47+00:00","dateModified":"2022-03-07T09:28:05+00:00","author":{"@id":"https:\/\/etival.fr\/#\/schema\/person\/966767531f422984430588510b8d4c3f"},"breadcrumb":{"@id":"https:\/\/etival.fr\/?p=9959#breadcrumb"},"inLanguage":"fr-FR","potentialAction":[{"@type":"ReadAction","target":["https:\/\/etival.fr\/?p=9959"]}]},{"@type":"ImageObject","inLanguage":"fr-FR","@id":"https:\/\/etival.fr\/?p=9959#primaryimage","url":"https:\/\/etival.fr\/wp-content\/uploads\/2022\/03\/2022_PDH_Affiche_A3-scaled.jpg","contentUrl":"https:\/\/etival.fr\/wp-content\/uploads\/2022\/03\/2022_PDH_Affiche_A3-scaled.jpg","width":1836,"height":2560},{"@type":"BreadcrumbList","@id":"https:\/\/etival.fr\/?p=9959#breadcrumb","itemListElement":[{"@type":"ListItem","position":1,"name":"Accueil","item":"https:\/\/etival.fr\/"},{"@type":"ListItem","position":2,"name":"Projets du Conseil D\u00e9partemental des Vosges sur les th\u00e9matiques des haies et de l\u2019agroforesterie"}]},{"@type":"WebSite","@id":"https:\/\/etival.fr\/#website","url":"https:\/\/etival.fr\/","name":"Etival-Clairefontaine","description":"Informations et actualit\u00e9s de la commune","potentialAction":[{"@type":"SearchAction","target":{"@type":"EntryPoint","urlTemplate":"https:\/\/etival.fr\/?s={search_term_string}"},"query-input":{"@type":"PropertyValueSpecification","valueRequired":true,"valueName":"search_term_string"}}],"inLanguage":"fr-FR"},{"@type":"Person","@id":"https:\/\/etival.fr\/#\/schema\/person\/966767531f422984430588510b8d4c3f","name":"Catherine","image":{"@type":"ImageObject","inLanguage":"fr-FR","@id":"https:\/\/etival.fr\/#\/schema\/person\/image\/","url":"https:\/\/secure.gravatar.com\/avatar\/b99eff3bf59bd614e6c532df451dc649?s=96&d=mm&r=g","contentUrl":"https:\/\/secure.gravatar.com\/avatar\/b99eff3bf59bd614e6c532df451dc649?s=96&d=mm&r=g","caption":"Catherine"},"url":"https:\/\/etival.fr\/?author=2"}]}},"_links":{"self":[{"href":"https:\/\/etival.fr\/index.php?rest_route=\/wp\/v2\/posts\/9959","targetHints":{"allow":["GET"]}}],"collection":[{"href":"https:\/\/etival.fr\/index.php?rest_route=\/wp\/v2\/posts"}],"about":[{"href":"https:\/\/etival.fr\/index.php?rest_route=\/wp\/v2\/types\/post"}],"author":[{"embeddable":true,"href":"https:\/\/etival.fr\/index.php?rest_route=\/wp\/v2\/users\/2"}],"replies":[{"embeddable":true,"href":"https:\/\/etival.fr\/index.php?rest_route=%2Fwp%2Fv2%2Fcomments&post=9959"}],"version-history":[{"count":1,"href":"https:\/\/etival.fr\/index.php?rest_route=\/wp\/v2\/posts\/9959\/revisions"}],"predecessor-version":[{"id":9961,"href":"https:\/\/etival.fr\/index.php?rest_route=\/wp\/v2\/posts\/9959\/revisions\/9961"}],"wp:attachment":[{"href":"https:\/\/etival.fr\/index.php?rest_route=%2Fwp%2Fv2%2Fmedia&parent=9959"}],"wp:term":[{"taxonomy":"category","embeddable":true,"href":"https:\/\/etival.fr\/index.php?rest_route=%2Fwp%2Fv2%2Fcategories&post=9959"},{"taxonomy":"post_tag","embeddable":true,"href":"https:\/\/etival.fr\/index.php?rest_route=%2Fwp%2Fv2%2Ftags&post=9959"}],"curies":[{"name":"wp","href":"https:\/\/api.w.org\/{rel}","templated":true}]}}